{"id":70276,"date":"2019-12-15T06:35:39","date_gmt":"2019-12-15T11:35:39","guid":{"rendered":"https:\/\/linitiative.ca\/International\/vers-un-conseil-municipal-des-enfants\/"},"modified":"2019-12-15T06:35:39","modified_gmt":"2019-12-15T11:35:39","slug":"vers-un-conseil-municipal-des-enfants","status":"publish","type":"post","link":"https:\/\/linitiative.ca\/International\/vers-un-conseil-municipal-des-enfants\/","title":{"rendered":"Vers un Conseil municipal des enfants"},"content":{"rendered":"<div readability=\"35\">\n<p>Essaouira \u2013 Une r\u00e9union d\u00e9di\u00e9e \u00e0 la pr\u00e9sentation du projet \u00ab\u00a0Conseil municipal des enfants d\u2019Essaouira\u00a0\u00bb a \u00e9t\u00e9 tenue r\u00e9cemment dans la cit\u00e9 des Aliz\u00e9s et ce, \u00e0 l\u2019initiative du Conseil municipal de la ville.<\/p>\n<\/div>\n<div readability=\"109\">\n<p>Place sous le th\u00e8me \u00ab\u00a0Essaouira, ville amie des enfants\u00a0\u00bb, cette r\u00e9union fait suite \u00e0 une sollicitation formul\u00e9e par \u00ab\u00a0l\u2019Association Bayti\u00a0\u00bb sur la base du projet de mise en oeuvre d\u2019une instance citoyenne de repr\u00e9sentation des enfants d\u2019Essaouira, tenue par les enfants eux-m\u00eames.<\/p>\n<p>Intervenant \u00e0 cette occasion, M. Hicham Jebbari, pr\u00e9sident du conseil municipal, s\u2019est r\u00e9f\u00e9r\u00e9 aux dispositions de la Constitution de 2011 ainsi qu\u2019aux Hautes Orientations Royales pour rappeler le cadre juridique et l\u00e9gislatif concernant la protection des enfants, avec un accent particulier mis sur l\u2019importance de la promotion de la d\u00e9mocratie participative comme outil d\u2019une meilleure implication des citoyens, en g\u00e9n\u00e9ral, et des enfants, en particulier, dans la gestion de la chose locale.<\/p>\n<p>Par la m\u00eame occasion, il a mis en lumi\u00e8re l\u2019ouverture politique et l\u2019engagement du Conseil municipal de la cit\u00e9 des Aliz\u00e9s \u00e0 appuyer et \u00e0 promouvoir toute initiative citoyenne visant la promotion de la d\u00e9mocratie participative, mettant en avant la pertinence de la participation des enfants, dans le cadre d\u2019une approche novatrice, \u00e0 m\u00eame de mettre sur pied une instance effective d\u00e9di\u00e9e \u00e0 cette frange de la soci\u00e9t\u00e9.<\/p>\n<p>Le repr\u00e9sentant des autorit\u00e9s provinciales a engag\u00e9 la r\u00e9flexion sur l\u2019efficacit\u00e9 de l\u2019approche participative dans tous les domaines de la soci\u00e9t\u00e9, citant plusieurs exemples via moult exp\u00e9riences r\u00e9ussies \u00e0 travers le monde.<\/p>\n<p>Il a, en outre, rappel\u00e9 les Hautes Orientations de Sa Majest\u00e9 le Roi Mohammed VI pour la promotion des droits de l\u2019Homme et de l\u2019enfant, r\u00e9it\u00e9rant l\u2019appui des autorit\u00e9s provinciales \u00e0 cette initiative.<\/p>\n<p>M. Hassan El Kadiri, Coordinateur de l\u2019association Bayti-Essaouira a, quant \u00e0 lui, donn\u00e9 un aper\u00e7u d\u00e9taill\u00e9 sur le dispositif soutenu par l\u2019Ambassade de France au Maroc, dans le cadre de son appel \u00e0 projet baptis\u00e9 \u00ab\u00a0Soutien \u00e0 la jeunesse en situation pr\u00e9caire\u00a0\u00bb.<\/p>\n<p>Sur le projet \u00ab\u00a0Conseil municipal des enfants d\u2019Essaouira\u00a0\u00bb, il a fait savoir qu\u2019il s\u2019inscrit dans le cadre de cette volont\u00e9 de faire entendre la voix des enfants, en leur permettant d\u2019exprimer leurs opinions et de faire connaitre et reconna\u00eetre leurs droits \u00e0 l\u2019\u00e9chelle locale.<\/p>\n<p>\u00ab\u00a0L\u2019association Bayti est engag\u00e9e dans la promotion des droits de l\u2019enfant reconnus universellement par la Convention internationale des droits enfants et ses protocoles facultatifs\u00a0\u00bb, a-t-il tenu \u00e0 rappeler.<\/p>\n<p>A noter que le projet \u00ab\u00a0Conseil municipal des enfants d\u2019Essaouira\u00a0\u00bb se donne pour missions notamment de d\u00e9velopper le sens des devoirs et des responsabilit\u00e9s des enfants vis-\u00e0-vis de la soci\u00e9t\u00e9, d\u2019accompagner les enfants en vue de consolider leur autonomie et promouvoir leur citoyennet\u00e9, de raffermir leur attachement \u00e0 la m\u00e8re-patrie, et de leur offrir l\u2019opportunit\u00e9 d\u2019exprimer leurs besoins par l\u2019interm\u00e9diaire de leurs repr\u00e9sentants au Conseil.<\/p>\n<p>Ce projet vise aussi \u00e0 permettre aux enfants de d\u00e9velopper les comp\u00e9tences et capacit\u00e9s de leadership, de nouer et consolider des liens d\u2019amiti\u00e9 entre les diff\u00e9rents enfants de la cit\u00e9 des Aliz\u00e9s et ceux d\u2019autres villes du Royaume ou issus de pays \u00e9trangers.<\/p>\n<p>La r\u00e9union a \u00e9t\u00e9 rehauss\u00e9e par la pr\u00e9sence de plusieurs personnalit\u00e9s, des repr\u00e9sentants d\u2019institutions ainsi que de plusieurs acteurs associatifs \u0153uvrant dans le domaine de la protection de l\u2019enfance et de la jeunesse.<\/p>\n<\/div>\n<p>Auteur: Meriem IGASS<br \/>\n<a href=\"http:\/\/www.mapmarrakech.ma\/fr\/enfants-3\/\">Cliquez ici pour lire l&rsquo;article depuis sa source.<\/a><\/p>\n","protected":false},"excerpt":{"rendered":"<p>Essaouira \u2013 Une r\u00e9union d\u00e9di\u00e9e \u00e0 la pr\u00e9sentation du projet \u00ab\u00a0Conseil municipal des enfants d\u2019Essaouira\u00a0\u00bb a \u00e9t\u00e9 tenue r\u00e9cemment dans la cit\u00e9 des Aliz\u00e9s et ce, \u00e0 l\u2019initiative du Conseil municipal de la ville. Place sous le th\u00e8me \u00ab\u00a0Essaouira, ville amie des enfants\u00a0\u00bb, cette r\u00e9union fait suite \u00e0 une sollicitation formul\u00e9e par \u00ab\u00a0l\u2019Association Bayti\u00a0\u00bb sur [&hellip;]<\/p>\n","protected":false},"author":1788,"featured_media":0,"comment_status":"closed","ping_status":"closed","sticky":false,"template":"","format":"standard","meta":{"fifu_image_url":"","fifu_image_alt":"","footnotes":""},"categories":[54,76],"tags":[],"class_list":["post-70276","post","type-post","status-publish","format-standard","hentry","category-maroc","category-regions"],"_links":{"self":[{"href":"https:\/\/linitiative.ca\/International\/wp-json\/wp\/v2\/posts\/70276","targetHints":{"allow":["GET"]}}],"collection":[{"href":"https:\/\/linitiative.ca\/International\/wp-json\/wp\/v2\/posts"}],"about":[{"href":"https:\/\/linitiative.ca\/International\/wp-json\/wp\/v2\/types\/post"}],"author":[{"embeddable":true,"href":"https:\/\/linitiative.ca\/International\/wp-json\/wp\/v2\/users\/1788"}],"replies":[{"embeddable":true,"href":"https:\/\/linitiative.ca\/International\/wp-json\/wp\/v2\/comments?post=70276"}],"version-history":[{"count":0,"href":"https:\/\/linitiative.ca\/International\/wp-json\/wp\/v2\/posts\/70276\/revisions"}],"wp:attachment":[{"href":"https:\/\/linitiative.ca\/International\/wp-json\/wp\/v2\/media?parent=70276"}],"wp:term":[{"taxonomy":"category","embeddable":true,"href":"https:\/\/linitiative.ca\/International\/wp-json\/wp\/v2\/categories?post=70276"},{"taxonomy":"post_tag","embeddable":true,"href":"https:\/\/linitiative.ca\/International\/wp-json\/wp\/v2\/tags?post=70276"}],"curies":[{"name":"wp","href":"https:\/\/api.w.org\/{rel}","templated":true}]}}