{"id":70277,"date":"2019-12-15T07:01:28","date_gmt":"2019-12-15T12:01:28","guid":{"rendered":"https:\/\/linitiative.ca\/International\/mogajeunes-au-chevet-des-demunis-dait-daoud\/"},"modified":"2019-12-15T07:01:28","modified_gmt":"2019-12-15T12:01:28","slug":"mogajeunes-au-chevet-des-demunis-dait-daoud","status":"publish","type":"post","link":"https:\/\/linitiative.ca\/International\/mogajeunes-au-chevet-des-demunis-dait-daoud\/","title":{"rendered":"\u00ab\u00a0Moga\u2019Jeunes\u00a0\u00bb au chevet des d\u00e9munis d\u2019Ait Daoud"},"content":{"rendered":"<div readability=\"38\">\n<p>Essaouira \u2013 Un groupe de jeunes souiris issus de l\u2019association \u00ab\u00a0Moga\u2019Jeunes\u00a0\u00bb, a initi\u00e9, le weekend dans la commune rurale de Ait Daoud relevant de la province d\u2019Essaouira, une action caritative et solidaire portant sur la distribution de v\u00eatements chauds au profit de jeunes \u00e9coliers et leurs parents en situation pr\u00e9caire.<\/p>\n<\/div>\n<div readability=\"91\">\n<p>Cette action humaine et solidaire, initi\u00e9e en partenariat avec les Associations \u00ab\u00a0Marocains Pluriels\u00a0\u00bb, \u00ab\u00a0Essaouira-Mogador\u00a0\u00bb, \u00ab\u00a0Saqala\u00a0\u00bb et \u00ab\u00a0109\u00a0\u00bb, vise \u00e0 assister et \u00e0 appuyer les personnes cibl\u00e9es \u00e0 surmonter les difficult\u00e9s et \u00e0 att\u00e9nuer leurs souffrances en cette p\u00e9riode hivernale.<\/p>\n<p>Elle s\u2019inscrit dans le cadre des efforts inlassables d\u00e9ploy\u00e9s \u00e0 l\u2019\u00e9chelle locale par plusieurs acteurs en vue d\u2019am\u00e9liorer les conditions de vie et de travail des personnes d\u00e9munies, et \u00e0 promouvoir \u00e0 plus grande \u00e9chelle, les valeurs d\u2019entraide, de solidarit\u00e9 et de citoyennet\u00e9 effective.<\/p>\n<p>Ainsi, dans une ambiance conviviale, il a \u00e9t\u00e9 proc\u00e9d\u00e9 \u00e0 la distribution de v\u00eatements chauds au profit d\u2019une centaine de b\u00e9n\u00e9ficiaires parmi les jeunes \u00e9coliers et leurs parents de la commune rurale d\u2019Ait Daoud.<\/p>\n<p>\u00ab\u00a0C\u2019\u00e9tait de notre responsabilit\u00e9 \u00e0 tous de fouiller nos armoires, revoir nos v\u00eatements, ceux de nos parents, de nos fr\u00e8res, de nos soeurs, de nos enfants, de nos familles et de solliciter nos amis et nos voisins, \u00e0 s\u2019associer tous \u00e0 cette initiative humaine et solidaire\u00a0\u00bb, a confi\u00e9 \u00e0 la MAP, Othmane Mazzine, pr\u00e9sident de l\u2019Association Moga\u2019Jeunes.<\/p>\n<p>Ce genre d\u2019initiatives est \u00e0 multiplier et \u00e0 encourager \u00e0 l\u2019adresse des n\u00e9cessiteux et des enfants de l\u2019arri\u00e8re-pays qui sont dans l\u2019extr\u00eame n\u00e9cessit\u00e9 de se prot\u00e9ger contre cette vague de froid intense, a-t-il insist\u00e9, notant que cette initiative, comme d\u2019autres, traduit cet engagement sans faille de l\u2019Association Moga\u2019Jeunes \u00e0 faire des valeurs de citoyennet\u00e9 et de solidarit\u00e9 une r\u00e9alit\u00e9 effective et palpable sur le terrain.<\/p>\n<p>M. Ahmed Ghayet, pr\u00e9sident de l\u2019Association \u00ab\u00a0Maroc Pluriels\u00a0\u00bb, s\u2019est f\u00e9licit\u00e9 de voir l\u2019initiative \u00ab\u00a0Solid\u2019Action\u00a0\u00bb de collecte de v\u00eatements chauds pour les enfants de Douar Ait Daoud toucher \u00e0 sa fin et aboutir aux objectifs qui lui sont assign\u00e9s.<\/p>\n<p>\u00ab\u00a0Notre action a \u00e9t\u00e9 une initiative de solidarit\u00e9 et de fraternit\u00e9 men\u00e9e par des Jeunes pour des enfants, dans un esprit qui redonne confiance en notre futur\u00a0\u00bb, a-t-il dit, saluant au passage cette dynamique de d\u00e9veloppement enclench\u00e9e au niveau provincial en vue d\u2019am\u00e9liorer les conditions de vie des autochtones.<\/p>\n<\/div>\n<p>Auteur: Meriem IGASS<br \/>\n<a href=\"http:\/\/www.mapmarrakech.ma\/fr\/association\/\">Cliquez ici pour lire l&rsquo;article depuis sa source.<\/a><\/p>\n","protected":false},"excerpt":{"rendered":"<p>Essaouira \u2013 Un groupe de jeunes souiris issus de l\u2019association \u00ab\u00a0Moga\u2019Jeunes\u00a0\u00bb, a initi\u00e9, le weekend dans la commune rurale de Ait Daoud relevant de la province d\u2019Essaouira, une action caritative et solidaire portant sur la distribution de v\u00eatements chauds au profit de jeunes \u00e9coliers et leurs parents en situation pr\u00e9caire. Cette action humaine et solidaire, [&hellip;]<\/p>\n","protected":false},"author":1788,"featured_media":0,"comment_status":"closed","ping_status":"closed","sticky":false,"template":"","format":"standard","meta":{"fifu_image_url":"","fifu_image_alt":"","footnotes":""},"categories":[54,76],"tags":[],"class_list":["post-70277","post","type-post","status-publish","format-standard","hentry","category-maroc","category-regions"],"_links":{"self":[{"href":"https:\/\/linitiative.ca\/International\/wp-json\/wp\/v2\/posts\/70277","targetHints":{"allow":["GET"]}}],"collection":[{"href":"https:\/\/linitiative.ca\/International\/wp-json\/wp\/v2\/posts"}],"about":[{"href":"https:\/\/linitiative.ca\/International\/wp-json\/wp\/v2\/types\/post"}],"author":[{"embeddable":true,"href":"https:\/\/linitiative.ca\/International\/wp-json\/wp\/v2\/users\/1788"}],"replies":[{"embeddable":true,"href":"https:\/\/linitiative.ca\/International\/wp-json\/wp\/v2\/comments?post=70277"}],"version-history":[{"count":0,"href":"https:\/\/linitiative.ca\/International\/wp-json\/wp\/v2\/posts\/70277\/revisions"}],"wp:attachment":[{"href":"https:\/\/linitiative.ca\/International\/wp-json\/wp\/v2\/media?parent=70277"}],"wp:term":[{"taxonomy":"category","embeddable":true,"href":"https:\/\/linitiative.ca\/International\/wp-json\/wp\/v2\/categories?post=70277"},{"taxonomy":"post_tag","embeddable":true,"href":"https:\/\/linitiative.ca\/International\/wp-json\/wp\/v2\/tags?post=70277"}],"curies":[{"name":"wp","href":"https:\/\/api.w.org\/{rel}","templated":true}]}}