{"id":70278,"date":"2019-12-15T13:54:05","date_gmt":"2019-12-15T18:54:05","guid":{"rendered":"https:\/\/linitiative.ca\/International\/focus-a-essaouira-sur-le-projet-reinventer-toumliline\/"},"modified":"2019-12-15T13:54:05","modified_gmt":"2019-12-15T18:54:05","slug":"focus-a-essaouira-sur-le-projet-reinventer-toumliline","status":"publish","type":"post","link":"https:\/\/linitiative.ca\/International\/focus-a-essaouira-sur-le-projet-reinventer-toumliline\/","title":{"rendered":"Focus \u00e0 Essaouira sur le projet \u00ab\u00a0R\u00e9inventer Toumliline\u00a0\u00bb"},"content":{"rendered":"<p>Plac\u00e9 sous la th\u00e9matique \u00ab\u00a0interroger le savoir-faire du vivre-ensemble\u00a0\u00bb, ce rendez-vous intellectuel de grande envergure est organis\u00e9 en partenariat avec plusieurs partenaires, dont l\u2019association Essaouira-Mogador. Il s\u2019inscrit dans le cadre des efforts visant \u00e0 engager la r\u00e9flexion autour des modalit\u00e9s ad\u00e9quates pour \u00ab\u00a0r\u00e9inventer\u00a0\u00bb ce que furent d\u00e8s 1956 \u00ab\u00a0Les Rencontres Internationales de Toumliline\u00a0\u00bb.<\/p>\n<p>La m\u00e9thode propos\u00e9e pour cette seconde table ronde est de rassembler les partenaires de la FMA, institutionnels et associatifs, marocains comme \u00e9trangers, qui l\u2019ont accompagn\u00e9 sur le projet \u00ab\u00a0R\u00e9inventer Toumliline : consolider des espaces de d\u00e9bat et de dialogue\u00a0\u00bb depuis 2015, mais \u00e9galement des nouveaux, afin de discuter comment le projet de la relance de ces Rencontres Internationales peut s\u2019articuler sur des probl\u00e9matiques contemporaines.<\/p>\n<p>Cette rencontre a \u00e9t\u00e9 rehauss\u00e9e par la pr\u00e9sence notamment de M. Andr\u00e9 Azoulay, Conseiller de Sa Majest\u00e9 le Roi et Pr\u00e9sident-Fondateur de l\u2019Association Essaouira-Mogador, de Mmes Amina Bouayach, pr\u00e9sidente du Conseil National des Droits de l\u2019Homme (CNDH), et Lamia Radi, Pr\u00e9sidente de la Fondation M\u00e9moires pour l\u2019Avenir (FMA), ainsi que d\u2019autres personnalit\u00e9s.<\/p>\n<p>Intervenant \u00e0 cette occasion, M. Azoulay a soulign\u00e9 l\u2019importance de cette rencontre qui, au-del\u00e0 d\u2019\u00eatre ax\u00e9e sur l\u2019aspect et la port\u00e9e historique particuli\u00e8re de Toumliline, espace de convivialit\u00e9 et d\u2019\u00e9change, se tient \u00e0 Essaouira o\u00f9 la r\u00e9sistance \u00e0 l\u2019amn\u00e9sie et \u00e0 la pens\u00e9e unique est l\u2019un des points cardinaux de la d\u00e9marche de la soci\u00e9t\u00e9 civile souirie.<\/p>\n<p>\u00ab\u00a0Nous faisons de notre m\u00e9moire \u00e0 la fois un outil de r\u00e9sistance et puis un gage pour l\u2019avenir, pour le Maroc de demain que nous voulons transmettre, ce Maroc qui ne sait pas s\u2019oublier\u00a0\u00bb, a dit M. Azoulay, notant que \u00ab\u00a0le Royaume, sous la conduite \u00e9clair\u00e9e de SM le Roi Mohammed VI, constitue cette boussole de l\u2019alt\u00e9rit\u00e9, du dialogue et du respect de la pens\u00e9e de l\u2019autre\u00a0\u00bb.<\/p>\n<p>\u00ab\u00a0Ce d\u00e9terminisme, \u00e0 la fois m\u00e9moriel et historique, prend toute sa signification et rev\u00eat toutes les raisons d\u2019\u00eatre quand on pense, on se souvient et on se r\u00e9f\u00e8re \u00e0 l\u2019esprit de Toumliline. Toumliline pour les Marocains de ma g\u00e9n\u00e9ration est l\u2019espace le plus embl\u00e9matique de ce que notre soci\u00e9t\u00e9 peut \u00e0 la fois r\u00eaver de maintenir en activit\u00e9 et en vie. Elle est aussi cet espace qui devrait encore inspirer plus fortement et de fa\u00e7on bien structur\u00e9e et organis\u00e9e, tout un chacun de la soci\u00e9t\u00e9 civile\u00a0\u00bb, a encha\u00een\u00e9 M. Azoulay.<\/p>\n<p>\u00ab\u00a0Toumliline n\u2019a pas \u00e9t\u00e9 circonstancielle pour un moment donn\u00e9. En ces temps o\u00f9 tous les archa\u00efsmes et les r\u00e9gressions sont autour de nous, \u00e0 nos portes, l\u2019esprit de Toumliline peut nous servir de source d\u2019inspiration\u00a0\u00bb, a-t-il conclu.<\/p>\n<p>Mme Bouayach s\u2019est f\u00e9licit\u00e9e, quant \u00e0 elle, de la tenue de cette rencontre \u00e0 Essaouira, \u00ab\u00a0microcosme de la cit\u00e9 historique marocaine, humainement cosmopolite et culturellement riche et diversifi\u00e9e\u00a0\u00bb. \u00ab\u00a0La ville d\u2019Essaouira est digne de cet honneur non seulement pour sa valeur patrimoniale, mais parce qu\u2019elle a vocation \u00e0 incarner les valeurs de cette rencontre\u00a0\u00bb, a-t-elle dit.<\/p>\n<p>Et de poursuivre que \u00ab\u00a0cet \u00e9v\u00e9nement majeur r\u00e9it\u00e8re les espoirs et les engagements des acteurs des droits de l\u2019Homme, pour l\u2019ancrage de la culture des droits humains et du dialogue interculturel qui constituent les fondements n\u00e9cessaires \u00e0 la paix\u00a0\u00bb.<\/p>\n<p>\u00ab\u00a0Notre pays, terre de cohabitation avec une identit\u00e9 plurielle, nourrie et irrigu\u00e9e autour d\u2019affluents divers, nous appelle, chaque jour, \u00e0 veiller tous \u00e0 la perp\u00e9tuation de cette richesse que le contenu des droits de l\u2019Homme vient \u00e9toffer et consolider davantage\u00a0\u00bb, a rappel\u00e9 Mme Bouayach.<\/p>\n<p>De son c\u00f4t\u00e9, Mme Radi a donn\u00e9 un aper\u00e7u d\u00e9taill\u00e9 sur l\u2019importance et l\u2019esprit de Toumliline, une alliance entre l\u2019exigence intellectuelle, l\u2019esprit de partage et la dimension humaine, pour penser la question de l\u2019action de l\u2019individu dans le monde.<\/p>\n<div readability=\"115\">\n<p>\u00ab\u00a0Le projet +r\u00e9inventer Toumliline+ c\u2019est rassembler pour d\u00e9fendre ce qui fut, et agir pour que le monde de demain soit ce que nous en faisons aujourd\u2019hui\u00a0\u00bb, a-t-elle expliqu\u00e9, insistant sur le fait que \u00ab\u00a0Toumliline ne fut pas simplement une utopie, Toumliline a exist\u00e9. A nous d\u2019apprendre de son histoire pour mettre en place \u00e0 nouveau cette fraternit\u00e9 agissante et cr\u00e9atrice\u00a0\u00bb.<\/p>\n<p>Et de noter que cette deuxi\u00e8me table ronde, tourn\u00e9e vers l\u2019avenir, offre l\u2019opportunit\u00e9 de donner la parole aux jeunes, afin de les entendre sur les probl\u00e9matiques actuelles qui les int\u00e9ressent, d\u00e9battre avec eux et entendre leurs questionnements.<\/p>\n<p>En rapport avec la th\u00e9matique de cette rencontre, Mme Radi a fait savoir que le vivre-ensemble c\u2019est identifier l\u2019Autre comme diff\u00e9rent, mesurer cette diff\u00e9rence, prendre la d\u00e9cision de l\u2019accepter et enfin de s\u2019y ajuster. \u00ab\u00a0C\u2019est aussi se conna\u00eetre suffisamment pour reconna\u00eetre dans l\u2019Autre ce qui m\u2019est semblable. Ce processus semble \u00eatre devenu un effort d\u00e9mesur\u00e9 hors d\u2019atteinte, voire sans int\u00e9r\u00eat pour beaucoup\u00a0\u00bb, a-t-elle dit.<\/p>\n<p>Dans un mot adress\u00e9 aux participants \u00e0 cette table ronde, Vito Rallo, Archev\u00eaque Tit d\u2019Alba, Nonciature Apostolique au Maroc, a rappel\u00e9 que \u00ab\u00a0la deuxi\u00e8me table ronde +Rencontres Internationales de Toumliline+ est une occasion privil\u00e9gi\u00e9e pour donner suite aux rencontres internationales qui se sont tenues au monast\u00e8re de Toumliline entre 1956 et 1968. \u00ab\u00a0Celles-ci furent des moments d\u00e9cisifs dans l\u2019histoire du Maroc et des ind\u00e9pendances africaines\u00a0\u00bb, a-t-il expliqu\u00e9.<\/p>\n<p>\u00ab\u00a0La visite de Sa Saintet\u00e9 le Pape Fran\u00e7ois au Maroc et les deux messages qui ont \u00e9t\u00e9 prononc\u00e9s par le Souverain Pontife et Sa Majest\u00e9 le Roi Mohammed VI, que Dieu L\u2019assiste, peuvent, j\u2019en suis certain, vous conforter au regard de l\u2019initiative que vous avez promue et des th\u00e9matiques que vous avez \u00e0 coeur d\u2019approfondir et de d\u00e9velopper pendant ce Colloque\u00a0\u00bb, a-t-il soulign\u00e9.<\/p>\n<p>Mme Louisa Babaci, directrice de l\u2019Institut Fran\u00e7ais d\u2019Essaouira, au nom du service de Coop\u00e9ration et d\u2019Action Culturelle (Ambassade de France \u00e0 Rabat), a mis en avant la pertinence scientifique et acad\u00e9mique de cette rencontre, destin\u00e9e \u00e0 jeter la lumi\u00e8re sur l\u2019importance intellectuelle des rencontres organis\u00e9es dans le monast\u00e8re de Toumliline \u00e0 partir de 1950.<\/p>\n<p>Mme Babaci s\u2019est attard\u00e9e aussi sur la pertinence de l\u2019exposition \u00ab\u00a0Toumliline 56\/57\u00a0\u00bb qui se tient parall\u00e8lement \u00e0 Dar Souiri et \u00e0 l\u2019Institut Fran\u00e7ais d\u2019Essaouira et met en lumi\u00e8re Toumliline comme \u00ab\u00a0carrefour de rencontres et d\u2019\u00e9changes interculturels et \u00e9conomiques pour un dialogue autour de l\u2019\u00e9ducation, la culture ou encore l\u2019\u00e9mancipation des femmes\u00a0\u00bb. \u00ab\u00a0Il s\u2019agit d\u2019un v\u00e9ritable hommage \u00e0 l\u2019histoire du Maroc\u00a0\u00bb, s\u2019est elle f\u00e9licit\u00e9e.<\/p>\n<p>Mme Claire Marynower, du Centre Jacques Berque-CNRS, a dit toute sa joie et sa fiert\u00e9 de se retrouver \u00e0 Essaouira, un lieu symbolique de coexistence et de vivre-ensemble, pour participer \u00e0 cette table ronde destin\u00e9e \u00e0 jeter des passerelles entre la m\u00e9moire, l\u2019histoire et l\u2019avenir.<\/p>\n<p>Tout en mettant l\u2019accent sur les enjeux de l\u2019\u00e8re actuelle dont certains ont une nature \u00e9volutive, elle a soulign\u00e9 l\u2019importance de f\u00e9d\u00e9rer les efforts de tous pour promouvoir les valeurs d\u2019humanisme et d\u2019universalit\u00e9.<\/p>\n<p>Sur un autre registre, Mme Marynower a estim\u00e9 que le langage identitaire n\u2019est pas dangereux tant qu\u2019il est pluriel.<\/p>\n<p>A rappeler que le projet \u00ab\u00a0R\u00e9inventer Toumliline\u00a0\u00bb, port\u00e9 par la Fondation M\u00e9moires pour l\u2019Avenir (FMA), consiste \u00e0 faire d\u00e9couvrir l\u2019histoire du Monast\u00e8re de Toumliline, pr\u00e8s d\u2019Azrou, b\u00e2ti en 1952 par des moines b\u00e9n\u00e9dictins et \u00e0 mettre en lumi\u00e8re les \u00ab\u00a0Rencontres Internationales\u00a0\u00bb qui s\u2019y sont tenues de 1956 \u00e0 1968, \u00e0 travers des expositions, des livres et des documentaires.<\/p>\n<p>Au-del\u00e0 de la construction d\u2019outils destin\u00e9s \u00e0 la transmission de cette m\u00e9moire, il s\u2019agit de t\u00e9moigner de la n\u00e9cessit\u00e9 de d\u00e9fendre le vivre-ensemble et de le pr\u00e9server en le r\u00e9inventant \u00e0 chaque \u00e9poque. Remettre en lumi\u00e8re ce lieu ainsi que les \u00e9v\u00e9nements qui s\u2019y sont d\u00e9roul\u00e9s, c\u2019est s\u2019y ressourcer pour mieux construire l\u2019avenir.<\/p>\n<p>Pour ce faire, la FMA a lanc\u00e9, avec ses partenaires, en d\u00e9cembre 2018 un cycle de tables rondes, dont l\u2019objectif est de s\u2019interroger sur les modalit\u00e9s de \u00ab\u00a0r\u00e9inventer\u00a0\u00bb ces Rencontres Internationales.<\/p>\n<p>Cette table ronde a \u00e9t\u00e9 marqu\u00e9e par la projection du film-documentaire \u00ab\u00a0Histoire des rencontres internationales de Toumliline\u00a0\u00bb.<\/p>\n<\/div>\n<p>Auteur: Meriem IGASS<br \/>\n<a href=\"http:\/\/www.mapmarrakech.ma\/fr\/toumliline\/\">Cliquez ici pour lire l&rsquo;article depuis sa source.<\/a><\/p>\n","protected":false},"excerpt":{"rendered":"<p>Plac\u00e9 sous la th\u00e9matique \u00ab\u00a0interroger le savoir-faire du vivre-ensemble\u00a0\u00bb, ce rendez-vous intellectuel de grande envergure est organis\u00e9 en partenariat avec plusieurs partenaires, dont l\u2019association Essaouira-Mogador. Il s\u2019inscrit dans le cadre des efforts visant \u00e0 engager la r\u00e9flexion autour des modalit\u00e9s ad\u00e9quates pour \u00ab\u00a0r\u00e9inventer\u00a0\u00bb ce que furent d\u00e8s 1956 \u00ab\u00a0Les Rencontres Internationales de Toumliline\u00a0\u00bb. La m\u00e9thode [&hellip;]<\/p>\n","protected":false},"author":1788,"featured_media":0,"comment_status":"closed","ping_status":"closed","sticky":false,"template":"","format":"standard","meta":{"fifu_image_url":"","fifu_image_alt":"","footnotes":""},"categories":[54,76],"tags":[],"class_list":["post-70278","post","type-post","status-publish","format-standard","hentry","category-maroc","category-regions"],"_links":{"self":[{"href":"https:\/\/linitiative.ca\/International\/wp-json\/wp\/v2\/posts\/70278","targetHints":{"allow":["GET"]}}],"collection":[{"href":"https:\/\/linitiative.ca\/International\/wp-json\/wp\/v2\/posts"}],"about":[{"href":"https:\/\/linitiative.ca\/International\/wp-json\/wp\/v2\/types\/post"}],"author":[{"embeddable":true,"href":"https:\/\/linitiative.ca\/International\/wp-json\/wp\/v2\/users\/1788"}],"replies":[{"embeddable":true,"href":"https:\/\/linitiative.ca\/International\/wp-json\/wp\/v2\/comments?post=70278"}],"version-history":[{"count":0,"href":"https:\/\/linitiative.ca\/International\/wp-json\/wp\/v2\/posts\/70278\/revisions"}],"wp:attachment":[{"href":"https:\/\/linitiative.ca\/International\/wp-json\/wp\/v2\/media?parent=70278"}],"wp:term":[{"taxonomy":"category","embeddable":true,"href":"https:\/\/linitiative.ca\/International\/wp-json\/wp\/v2\/categories?post=70278"},{"taxonomy":"post_tag","embeddable":true,"href":"https:\/\/linitiative.ca\/International\/wp-json\/wp\/v2\/tags?post=70278"}],"curies":[{"name":"wp","href":"https:\/\/api.w.org\/{rel}","templated":true}]}}