{"id":70280,"date":"2019-12-15T11:46:15","date_gmt":"2019-12-15T16:46:15","guid":{"rendered":"https:\/\/linitiative.ca\/International\/collecte-des-dechets-menagers-a-alger-reception-prochaine-de-70-camions-a-bennes-tasseuses\/"},"modified":"2019-12-15T11:46:15","modified_gmt":"2019-12-15T16:46:15","slug":"collecte-des-dechets-menagers-a-alger-reception-prochaine-de-70-camions-a-bennes-tasseuses","status":"publish","type":"post","link":"https:\/\/linitiative.ca\/International\/collecte-des-dechets-menagers-a-alger-reception-prochaine-de-70-camions-a-bennes-tasseuses\/","title":{"rendered":"Collecte des d\u00e9chets m\u00e9nagers \u00e0 Alger: r\u00e9ception prochaine de 70 camions \u00e0 bennes-tasseuses\u00a0"},"content":{"rendered":"<div readability=\"39\">\n<p><strong>ALGER- L&rsquo;Etablissement de nettoiement et de collecte des ordures m\u00e9nag\u00e8res d&rsquo;Alger (Netcom) r\u00e9ceptionnera, au cours des prochaines semaines, soixante-dix (70) camions \u00e0 bennes-tasseuses de diff\u00e9rents gabarits qui devront renforcer les capacit\u00e9s de l&rsquo;entreprise en mati\u00e8re de collecte et de tri des d\u00e9chets m\u00e9nagers dans la capitale, a fait savoir samedi \u00e0 Alger le directeur g\u00e9n\u00e9ral de Netcom, Belalia Ahmed.<\/strong><\/p>\n<\/div>\n<div readability=\"78.7865256561\">\n<p>Dans une d\u00e9claration \u00e0 l&rsquo;APS, M. Belalia a indiqu\u00e9 que son entreprise r\u00e9ceptionnera progressivement, \u00e0 compter de la semaine en cours et jusqu&rsquo;\u00e0 janvier 2020, soixante-dix (70) camions de diff\u00e9rents gabarits.<\/p>\n<blockquote readability=\"10\">\n<p><em><strong>Cette op\u00e9ration s&rsquo;inscrit dans le cadre des mesures initi\u00e9es par la wilaya visant \u00e0 am\u00e9liorer le cadre de vie du citoyen, et ce \u00e0 travers l&rsquo;acquisition de mat\u00e9riels de ramassage des d\u00e9chets et d&rsquo;autres \u00e9quipements\u00a0tels que les camions de r\u00e9cup\u00e9ration, de nettoiement des chauss\u00e9es et des bennes de tri s\u00e9lectif afin de renforcer les capacit\u00e9s de l&rsquo;entreprise qui couvre 26 communes de la wilaya d&rsquo;Alger (contre 31 autres communes relevant du territoire de comp\u00e9tence d&rsquo;Extranet).\u00a0<\/strong><\/em><\/p>\n<\/blockquote>\n<p>Dans le cadre du renouvellement de ses \u00e9quipements, Netcom, poursuit le m\u00eame responsable, a pr\u00e9vu une deuxi\u00e8me op\u00e9ration d&rsquo;acquisition d&rsquo;\u00e9quipements modernes d\u00e9di\u00e9s au ramassage et \u00e0 la collecte des d\u00e9chets m\u00e9nag\u00e8res et l&rsquo;assainissement urbain.\u00a0<\/p>\n<hr\/>\n<p>Lire aussi:\u00a0\u00a0\u00a0<a href=\"http:\/\/www.aps.dz\/regions\/91733-alger-plus-de-500-000-t-de-dechets-menagers-collectes-durant-le-1er-semestre-2019\">Alger: plus de 500.000 t de d\u00e9chets m\u00e9nagers collect\u00e9s durant le 1er semestre 2019<\/a><\/p>\n<hr\/>\n<p>Dix (10) parcs relevant de Netcom, r\u00e9partis notamment \u00e0 travers les communes de Bir Mourad Rais,\u00a0 Sidi M&rsquo;hamed, Bouzareah et Bab El Oued seront \u00e9quip\u00e9s de mat\u00e9riels et de moyens modernes qui devront am\u00e9liorer les performances de l&rsquo;entreprise, a-t-il ajout\u00e9.<\/p>\n<p>Pr\u00e9cisant que l&rsquo;acquisitio de ces \u00e9quipements sera financ\u00e9e par le budget de la wilaya, il a indiqu\u00e9 que l&rsquo;enveloppe du premier programme d&rsquo;\u00e9quipement mis en \u0153uvre cette ann\u00e9e s&rsquo;est \u00e9lev\u00e9 \u00e0 1 milliards 300\u00a0millions de DA.<\/p>\n<blockquote readability=\"9\">\n<p><em><strong>Pour la r\u00e9ussite de l&rsquo;op\u00e9ration de collecte des d\u00e9chets, M. Belalia a appel\u00e9 les citoyens \u00e0 respecter les horaires de d\u00e9p\u00f4t des ordures, \u00e0 les mettre dans des sacs ferm\u00e9s et \u00e0 les jeter dans les bacs \u00e0 ordures.<\/strong><\/em><\/p>\n<\/blockquote>\n<p>Par ailleurs, il a rappel\u00e9 que l&rsquo;entreprise qui emploie pr\u00e8s de 4.800 agents a opt\u00e9 pour une gestion technique plus efficace et plus moderne pour la collecte et le tri des d\u00e9chets, \u00e0 l&rsquo;instar de l&rsquo;utilisation de camions modernes et des balais m\u00e9caniques pour le nettoiement des rues et des quartiers.<\/p>\n<p>Dans ce cadre, le responsable a \u00e9voqu\u00e9 le s missions confi\u00e9es \u00e0 l&rsquo;\u00e9cole d&rsquo;hygi\u00e8ne de Bologhine, cr\u00e9\u00e9e il y a 10 ans pour prendre en charge la formation et le recyclage des agents d&rsquo;hygi\u00e8ne et perfectionner leur\u00a0comp\u00e9tence professionnelle \u00e0 travers l&rsquo;apprentissage des techniques modernes en mati\u00e8re de collecte, de gestion et de tri des d\u00e9chets outre les techniques de leur d\u00e9versement dans les centres d&rsquo;enfouissement technique (CET).<\/p>\n<\/div>\n<p>Auteur:<br \/>\n<a href=\"http:\/\/www.aps.dz\/regions\/98997-collecte-des-dechets-menagers-a-alger-reception-prochaine-de-70-camions-a-bennes-tasseuses\">Cliquez ici pour lire l&rsquo;article depuis sa source.<\/a><\/p>\n","protected":false},"excerpt":{"rendered":"<p>ALGER- L&rsquo;Etablissement de nettoiement et de collecte des ordures m\u00e9nag\u00e8res d&rsquo;Alger (Netcom) r\u00e9ceptionnera, au cours des prochaines semaines, soixante-dix (70) camions \u00e0 bennes-tasseuses de diff\u00e9rents gabarits qui devront renforcer les capacit\u00e9s de l&rsquo;entreprise en mati\u00e8re de collecte et de tri des d\u00e9chets m\u00e9nagers dans la capitale, a fait savoir samedi \u00e0 Alger le directeur g\u00e9n\u00e9ral [&hellip;]<\/p>\n","protected":false},"author":1790,"featured_media":0,"comment_status":"closed","ping_status":"closed","sticky":false,"template":"","format":"standard","meta":{"fifu_image_url":"","fifu_image_alt":"","footnotes":""},"categories":[53,76],"tags":[],"class_list":["post-70280","post","type-post","status-publish","format-standard","hentry","category-algerie","category-regions"],"_links":{"self":[{"href":"https:\/\/linitiative.ca\/International\/wp-json\/wp\/v2\/posts\/70280","targetHints":{"allow":["GET"]}}],"collection":[{"href":"https:\/\/linitiative.ca\/International\/wp-json\/wp\/v2\/posts"}],"about":[{"href":"https:\/\/linitiative.ca\/International\/wp-json\/wp\/v2\/types\/post"}],"author":[{"embeddable":true,"href":"https:\/\/linitiative.ca\/International\/wp-json\/wp\/v2\/users\/1790"}],"replies":[{"embeddable":true,"href":"https:\/\/linitiative.ca\/International\/wp-json\/wp\/v2\/comments?post=70280"}],"version-history":[{"count":0,"href":"https:\/\/linitiative.ca\/International\/wp-json\/wp\/v2\/posts\/70280\/revisions"}],"wp:attachment":[{"href":"https:\/\/linitiative.ca\/International\/wp-json\/wp\/v2\/media?parent=70280"}],"wp:term":[{"taxonomy":"category","embeddable":true,"href":"https:\/\/linitiative.ca\/International\/wp-json\/wp\/v2\/categories?post=70280"},{"taxonomy":"post_tag","embeddable":true,"href":"https:\/\/linitiative.ca\/International\/wp-json\/wp\/v2\/tags?post=70280"}],"curies":[{"name":"wp","href":"https:\/\/api.w.org\/{rel}","templated":true}]}}