{"id":70281,"date":"2019-12-15T12:16:48","date_gmt":"2019-12-15T17:16:48","guid":{"rendered":"https:\/\/linitiative.ca\/International\/attirer-les-grands-projets-agricoles-et-industriels-pour-promouvoir-la-sous-traitance-industrielle\/"},"modified":"2019-12-15T12:16:48","modified_gmt":"2019-12-15T17:16:48","slug":"attirer-les-grands-projets-agricoles-et-industriels-pour-promouvoir-la-sous-traitance-industrielle","status":"publish","type":"post","link":"https:\/\/linitiative.ca\/International\/attirer-les-grands-projets-agricoles-et-industriels-pour-promouvoir-la-sous-traitance-industrielle\/","title":{"rendered":"Attirer les grands projets agricoles et industriels pour promouvoir la sous-traitance industrielle"},"content":{"rendered":"<div readability=\"37\">\n<p><strong>ADRAR- Les participants \u00e0 une rencontre sur \u00ab\u00a0la sous-traitance industrielle dans le Sud\u00a0\u00bb, tenue dimanche \u00e0 l\u2019universit\u00e9 d\u2019Adrar, ont soulign\u00e9 la n\u00e9cessit\u00e9 d\u2019attirer de grands projets agricoles et industriels et am\u00e9liorer le climat financier en vue de promouvoir la sous-traitance industrielle dans le Sud du pays.<\/strong><\/p>\n<\/div>\n<div readability=\"72.5\">\n<p>Ils ont plaid\u00e9 pour l\u2019implication des petites et moyennes entreprises (PME) dans la sous-traitance industrielle \u00e0 travers des contrats de partenariat en vue d\u2019assurer leur continuit\u00e9, d\u2019ouvrer \u00e0 la promotion des facteurs de dynamisation de l\u2019investissement productif prometteur pour les secteurs agricole et industriel dans la r\u00e9gion.<\/p>\n<p>M.Abdelbaki Bediaf de l\u2019universit\u00e9 d\u2019Ouargla, a appel\u00e9 \u00e0 ancrer la culture entrepreneuriale au sein de la soci\u00e9t\u00e9, notamment les promus d\u2019universit\u00e9s et d\u2019instituts, leur accompagnement et la cr\u00e9ation\u00a0d\u2019entreprises de sous-traitance et leur protection l\u00e9gale.<\/p>\n<blockquote readability=\"7\">\n<p><em><strong>L\u2019intervenant a pr\u00e9conis\u00e9 pour cela l\u2019am\u00e9lioration du climat de la sous-traitance avec les PME en vue de leur permettre d\u2019assumer leurs responsabilit\u00e9s en termes de transfert de technologies et de connaissances\u00a0attendu des partenariats \u00e9conomiques.<\/strong><\/em><\/p>\n<\/blockquote>\n<p>Il a aussi exhort\u00e9 \u00e0 impliquer les employeurs et patrons de PME \u00e0 ce type de rencontres pour s\u2019impr\u00e9gner de la r\u00e9alit\u00e9 du terrain,\u00a0 renforcer la communication entre diff\u00e9rents intervenants dans la sous-traitance.<\/p>\n<p>M\u00e2amri Zakaria (Universit\u00e9 d\u2019Adrar) a, de son cot\u00e9, mis en avant la n\u00e9cessit\u00e9 d\u2019un cadre r\u00e9glementaire r\u00e9gissant la sous-traitance industrielle, en vue de se conformer aux r\u00e8glements et l\u00e9gislations en\u00a0vigueur dans les domaines li\u00e9s \u00e0 l\u2019investissement, notamment en termes d\u2019emploi et de qualification, et la contribution au d\u00e9veloppement \u00e9conomique.<\/p>\n<blockquote readability=\"12\">\n<p><em><strong>Cette rencontre s\u2019assigne comme objectifs l\u2019\u00e9valuation de la sous-traitance industrielle dans le Sud du pays au regard de son importance dans l\u2019\u00e9conomie et dans le d\u00e9veloppement, l\u2019am\u00e9lioration du produit\u00a0int\u00e9rieur brut, ainsi que l\u2019\u00e9tude des contraintes li\u00e9es aux faibles revenus financiers des micro-entreprises de sous-traitances et des solutions et strat\u00e9gies susceptibles de d\u00e9velopper ces entit\u00e9s en vue de relever le d\u00e9fi de la sous-traitance dans le Sud, estime le pr\u00e9sident de cette rencontre, Pr. Mohamed Beneddine.<\/strong><\/em><\/p>\n<\/blockquote>\n<p>Initi\u00e9e par le laboratoire de l\u2019int\u00e9gration \u00e9conomique alg\u00e9ro-africaine (Universit\u00e9 d\u2019Adrar), cette rencontre a permis aux participants d\u2019examiner les voies de d\u00e9veloppement de la sous-traitance dans le Sud pour le montage des micro-entreprises, la promotion de la sous-traitance en vue de renforcer la comp\u00e9titivit\u00e9 des PME et le r\u00e8glement r\u00e9gissant les contrats de sous-traitance dans la l\u00e9gislation alg\u00e9rienne, selon le m\u00eame\u00a0responsable.<\/p>\n<\/div>\n<p>Auteur:<br \/>\n<a href=\"http:\/\/www.aps.dz\/regions\/98998-attirer-les-grands-projets-agricoles-et-industriels-pour-promouvoir-la-sous-traitance-industrielle\">Cliquez ici pour lire l&rsquo;article depuis sa source.<\/a><\/p>\n","protected":false},"excerpt":{"rendered":"<p>ADRAR- Les participants \u00e0 une rencontre sur \u00ab\u00a0la sous-traitance industrielle dans le Sud\u00a0\u00bb, tenue dimanche \u00e0 l\u2019universit\u00e9 d\u2019Adrar, ont soulign\u00e9 la n\u00e9cessit\u00e9 d\u2019attirer de grands projets agricoles et industriels et am\u00e9liorer le climat financier en vue de promouvoir la sous-traitance industrielle dans le Sud du pays. Ils ont plaid\u00e9 pour l\u2019implication des petites et moyennes [&hellip;]<\/p>\n","protected":false},"author":1790,"featured_media":0,"comment_status":"closed","ping_status":"closed","sticky":false,"template":"","format":"standard","meta":{"fifu_image_url":"","fifu_image_alt":"","footnotes":""},"categories":[53,76],"tags":[],"class_list":["post-70281","post","type-post","status-publish","format-standard","hentry","category-algerie","category-regions"],"_links":{"self":[{"href":"https:\/\/linitiative.ca\/International\/wp-json\/wp\/v2\/posts\/70281","targetHints":{"allow":["GET"]}}],"collection":[{"href":"https:\/\/linitiative.ca\/International\/wp-json\/wp\/v2\/posts"}],"about":[{"href":"https:\/\/linitiative.ca\/International\/wp-json\/wp\/v2\/types\/post"}],"author":[{"embeddable":true,"href":"https:\/\/linitiative.ca\/International\/wp-json\/wp\/v2\/users\/1790"}],"replies":[{"embeddable":true,"href":"https:\/\/linitiative.ca\/International\/wp-json\/wp\/v2\/comments?post=70281"}],"version-history":[{"count":0,"href":"https:\/\/linitiative.ca\/International\/wp-json\/wp\/v2\/posts\/70281\/revisions"}],"wp:attachment":[{"href":"https:\/\/linitiative.ca\/International\/wp-json\/wp\/v2\/media?parent=70281"}],"wp:term":[{"taxonomy":"category","embeddable":true,"href":"https:\/\/linitiative.ca\/International\/wp-json\/wp\/v2\/categories?post=70281"},{"taxonomy":"post_tag","embeddable":true,"href":"https:\/\/linitiative.ca\/International\/wp-json\/wp\/v2\/tags?post=70281"}],"curies":[{"name":"wp","href":"https:\/\/api.w.org\/{rel}","templated":true}]}}