{"id":70282,"date":"2019-12-15T12:46:40","date_gmt":"2019-12-15T17:46:40","guid":{"rendered":"https:\/\/linitiative.ca\/International\/oran-les-images-relayees-sur-les-reseaux-sociaux-visaient-a-alterer-la-tranquillite-publique\/"},"modified":"2019-12-15T12:46:40","modified_gmt":"2019-12-15T17:46:40","slug":"oran-les-images-relayees-sur-les-reseaux-sociaux-visaient-a-alterer-la-tranquillite-publique","status":"publish","type":"post","link":"https:\/\/linitiative.ca\/International\/oran-les-images-relayees-sur-les-reseaux-sociaux-visaient-a-alterer-la-tranquillite-publique\/","title":{"rendered":"Oran: les images relay\u00e9es sur les r\u00e9seaux sociaux visaient \u00e0 alt\u00e9rer la tranquillit\u00e9 publique"},"content":{"rendered":"<div readability=\"37\">\n<p><strong>ALGER &#8211; La Direction g\u00e9n\u00e9rale de la S\u00fbret\u00e9 nationale (DGSN) a affirm\u00e9 dimanche, que les images diffus\u00e9es sur les r\u00e9seaux sociaux montrant une pr\u00e9sum\u00e9e r\u00e9pression polici\u00e8re contre des manifestants du Hirak \u00e0 Oran, concernaient en v\u00e9rit\u00e9 un groupe d&rsquo;individus venus le jour du scrutin pour emp\u00eacher des citoyens de voter.<\/strong><\/p>\n<\/div>\n<div readability=\"84\">\n<p>La DGSN a pr\u00e9cis\u00e9 dans un communiqu\u00e9 que les auteurs de ces publications \u00e9taient des \u00ab\u00a0personnes malintentionn\u00e9es visant \u00e0 alt\u00e9rer l\u2019ordre et la tranquillit\u00e9 publics, en appelant \u00e0 braver les forces de l\u2019ordre, dans le but de provoquer des d\u00e9rapages pr\u00e9judiciables \u00e0 l\u2019ordre public\u00a0\u00bb.<\/p>\n<p>\u00ab\u00a0Les r\u00e9seaux sociaux ont relay\u00e9 des contenus malveillants manipul\u00e9s et v\u00e9hicul\u00e9s par des personnes malintentionn\u00e9es visant \u00e0 alt\u00e9rer l\u2019ordre et la tranquillit\u00e9 publics, en appelant \u00e0 braver les forces de l\u2019ordre, dans le but de provoquer des d\u00e9rapages pr\u00e9judiciables \u00e0 l\u2019ordre public\u00a0\u00bb, a \u00e9crit la DGSN, ajoutant que \u00ab\u00a0ces contenus ont mis en sc\u00e8ne des images prises \u00e0 Oran, pr\u00e9tendant outrageusement qu\u2019il s\u2019agissait d\u2019une r\u00e9pression de manifestants du Hirak, le vendredi 13 d\u00e9cembre 2019, en tentant de ternir l\u2019image d\u2019une institution R\u00e9publicaine au service de la soci\u00e9t\u00e9 et qui ne m\u00e9nage aucun effort pour prot\u00e9ger le citoyen et ses biens\u00a0\u00bb.<\/p>\n<p>La DGSN a, dans ce contexte, pr\u00e9cis\u00e9 que \u00ab\u00a0les images en question, concernent un groupe d\u2019individus venus sp\u00e9cialement le jour de scrutin, \u00e0 savoir le jeudi 12 d\u00e9cembre 2019, pour emp\u00eacher mat\u00e9riellement les citoyens d\u2019exercer leur droit constitutionnel, en infraction aux lois et r\u00e8glements, et au m\u00e9pris des institutions et des personnes, ainsi que toutes r\u00e8gles de citoyennet\u00e9 et de libert\u00e9 fondamentales, consacr\u00e9es par la constitution\u00a0\u00bb.<\/p>\n<p>\u00ab\u00a0Il est de coutume que les manipulateurs des images veillent \u00e0 tromper l\u2019opinion publique, en d\u00e9formant un acte visant \u00e0 pr\u00e9server l\u2019ordre et \u00e0 prot\u00e9ger les droits de l\u2019Homme et du citoyen contre les atteintes \u00e0 son int\u00e9grit\u00e9 physique et morale ainsi qu\u2019\u00e0 ses droits fondamentaux, de m\u00eame qu\u2019il est \u00e9vident que la DGSN ait l\u2019habitude de faire face \u00e0 ce genre d\u2019attaques hostiles, en appelant \u00e0 davantage de prudence, de vigilance et de sensibilisation\u00a0\u00bb, lit-on dans le communiqu\u00e9.<\/p>\n<p>\u00ab\u00a0Quoi, qu\u2019il en soit, l\u2019institution polici\u00e8re fid\u00e8le \u00e0 l\u2019esprit de la constitution et des lois de la R\u00e9publique, a agi et agira conform\u00e9ment aux principes r\u00e9gissant sa relation avec le citoyen, en chargeant l\u2019inspection r\u00e9gionale de police de la r\u00e9gion Ouest, de proc\u00e9der aux v\u00e9rifications n\u00e9cessaires de mani\u00e8re \u00e0 faire la lumi\u00e8re sur cette question\u00a0\u00bb, a conclu la DGSN.<\/p>\n<\/div>\n<p>Auteur:<br \/>\n<a href=\"http:\/\/www.aps.dz\/regions\/98999-oran-les-images-relayees-sur-les-reseaux-sociaux-visaient-a-alterer-la-tranquillite-publique\">Cliquez ici pour lire l&rsquo;article depuis sa source.<\/a><\/p>\n","protected":false},"excerpt":{"rendered":"<p>ALGER &#8211; La Direction g\u00e9n\u00e9rale de la S\u00fbret\u00e9 nationale (DGSN) a affirm\u00e9 dimanche, que les images diffus\u00e9es sur les r\u00e9seaux sociaux montrant une pr\u00e9sum\u00e9e r\u00e9pression polici\u00e8re contre des manifestants du Hirak \u00e0 Oran, concernaient en v\u00e9rit\u00e9 un groupe d&rsquo;individus venus le jour du scrutin pour emp\u00eacher des citoyens de voter. La DGSN a pr\u00e9cis\u00e9 dans [&hellip;]<\/p>\n","protected":false},"author":1790,"featured_media":0,"comment_status":"closed","ping_status":"closed","sticky":false,"template":"","format":"standard","meta":{"fifu_image_url":"","fifu_image_alt":"","footnotes":""},"categories":[53,76],"tags":[],"class_list":["post-70282","post","type-post","status-publish","format-standard","hentry","category-algerie","category-regions"],"_links":{"self":[{"href":"https:\/\/linitiative.ca\/International\/wp-json\/wp\/v2\/posts\/70282","targetHints":{"allow":["GET"]}}],"collection":[{"href":"https:\/\/linitiative.ca\/International\/wp-json\/wp\/v2\/posts"}],"about":[{"href":"https:\/\/linitiative.ca\/International\/wp-json\/wp\/v2\/types\/post"}],"author":[{"embeddable":true,"href":"https:\/\/linitiative.ca\/International\/wp-json\/wp\/v2\/users\/1790"}],"replies":[{"embeddable":true,"href":"https:\/\/linitiative.ca\/International\/wp-json\/wp\/v2\/comments?post=70282"}],"version-history":[{"count":0,"href":"https:\/\/linitiative.ca\/International\/wp-json\/wp\/v2\/posts\/70282\/revisions"}],"wp:attachment":[{"href":"https:\/\/linitiative.ca\/International\/wp-json\/wp\/v2\/media?parent=70282"}],"wp:term":[{"taxonomy":"category","embeddable":true,"href":"https:\/\/linitiative.ca\/International\/wp-json\/wp\/v2\/categories?post=70282"},{"taxonomy":"post_tag","embeddable":true,"href":"https:\/\/linitiative.ca\/International\/wp-json\/wp\/v2\/tags?post=70282"}],"curies":[{"name":"wp","href":"https:\/\/api.w.org\/{rel}","templated":true}]}}