{"id":70283,"date":"2019-12-15T12:45:05","date_gmt":"2019-12-15T17:45:05","guid":{"rendered":"https:\/\/linitiative.ca\/International\/jijel-une-touiza-redonne-vie-au-village-beni-ferah\/"},"modified":"2019-12-15T12:45:05","modified_gmt":"2019-12-15T17:45:05","slug":"jijel-une-touiza-redonne-vie-au-village-beni-ferah","status":"publish","type":"post","link":"https:\/\/linitiative.ca\/International\/jijel-une-touiza-redonne-vie-au-village-beni-ferah\/","title":{"rendered":"Jijel : une \u00ab\u00a0Touiza\u00a0\u00bb redonne vie au village B\u00e9ni Ferah"},"content":{"rendered":"<p><span class=\"sp-nh-title\">Appareillages orthop\u00e9diques : des mesures pour rapprocher les prestations des personnes handicap\u00e9es dans les zones isol\u00e9es<\/span> &#8211; <span class=\"sp-nh-date\">dimanche 15 d\u00e9cembre 2019 19:53<\/span><\/p>\n<p><span class=\"sp-nh-title\">Des organisations nationales et r\u00e9gionales et des partis f\u00e9licitent le pr\u00e9sident \u00e9lu Tebboune<\/span> &#8211; <span class=\"sp-nh-date\">dimanche 15 d\u00e9cembre 2019 19:42<\/span><\/p>\n<p><span class=\"sp-nh-title\">La pr\u00e9servation du mausol\u00e9e royal Imedghass\u00e8n, responsabilit\u00e9 de tous<\/span> &#8211; <span class=\"sp-nh-date\">dimanche 15 d\u00e9cembre 2019 19:37<\/span><\/p>\n<p><span class=\"sp-nh-title\">D\u00e9c\u00e8s du journaliste et \u00e9crivain Souhil Khaldi<\/span> &#8211; <span class=\"sp-nh-date\">dimanche 15 d\u00e9cembre 2019 19:35<\/span><\/p>\n<p><span class=\"sp-nh-title\">La Russie souhaite raffermir ses relations avec l&rsquo;Alg\u00e9rie apr\u00e8s l&rsquo;\u00e9lection de M. Tebboune<\/span> &#8211; <span class=\"sp-nh-date\">dimanche 15 d\u00e9cembre 2019 19:27<\/span><\/p>\n<p><span class=\"sp-nh-title\">Journ\u00e9e mondiale de la langue arabe : l&rsquo;art de la calligraphie maghr\u00e9bine mise en exergue au mus\u00e9e Ahmed Zabana d&rsquo;Oran<\/span> &#8211; <span class=\"sp-nh-date\">dimanche 15 d\u00e9cembre 2019 19:20<\/span><\/p>\n<p><span class=\"sp-nh-title\">Le Roi du Maroc Mohammed VI f\u00e9licite le pr\u00e9sident \u00e9lu Abdelmadjid Tebboune<\/span> &#8211; <span class=\"sp-nh-date\">dimanche 15 d\u00e9cembre 2019 19:10<\/span><\/p>\n<p><span class=\"sp-nh-title\">Liban : consultations parlementaires lundi pour choisir un nouveau Premier ministre<\/span> &#8211; <span class=\"sp-nh-date\">dimanche 15 d\u00e9cembre 2019 18:54<\/span><\/p>\n<p><span class=\"sp-nh-title\">Oran: les images relay\u00e9es sur les r\u00e9seaux sociaux visaient \u00e0 alt\u00e9rer la tranquillit\u00e9 publique<\/span> &#8211; <span class=\"sp-nh-date\">dimanche 15 d\u00e9cembre 2019 18:46<\/span><\/p>\n<p><span class=\"sp-nh-title\">Jijel : une Touiza redonne vie au village B\u00e9ni Ferah<\/span> &#8211; <span class=\"sp-nh-date\">dimanche 15 d\u00e9cembre 2019 18:45<\/span><\/p>\n<p><span class=\"sp-nh-title\">Attirer les grands projets agricoles et industriels pour promouvoir la sous-traitance industrielle<\/span> &#8211; <span class=\"sp-nh-date\">dimanche 15 d\u00e9cembre 2019 18:16<\/span><\/p>\n<p><span class=\"sp-nh-title\">La Chine f\u00e9licite le pr\u00e9sident \u00e9lu Abdelmadjid Tebboune<\/span> &#8211; <span class=\"sp-nh-date\">dimanche 15 d\u00e9cembre 2019 17:56<\/span><\/p>\n<p><span class=\"sp-nh-title\">L&rsquo;Alg\u00e9rie ratifie \u00e0 Accra l&rsquo;Accord de la ZLECAf<\/span> &#8211; <span class=\"sp-nh-date\">dimanche 15 d\u00e9cembre 2019 17:50<\/span><\/p>\n<p><span class=\"sp-nh-title\">Collecte des d\u00e9chets m\u00e9nagers \u00e0 Alger: r\u00e9ception prochaine de 70 camions \u00e0 bennes-tasseuses\u00a0<\/span> &#8211; <span class=\"sp-nh-date\">dimanche 15 d\u00e9cembre 2019 17:46<\/span><\/p>\n<p><span class=\"sp-nh-title\">L&rsquo;APN prendra part le 16 d\u00e9cembre \u00e0 la conf\u00e9rence du r\u00e9seau parlementaire sur les politiques des diasporas en G\u00e9orgie\u00a0<\/span> &#8211; <span class=\"sp-nh-date\">dimanche 15 d\u00e9cembre 2019 17:42<\/span><\/p>\n<p><span class=\"sp-nh-title\">Les centres r\u00e9gionaux de la t\u00e9l\u00e9vision et autres m\u00e9dias sont \u00e0 m\u00eame de consolider l\u2019information de proximit\u00e9 \u00a0<\/span> &#8211; <span class=\"sp-nh-date\">dimanche 15 d\u00e9cembre 2019 16:27<\/span><\/p>\n<p><span class=\"sp-nh-title\">Appels anonymes \u00e0 la gr\u00e8ve \u00e0 Tizi-Ouzou : l&rsquo;UGCAA appelle \u00e0 la vigilance<\/span> &#8211; <span class=\"sp-nh-date\">dimanche 15 d\u00e9cembre 2019 16:25<\/span><\/p>\n<p><span class=\"sp-nh-title\">Saisie de 7.215 comprim\u00e9s psychotropes<\/span> &#8211; <span class=\"sp-nh-date\">dimanche 15 d\u00e9cembre 2019 16:18<\/span><\/p>\n<p><span class=\"sp-nh-title\">Belmahdi distingue les laur\u00e9ats au Concours international de r\u00e9citation du Coran de Tunis<\/span> &#8211; <span class=\"sp-nh-date\">dimanche 15 d\u00e9cembre 2019 15:57<\/span><\/p>\n<p><span class=\"sp-nh-title\">D\u00e9but des inscriptions pour le tirage au sort des deux sessions de Hadj 2020 et 2021<\/span> &#8211; <span class=\"sp-nh-date\">dimanche 15 d\u00e9cembre 2019 15:55<\/span><\/p>\n<p>Auteur:<br \/>\n<a href=\"http:\/\/www.aps.dz\/regions\/99004-jijel-une-touiza-redonne-vie-au-village-beni-ferah\">Cliquez ici pour lire l&rsquo;article depuis sa source.<\/a><\/p>\n","protected":false},"excerpt":{"rendered":"<p>Appareillages orthop\u00e9diques : des mesures pour rapprocher les prestations des personnes handicap\u00e9es dans les zones isol\u00e9es &#8211; dimanche 15 d\u00e9cembre 2019 19:53 Des organisations nationales et r\u00e9gionales et des partis f\u00e9licitent le pr\u00e9sident \u00e9lu Tebboune &#8211; dimanche 15 d\u00e9cembre 2019 19:42 La pr\u00e9servation du mausol\u00e9e royal Imedghass\u00e8n, responsabilit\u00e9 de tous &#8211; dimanche 15 d\u00e9cembre 2019 [&hellip;]<\/p>\n","protected":false},"author":1790,"featured_media":0,"comment_status":"closed","ping_status":"closed","sticky":false,"template":"","format":"standard","meta":{"fifu_image_url":"","fifu_image_alt":"","footnotes":""},"categories":[53,76],"tags":[],"class_list":["post-70283","post","type-post","status-publish","format-standard","hentry","category-algerie","category-regions"],"_links":{"self":[{"href":"https:\/\/linitiative.ca\/International\/wp-json\/wp\/v2\/posts\/70283","targetHints":{"allow":["GET"]}}],"collection":[{"href":"https:\/\/linitiative.ca\/International\/wp-json\/wp\/v2\/posts"}],"about":[{"href":"https:\/\/linitiative.ca\/International\/wp-json\/wp\/v2\/types\/post"}],"author":[{"embeddable":true,"href":"https:\/\/linitiative.ca\/International\/wp-json\/wp\/v2\/users\/1790"}],"replies":[{"embeddable":true,"href":"https:\/\/linitiative.ca\/International\/wp-json\/wp\/v2\/comments?post=70283"}],"version-history":[{"count":0,"href":"https:\/\/linitiative.ca\/International\/wp-json\/wp\/v2\/posts\/70283\/revisions"}],"wp:attachment":[{"href":"https:\/\/linitiative.ca\/International\/wp-json\/wp\/v2\/media?parent=70283"}],"wp:term":[{"taxonomy":"category","embeddable":true,"href":"https:\/\/linitiative.ca\/International\/wp-json\/wp\/v2\/categories?post=70283"},{"taxonomy":"post_tag","embeddable":true,"href":"https:\/\/linitiative.ca\/International\/wp-json\/wp\/v2\/tags?post=70283"}],"curies":[{"name":"wp","href":"https:\/\/api.w.org\/{rel}","templated":true}]}}