{"id":70289,"date":"2019-12-14T16:46:45","date_gmt":"2019-12-14T21:46:45","guid":{"rendered":"https:\/\/linitiative.ca\/International\/vers-la-creation-dun-centre-daccueil-des-enfants-autistes\/"},"modified":"2019-12-14T16:46:45","modified_gmt":"2019-12-14T21:46:45","slug":"vers-la-creation-dun-centre-daccueil-des-enfants-autistes","status":"publish","type":"post","link":"https:\/\/linitiative.ca\/International\/vers-la-creation-dun-centre-daccueil-des-enfants-autistes\/","title":{"rendered":"Vers la cr\u00e9ation d\u2019un centre d\u2019accueil des enfants autistes"},"content":{"rendered":"<p class=\"c4\">La capitale de l\u2019Oriental se dotera d\u2019un centre d\u2019accueil des enfants et adolescents autistes, dans le cadre d\u2019une initiative caritative visant \u00e0 aider cette cat\u00e9gorie \u00e0 s\u2019\u00e9manciper et s\u2019int\u00e9grer dans la soci\u00e9t\u00e9.<\/p>\n<p class=\"c4\">L\u2019annonce a \u00e9t\u00e9 faite lors d\u2019un \u00e9v\u00e8nement de sensibilisation \u00e0 l\u2019autisme, organis\u00e9 samedi au th\u00e9\u00e2tre Mohammed VI d\u2019Oujda par le Conseil de la pr\u00e9fecture d\u2019Oujda-Angad, en partenariat avec les associations Ummah Charity et Les Anges du paradis et l\u2019Institut fran\u00e7ais d\u2019Oujda.<\/p>\n<p class=\"c4\">Le futur centre d\u2019accueil des enfants et adolescents autistes d\u2019Oujda est un projet port\u00e9 par Les Anges du paradis et Ummah Charity. Il n\u00e9cessitera une enveloppe de 15 millions de dirhams (MDH) financ\u00e9e par Ummah Charity et un promoteur immobilier, avec le soutien notamment du Conseil de la pr\u00e9fecture d\u2019Oujda-Angad et la Fondation Al-Hayat.<\/p>\n<p class=\"c4\">Le centre s\u2019\u00e9talera sur une superficie de 10.000 m2 comprenant plusieurs installations dont un internat, une piscine, une \u00e9curie et des espaces de jeu, et n\u00e9cessitera 12 mois de travaux.<\/p>\n<p class=\"c4\">Dans une allocution \u00e0 cette occasion, le pr\u00e9sident du Conseil de la pr\u00e9fecture d\u2019Oujda-Angad, Hicham Essghir, a affirm\u00e9 que ce projet constituera le premier centre d\u2019accueil sp\u00e9cialis\u00e9 pour les autistes au Maroc et en Afrique, ajoutant que cette structure accueillera et assurera un accompagnement personnalis\u00e9 aux enfants autistes.<\/p>\n<p class=\"c4\">Le Conseil de la pr\u00e9fecture d\u2019Oujda-Angad accorde un grand int\u00e9r\u00eat \u00e0 cette noble cause et souhaite mettre en \u0153uvre tous les moyens n\u00e9cessaires pour la soutenir, a-t-il assur\u00e9.<\/p>\n<p class=\"c4\">Ce centre fera partie du p\u00f4le social caritatif d\u2019Oujda qui accueillera \u00e0 terme sept \u00e9tablissements sociaux, dont deux sont d\u00e9j\u00e0 entr\u00e9s en service \u00e0 savoir le centre de la Fondation Al-Hayat et le centre des filles orphelines \u00abDar Al-Yatima\u00bb, a pr\u00e9cis\u00e9 M. Essghir.<\/p>\n<p class=\"c4\">Cette rencontre de sensibilisation a \u00e9t\u00e9 marqu\u00e9e par la projection du film fran\u00e7ais \u00abHors Normes\u00bb d\u2019Eric Toledano et Olivier Nakache, traitant de la th\u00e9matique de l\u2019autisme.<\/p>\n<p class=\"c4\">Le long m\u00e9trage, pr\u00e9sent\u00e9 hors comp\u00e9tition dans la s\u00e9lection officielle du Festival de Cannes 2019 et qui a re\u00e7u le prix du public au Festival international du film de Saint-S\u00e9bastien 2019, relate le quotidien d\u2019acteurs associatifs qui forment des jeunes issus de quartiers difficiles pour encadrer des enfants et adolescents souffrant d\u2019autisme.<\/p>\n<p>Auteur: Soufiane ELAHMAR<br \/>\n<a href=\"http:\/\/www.mapoujda.ma\/fr\/vers-la-creation-dun-centre-daccueil-des-enfants-autistes\/\">Cliquez ici pour lire l&rsquo;article depuis sa source.<\/a><\/p>\n","protected":false},"excerpt":{"rendered":"<p>La capitale de l\u2019Oriental se dotera d\u2019un centre d\u2019accueil des enfants et adolescents autistes, dans le cadre d\u2019une initiative caritative visant \u00e0 aider cette cat\u00e9gorie \u00e0 s\u2019\u00e9manciper et s\u2019int\u00e9grer dans la soci\u00e9t\u00e9. L\u2019annonce a \u00e9t\u00e9 faite lors d\u2019un \u00e9v\u00e8nement de sensibilisation \u00e0 l\u2019autisme, organis\u00e9 samedi au th\u00e9\u00e2tre Mohammed VI d\u2019Oujda par le Conseil de la [&hellip;]<\/p>\n","protected":false},"author":1788,"featured_media":0,"comment_status":"closed","ping_status":"closed","sticky":false,"template":"","format":"standard","meta":{"fifu_image_url":"","fifu_image_alt":"","footnotes":""},"categories":[54,76],"tags":[],"class_list":["post-70289","post","type-post","status-publish","format-standard","hentry","category-maroc","category-regions"],"_links":{"self":[{"href":"https:\/\/linitiative.ca\/International\/wp-json\/wp\/v2\/posts\/70289","targetHints":{"allow":["GET"]}}],"collection":[{"href":"https:\/\/linitiative.ca\/International\/wp-json\/wp\/v2\/posts"}],"about":[{"href":"https:\/\/linitiative.ca\/International\/wp-json\/wp\/v2\/types\/post"}],"author":[{"embeddable":true,"href":"https:\/\/linitiative.ca\/International\/wp-json\/wp\/v2\/users\/1788"}],"replies":[{"embeddable":true,"href":"https:\/\/linitiative.ca\/International\/wp-json\/wp\/v2\/comments?post=70289"}],"version-history":[{"count":0,"href":"https:\/\/linitiative.ca\/International\/wp-json\/wp\/v2\/posts\/70289\/revisions"}],"wp:attachment":[{"href":"https:\/\/linitiative.ca\/International\/wp-json\/wp\/v2\/media?parent=70289"}],"wp:term":[{"taxonomy":"category","embeddable":true,"href":"https:\/\/linitiative.ca\/International\/wp-json\/wp\/v2\/categories?post=70289"},{"taxonomy":"post_tag","embeddable":true,"href":"https:\/\/linitiative.ca\/International\/wp-json\/wp\/v2\/tags?post=70289"}],"curies":[{"name":"wp","href":"https:\/\/api.w.org\/{rel}","templated":true}]}}