{"id":70290,"date":"2019-12-14T19:00:52","date_gmt":"2019-12-15T00:00:52","guid":{"rendered":"https:\/\/linitiative.ca\/International\/formation-sur-la-gouvernance-au-profit-des-conseilleres-communales\/"},"modified":"2019-12-14T19:00:52","modified_gmt":"2019-12-15T00:00:52","slug":"formation-sur-la-gouvernance-au-profit-des-conseilleres-communales","status":"publish","type":"post","link":"https:\/\/linitiative.ca\/International\/formation-sur-la-gouvernance-au-profit-des-conseilleres-communales\/","title":{"rendered":"Formation sur la gouvernance au profit des conseill\u00e8res communales"},"content":{"rendered":"<p class=\"c4\">Le parti du Mouvement Populaire (MP) organise, les 14 et 15 d\u00e9cembre \u00e0 Oujda, une session de formation dans le cadre du projet de \u00ab\u00a0renforcement des capacit\u00e9s des conseill\u00e8res des collectivit\u00e9s territoriales en mati\u00e8re de gouvernance et de gestion de la chose locale\u00a0\u00bb.<\/p>\n<p class=\"c4\">Cette session de formation et d\u2019encadrement s\u2019inscrit dans le cadre d\u2019une s\u00e9rie de rencontres initi\u00e9es par le parti en partenariat avec le Fonds de soutien \u00e0 l\u2019encouragement de la repr\u00e9sentation des femmes dans le cadre du projet de renforcement des capacit\u00e9s des conseill\u00e8res communales.<\/p>\n<p class=\"c4\">Le programme de cette session comporte des interventions et expos\u00e9s traitant de \u00ab\u00a0l\u2019\u00e9galit\u00e9 et la parit\u00e9, l\u2019approche juridique\u00a0\u00bb et du \u00ab\u00a0r\u00f4le des partis politiques dans le renforcement de la participation de la femme au sein des conseils \u00e9lus\u00a0\u00bb, en sus d\u2019un atelier de formation sur \u00ab\u00a0les comit\u00e9s de parit\u00e9 et l\u2019\u00e9galit\u00e9 des chances dans les collectivit\u00e9s territoriales\u00a0\u00bb qui sera enrichi par un d\u00e9bat sur les r\u00e9alisations et les attentes.<\/p>\n<p class=\"c4\">Cette session qui r\u00e9unit plusieurs femmes \u00e0 Oujda est la troisi\u00e8me apr\u00e8s celles tenues dans les villes de B\u00e9ni Mellal et Ifrane, a indiqu\u00e9 \u00e0 cette occasion Mme Fatiha gharrabi, membre de l\u2019organisation de la femme harakie.<\/p>\n<p class=\"c4\">L\u2019objectif escompt\u00e9 consiste \u00e0 renforcer les capacit\u00e9s des femmes conseill\u00e8res et membres des conseils \u00e9lus afin qu\u2019elles puissent jouer pleinement leur r\u00f4le, ma\u00eetriser les m\u00e9canismes et outils de gouvernance, et participer activement \u00e0 la gestion de la chose locale, a-t-elle fait savoir dans une d\u00e9claration \u00e0 la presse.<\/p>\n<p class=\"c4\">Elle a soulign\u00e9 dans ce sens l\u2019importance et la n\u00e9cessit\u00e9 de conforter la pr\u00e9sence de la femme dans les diff\u00e9rentes \u00e9tapes du chantier de d\u00e9veloppement et de la prise de d\u00e9cision, et ce conform\u00e9ment aux Hautes orientations de SM le Roi Mohammed VI et aux dispositions de la Constitution dans ce domaine.<\/p>\n<p class=\"c4\">Les autres intervenants \u00e0 l\u2019ouverture de cette session ont mis en avant l\u2019int\u00e9r\u00eat qu\u2019accorde le Mouvement populaire \u00e0 l\u2019\u00e9mancipation de la femme, \u00e0 l\u2019encouragement de sa participation \u00e0 la vie politique et \u00e0 la cons\u00e9cration des principes d\u2019\u00e9galit\u00e9 et de parit\u00e9.<\/p>\n<p class=\"c4\">Cr\u00e9\u00e9 en 2009 conform\u00e9ment aux Hautes Orientations Royales, le Fonds de soutien \u00e0 l\u2019encouragement de la repr\u00e9sentativit\u00e9 des femmes est un m\u00e9canisme qui s\u2019assigne pour objectif de renforcer les capacit\u00e9s des femmes en vue de faciliter leur int\u00e9gration dans la vie politique et \u00e9lectorale nationale.<\/p>\n<p class=\"c4\">Ce m\u00e9canisme, l\u2019un des principaux utilis\u00e9s pour atteindre la parit\u00e9 pr\u00e9vue par l\u2019article 19 de la Constitution de 2011, est compos\u00e9 de repr\u00e9sentants de d\u00e9partement gouvernementaux, de partis politiques et de la soci\u00e9t\u00e9 civile.<\/p>\n<p>Auteur: Soufiane ELAHMAR<br \/>\n<a href=\"http:\/\/www.mapoujda.ma\/fr\/formation-sur-la-gouvernance-au-profit-des-conseilleres-communales\/\">Cliquez ici pour lire l&rsquo;article depuis sa source.<\/a><\/p>\n","protected":false},"excerpt":{"rendered":"<p>Le parti du Mouvement Populaire (MP) organise, les 14 et 15 d\u00e9cembre \u00e0 Oujda, une session de formation dans le cadre du projet de \u00ab\u00a0renforcement des capacit\u00e9s des conseill\u00e8res des collectivit\u00e9s territoriales en mati\u00e8re de gouvernance et de gestion de la chose locale\u00a0\u00bb. Cette session de formation et d\u2019encadrement s\u2019inscrit dans le cadre d\u2019une s\u00e9rie [&hellip;]<\/p>\n","protected":false},"author":1788,"featured_media":0,"comment_status":"closed","ping_status":"closed","sticky":false,"template":"","format":"standard","meta":{"fifu_image_url":"","fifu_image_alt":"","footnotes":""},"categories":[54,76],"tags":[],"class_list":["post-70290","post","type-post","status-publish","format-standard","hentry","category-maroc","category-regions"],"_links":{"self":[{"href":"https:\/\/linitiative.ca\/International\/wp-json\/wp\/v2\/posts\/70290","targetHints":{"allow":["GET"]}}],"collection":[{"href":"https:\/\/linitiative.ca\/International\/wp-json\/wp\/v2\/posts"}],"about":[{"href":"https:\/\/linitiative.ca\/International\/wp-json\/wp\/v2\/types\/post"}],"author":[{"embeddable":true,"href":"https:\/\/linitiative.ca\/International\/wp-json\/wp\/v2\/users\/1788"}],"replies":[{"embeddable":true,"href":"https:\/\/linitiative.ca\/International\/wp-json\/wp\/v2\/comments?post=70290"}],"version-history":[{"count":0,"href":"https:\/\/linitiative.ca\/International\/wp-json\/wp\/v2\/posts\/70290\/revisions"}],"wp:attachment":[{"href":"https:\/\/linitiative.ca\/International\/wp-json\/wp\/v2\/media?parent=70290"}],"wp:term":[{"taxonomy":"category","embeddable":true,"href":"https:\/\/linitiative.ca\/International\/wp-json\/wp\/v2\/categories?post=70290"},{"taxonomy":"post_tag","embeddable":true,"href":"https:\/\/linitiative.ca\/International\/wp-json\/wp\/v2\/tags?post=70290"}],"curies":[{"name":"wp","href":"https:\/\/api.w.org\/{rel}","templated":true}]}}