{"id":70293,"date":"2019-12-15T15:14:49","date_gmt":"2019-12-15T20:14:49","guid":{"rendered":"https:\/\/linitiative.ca\/International\/afrique-entre-mahrez-mane-et-salah-madjer-donne-son-favori-pour-le-ballon-d-or-africain\/"},"modified":"2019-12-15T15:14:49","modified_gmt":"2019-12-15T20:14:49","slug":"afrique-entre-mahrez-mane-et-salah-madjer-donne-son-favori-pour-le-ballon-d-or-africain","status":"publish","type":"post","link":"https:\/\/linitiative.ca\/International\/afrique-entre-mahrez-mane-et-salah-madjer-donne-son-favori-pour-le-ballon-d-or-africain\/","title":{"rendered":"Afrique : Entre Mahrez, Man\u00e9 et Salah, Madjer donne son favori pour le Ballon d\u2019 Or Africain"},"content":{"rendered":"<div readability=\"32\">\n<p>Auteur : <span>Riad O.<\/span> <span class=\"time\">dimanche 15 d\u00e9cembre 2019 18:34<\/span><\/p>\n<\/div>\n<div id=\"post_core\" readability=\"42\">\n<p>La l\u00e9gende du football Alg\u00e9rien, Rabah Madjer, et dans un entretien accord\u00e9 au site Kooora, a donn\u00e9 son favori pour remporter le Ballon d\u2019Or africain. A la question de savoir quel est son favori pour remporter ce troph\u00e9e entre Mahrez, Man\u00e9 et Salah, \u00a0Madjer a r\u00e9pondu\u00a0:\u00a0\u00abJe pense que \u00e7a sera Sadio Man\u00e9.\u00bb<\/p>\n<p><strong>Publi\u00e9 dans :<\/strong> <span>madjer<\/span> <span>salah<\/span> <span>Mahrez<\/span> <span>man\u00e9<\/span><\/p>\n<\/div>\n<p>Auteur:<br \/>\n<a href=\"http:\/\/www.lebuteur.com\/article\/detail?titre=entre-mahrez-mane-et-salah-madjer-donne-son-favori-pour-le-ballon-d-or-africain&#038;id=93599&#038;utm_source=feedburner&#038;utm_medium=feed&#038;utm_campaign=Feed%3A+GalerieFArtciles+%28Les+derniers+articles++-+lebuteur.com%29\">Cliquez ici pour lire l&rsquo;article depuis sa source.<\/a><\/p>\n","protected":false},"excerpt":{"rendered":"<p>Auteur : Riad O. dimanche 15 d\u00e9cembre 2019 18:34 La l\u00e9gende du football Alg\u00e9rien, Rabah Madjer, et dans un entretien accord\u00e9 au site Kooora, a donn\u00e9 son favori pour remporter le Ballon d\u2019Or africain. A la question de savoir quel est son favori pour remporter ce troph\u00e9e entre Mahrez, Man\u00e9 et Salah, \u00a0Madjer a r\u00e9pondu\u00a0:\u00a0\u00abJe [&hellip;]<\/p>\n","protected":false},"author":1738,"featured_media":70294,"comment_status":"closed","ping_status":"closed","sticky":false,"template":"","format":"standard","meta":{"fifu_image_url":"","fifu_image_alt":"","footnotes":""},"categories":[53,75],"tags":[],"class_list":["post-70293","post","type-post","status-publish","format-standard","has-post-thumbnail","hentry","category-algerie","category-sport"],"_links":{"self":[{"href":"https:\/\/linitiative.ca\/International\/wp-json\/wp\/v2\/posts\/70293","targetHints":{"allow":["GET"]}}],"collection":[{"href":"https:\/\/linitiative.ca\/International\/wp-json\/wp\/v2\/posts"}],"about":[{"href":"https:\/\/linitiative.ca\/International\/wp-json\/wp\/v2\/types\/post"}],"author":[{"embeddable":true,"href":"https:\/\/linitiative.ca\/International\/wp-json\/wp\/v2\/users\/1738"}],"replies":[{"embeddable":true,"href":"https:\/\/linitiative.ca\/International\/wp-json\/wp\/v2\/comments?post=70293"}],"version-history":[{"count":0,"href":"https:\/\/linitiative.ca\/International\/wp-json\/wp\/v2\/posts\/70293\/revisions"}],"wp:featuredmedia":[{"embeddable":true,"href":"https:\/\/linitiative.ca\/International\/wp-json\/"}],"wp:attachment":[{"href":"https:\/\/linitiative.ca\/International\/wp-json\/wp\/v2\/media?parent=70293"}],"wp:term":[{"taxonomy":"category","embeddable":true,"href":"https:\/\/linitiative.ca\/International\/wp-json\/wp\/v2\/categories?post=70293"},{"taxonomy":"post_tag","embeddable":true,"href":"https:\/\/linitiative.ca\/International\/wp-json\/wp\/v2\/tags?post=70293"}],"curies":[{"name":"wp","href":"https:\/\/api.w.org\/{rel}","templated":true}]}}