{"id":70295,"date":"2019-12-15T15:14:51","date_gmt":"2019-12-15T20:14:51","guid":{"rendered":"https:\/\/linitiative.ca\/International\/pros-meziane-buteur-face-a-ajman\/"},"modified":"2019-12-15T15:14:51","modified_gmt":"2019-12-15T20:14:51","slug":"pros-meziane-buteur-face-a-ajman","status":"publish","type":"post","link":"https:\/\/linitiative.ca\/International\/pros-meziane-buteur-face-a-ajman\/","title":{"rendered":"Pros : Meziane buteur face \u00e0 Ajman"},"content":{"rendered":"<div readability=\"32\">\n<p>Auteur : <span>Riad O.<\/span> <span class=\"time\">dimanche 15 d\u00e9cembre 2019 18:36<\/span><\/p>\n<\/div>\n<div id=\"post_core\" readability=\"42\">\n<p>Bonne nouvelle pour Abderrahmane Meziane; Apr\u00e8s une longue absence de plusieurs semaines en raison de blessure, le joueur milieu de terrain Alg\u00e9rien d\u2019Al-Ain a \u00e9t\u00e9 titularis\u00e9 aujourd\u2019hui lors de la rencontre face \u00e0 Ajman \u00e0 l\u2019occasion de la neuvi\u00e8me journ\u00e9e du championnat des Emirats Arabes Unis. Victime d\u2019une grave blessure au genou, le 26 septembre dernier face \u00e0 Al Wassl, Meziane, et apr\u00e8s une absence de plusieurs mois, a livr\u00e9 une bonne prestation face \u00e0 Ajman. Mieux encore, l\u2019ex usmiste a sign\u00e9 un joli but, contribuant au succ\u00e8s de son team (1-4). Il s\u2019agit-l\u00e0 du premier but de Meziane avec Al Ain depuis son arriv\u00e9e en championnat des Emirats Arabes Unis.<\/p>\n<p><strong>Publi\u00e9 dans :<\/strong> <span>Meziane<\/span><\/p>\n<\/div>\n<p>Auteur:<br \/>\n<a href=\"http:\/\/www.lebuteur.com\/article\/detail?titre=meziane-buteur-face-a-ajman&#038;id=93600&#038;utm_source=feedburner&#038;utm_medium=feed&#038;utm_campaign=Feed%3A+GalerieFArtciles+%28Les+derniers+articles++-+lebuteur.com%29\">Cliquez ici pour lire l&rsquo;article depuis sa source.<\/a><\/p>\n","protected":false},"excerpt":{"rendered":"<p>Auteur : Riad O. dimanche 15 d\u00e9cembre 2019 18:36 Bonne nouvelle pour Abderrahmane Meziane; Apr\u00e8s une longue absence de plusieurs semaines en raison de blessure, le joueur milieu de terrain Alg\u00e9rien d\u2019Al-Ain a \u00e9t\u00e9 titularis\u00e9 aujourd\u2019hui lors de la rencontre face \u00e0 Ajman \u00e0 l\u2019occasion de la neuvi\u00e8me journ\u00e9e du championnat des Emirats Arabes Unis. [&hellip;]<\/p>\n","protected":false},"author":1738,"featured_media":70296,"comment_status":"closed","ping_status":"closed","sticky":false,"template":"","format":"standard","meta":{"fifu_image_url":"","fifu_image_alt":"","footnotes":""},"categories":[53,75],"tags":[],"class_list":["post-70295","post","type-post","status-publish","format-standard","has-post-thumbnail","hentry","category-algerie","category-sport"],"_links":{"self":[{"href":"https:\/\/linitiative.ca\/International\/wp-json\/wp\/v2\/posts\/70295","targetHints":{"allow":["GET"]}}],"collection":[{"href":"https:\/\/linitiative.ca\/International\/wp-json\/wp\/v2\/posts"}],"about":[{"href":"https:\/\/linitiative.ca\/International\/wp-json\/wp\/v2\/types\/post"}],"author":[{"embeddable":true,"href":"https:\/\/linitiative.ca\/International\/wp-json\/wp\/v2\/users\/1738"}],"replies":[{"embeddable":true,"href":"https:\/\/linitiative.ca\/International\/wp-json\/wp\/v2\/comments?post=70295"}],"version-history":[{"count":0,"href":"https:\/\/linitiative.ca\/International\/wp-json\/wp\/v2\/posts\/70295\/revisions"}],"wp:featuredmedia":[{"embeddable":true,"href":"https:\/\/linitiative.ca\/International\/wp-json\/"}],"wp:attachment":[{"href":"https:\/\/linitiative.ca\/International\/wp-json\/wp\/v2\/media?parent=70295"}],"wp:term":[{"taxonomy":"category","embeddable":true,"href":"https:\/\/linitiative.ca\/International\/wp-json\/wp\/v2\/categories?post=70295"},{"taxonomy":"post_tag","embeddable":true,"href":"https:\/\/linitiative.ca\/International\/wp-json\/wp\/v2\/tags?post=70295"}],"curies":[{"name":"wp","href":"https:\/\/api.w.org\/{rel}","templated":true}]}}