{"id":70299,"date":"2019-12-15T15:14:54","date_gmt":"2019-12-15T20:14:54","guid":{"rendered":"https:\/\/linitiative.ca\/International\/pros-milan-ac-pioli-bennacer-a-ce-quil-faut-pour-evoluer-au-san-siro\/"},"modified":"2019-12-15T15:14:54","modified_gmt":"2019-12-15T20:14:54","slug":"pros-milan-ac-pioli-bennacer-a-ce-quil-faut-pour-evoluer-au-san-siro","status":"publish","type":"post","link":"https:\/\/linitiative.ca\/International\/pros-milan-ac-pioli-bennacer-a-ce-quil-faut-pour-evoluer-au-san-siro\/","title":{"rendered":"Pros : Milan AC &#8211; Pioli : \u00ab\u00a0Bennacer a ce qu&rsquo;il faut pour \u00e9voluer au San Siro\u00a0\u00bb"},"content":{"rendered":"<div readability=\"32\">\n<p>Auteur : <span class=\"time\">dimanche 15 d\u00e9cembre 2019 20:37<\/span><\/p>\n<\/div>\n<div id=\"post_core\" readability=\"39\">\n<p>L&rsquo;international alg\u00e9rien a d&rsquo;ailleurs manqu\u00e9 une grosse occasion d&rsquo;ouvrir le score\u00a0 en premi\u00e8re p\u00e9riode face aux visiteurs. La rencontre s&rsquo;est termin\u00e9e par un bien terne 0-0. A l&rsquo;issue de la rencontre, le coach milanais Stefano Pioli a d\u00e9clar\u00e9 qu&rsquo;il faisait pleinement confiance \u00e0 Bennacer pour \u00e9voluer au plus haut niveau. Il a ainsi d\u00e9clar\u00e9 :<\/p>\n<p>\u00ab\u00a0Bennacer a ce qu&rsquo;il faut pour \u00e9voluer au San Siro. Il poss\u00e8de les qualit\u00e9s n\u00e9cessaires pour jouer au haut niveau\u00a0\u00bb.<\/p>\n<p><strong>Publi\u00e9 dans :<\/strong> <span>BENNACER<\/span><\/p>\n<\/div>\n<p>Auteur:<br \/>\n<a href=\"http:\/\/www.lebuteur.com\/article\/detail?titre=milan-ac-pioli-bennacer-a-ce-quil-faut-pour-evoluer-au-san-siro&#038;id=93602&#038;utm_source=feedburner&#038;utm_medium=feed&#038;utm_campaign=Feed%3A+GalerieFArtciles+%28Les+derniers+articles++-+lebuteur.com%29\">Cliquez ici pour lire l&rsquo;article depuis sa source.<\/a><\/p>\n","protected":false},"excerpt":{"rendered":"<p>Auteur : dimanche 15 d\u00e9cembre 2019 20:37 L&rsquo;international alg\u00e9rien a d&rsquo;ailleurs manqu\u00e9 une grosse occasion d&rsquo;ouvrir le score\u00a0 en premi\u00e8re p\u00e9riode face aux visiteurs. La rencontre s&rsquo;est termin\u00e9e par un bien terne 0-0. A l&rsquo;issue de la rencontre, le coach milanais Stefano Pioli a d\u00e9clar\u00e9 qu&rsquo;il faisait pleinement confiance \u00e0 Bennacer pour \u00e9voluer au plus [&hellip;]<\/p>\n","protected":false},"author":1738,"featured_media":70300,"comment_status":"closed","ping_status":"closed","sticky":false,"template":"","format":"standard","meta":{"fifu_image_url":"","fifu_image_alt":"","footnotes":""},"categories":[53,75],"tags":[],"class_list":["post-70299","post","type-post","status-publish","format-standard","has-post-thumbnail","hentry","category-algerie","category-sport"],"_links":{"self":[{"href":"https:\/\/linitiative.ca\/International\/wp-json\/wp\/v2\/posts\/70299","targetHints":{"allow":["GET"]}}],"collection":[{"href":"https:\/\/linitiative.ca\/International\/wp-json\/wp\/v2\/posts"}],"about":[{"href":"https:\/\/linitiative.ca\/International\/wp-json\/wp\/v2\/types\/post"}],"author":[{"embeddable":true,"href":"https:\/\/linitiative.ca\/International\/wp-json\/wp\/v2\/users\/1738"}],"replies":[{"embeddable":true,"href":"https:\/\/linitiative.ca\/International\/wp-json\/wp\/v2\/comments?post=70299"}],"version-history":[{"count":0,"href":"https:\/\/linitiative.ca\/International\/wp-json\/wp\/v2\/posts\/70299\/revisions"}],"wp:featuredmedia":[{"embeddable":true,"href":"https:\/\/linitiative.ca\/International\/wp-json\/"}],"wp:attachment":[{"href":"https:\/\/linitiative.ca\/International\/wp-json\/wp\/v2\/media?parent=70299"}],"wp:term":[{"taxonomy":"category","embeddable":true,"href":"https:\/\/linitiative.ca\/International\/wp-json\/wp\/v2\/categories?post=70299"},{"taxonomy":"post_tag","embeddable":true,"href":"https:\/\/linitiative.ca\/International\/wp-json\/wp\/v2\/tags?post=70299"}],"curies":[{"name":"wp","href":"https:\/\/api.w.org\/{rel}","templated":true}]}}