{"id":70301,"date":"2019-12-15T15:20:23","date_gmt":"2019-12-15T20:20:23","guid":{"rendered":"https:\/\/linitiative.ca\/International\/m-rabehi-a-propos-de-la-presidentielle-une-nouvelle-lecon-de-nationalisme\/"},"modified":"2019-12-15T15:20:23","modified_gmt":"2019-12-15T20:20:23","slug":"m-rabehi-a-propos-de-la-presidentielle-une-nouvelle-lecon-de-nationalisme","status":"publish","type":"post","link":"https:\/\/linitiative.ca\/International\/m-rabehi-a-propos-de-la-presidentielle-une-nouvelle-lecon-de-nationalisme\/","title":{"rendered":"M. Rabehi \u00e0 propos de la pr\u00e9sidentielle : \u00abUne nouvelle le\u00e7on de nationalisme\u00bb"},"content":{"rendered":"<p>Le ministre de la Communication, porte-parole du gouvernement, ministre de la Culture par int\u00e9rim, Hassan Rabehi, a affirm\u00e9, dimanche dernier \u00e0 Batna, que la pr\u00e9sidentielle du 12 d\u00e9cembre \u00e9tait \u00abun acquis pr\u00e9cieux ouvrant la voie \u00e0 une nouvelle \u00e8re qui s&rsquo;appuie sur la d\u00e9mocratie r\u00e9elle pour l&rsquo;\u00e9dification d&rsquo;un Etat de droit\u00bb.<br \/>\u00a0Dans une allocution \u00e0 l&rsquo;occasion de l&rsquo;inauguration d&rsquo;une nouvelle station de t\u00e9l\u00e9vision \u00e0 Batna, M. Rabehi a d\u00e9clar\u00e9 que la pr\u00e9sidentielle, organis\u00e9e il y a trois jours, \u00e9tait \u00abun pr\u00e9cieux acquis ouvrant la voie \u00e0 une nouvelle \u00e8re qui s&rsquo;appuie sur la d\u00e9mocratie r\u00e9elle pour l&rsquo;\u00e9dification d\u2019un l&rsquo;Etat de droit pour lequel se sont sacrifi\u00e9s nos a\u00efeux et auquel aspirent les patriotes int\u00e8gres\u00bb.<br \/>\u00abCet \u00e9v\u00e9nement historique\u00bb, a-t-il poursuivi, \u00abs&rsquo;est d\u00e9roul\u00e9 dans des conditions \u00e0 la hauteur de la conscience du peuple alg\u00e9rien et de l&rsquo;engagement de l&rsquo;Arm\u00e9e nationale populaire (ANP) \u00e0 la doctrine de loyaut\u00e9 \u00e0 la patrie, \u00e0 la pr\u00e9servation de son unit\u00e9 et de sa souverainet\u00e9 et d&rsquo;adh\u00e9sion aux choix judicieux et l\u00e9gitimes du peuple\u00bb.<br \/>Le peuple alg\u00e9rien \u00aba exerc\u00e9 son droit \u00e9lectoral, dans toutes les r\u00e9gions du pays, avec conviction et espoir en l&rsquo;avenir, donnant, ainsi, au monde entier, une nouvelle le\u00e7on de nationalisme, ancr\u00e9 dans les g\u00e8nes des Alg\u00e9riens, s&rsquo;illustrant \u00e0 chaque fois par des positions d&rsquo;Hommes qui barrent la route aux pr\u00e9dateurs et mettent en \u00e9chec les man\u0153uvres des haineux et des comploteurs\u00bb, a-t-il soutenu.<br \/>Evoquant le secteur de la Communication, le ministre a assur\u00e9 qu&rsquo;il \u00abcontinuera \u00e0 accompagner les pouvoirs en charge de la gestion des affaires nationales et locales et \u00eatre le porte-voix des pr\u00e9occupations et ambitions des Alg\u00e9riens o\u00f9 qu&rsquo;ils soient, dans le cadre du service public que le gouvernement s&rsquo;attelle \u00e0 assurer de la meilleure fa\u00e7on qui soit\u00bb.<br \/>Les efforts du d\u00e9partement de la Communication \u00absont la concr\u00e9tisation de la politique de l&rsquo;Etat qui accorde une importance capitale au droit du citoyen \u00e0 l&rsquo;information exacte, notamment \u00e0 la lumi\u00e8re de la prolif\u00e9ration des fake news, largement relay\u00e9s par les r\u00e9seaux sociaux\u00bb, a-t-il soulign\u00e9.<br \/>F\u00e9licitant les habitants de Batna pour cette station de t\u00e9l\u00e9vision qui, a-t-il dit, \u00abpermettra \u00e0 la r\u00e9gion d&rsquo;\u00eatre mieux servie en information et actualit\u00e9 \u00e0 la faveur de sa collaboration avec la station centrale et avec les autres stations r\u00e9gionales de t\u00e9l\u00e9vision\u00bb.<br \/>Soulignant que \u00abcet acquis m\u00e9diatique local s&rsquo;inscrit dans le cadre d&rsquo;un programme visant le renforcement de l&rsquo;information de proximit\u00e9, notamment dans les r\u00e9gions du Sud et des Hauts Plateaux\u00bb, le ministre a rappel\u00e9 l&rsquo;inauguration r\u00e9cemment de stations de t\u00e9l\u00e9vision dans les wilayas de Tindouf, Illizi, S\u00e9tif et Djelfa en attendant la poursuite de l&rsquo;op\u00e9ration dans d&rsquo;autres wilayas.<br \/>Il a affirm\u00e9, \u00e0 ce propos, que l&rsquo;inauguration de ces nouvelles structures m\u00e9diatiques lui a permis de \u00abconstater la capacit\u00e9 des comp\u00e9tences locales, dans chaque r\u00e9gion, en mati\u00e8re de ma\u00eetrise de leur supervision et de leur gestion technique, administrative et m\u00e9diatique\u00bb, estimant que ces comp\u00e9tences form\u00e9es en Alg\u00e9rie et qui ont prouv\u00e9 leur ma\u00eetrise des technologies moderne de l&rsquo;information et de la communication, \u00absont un investissement en l&rsquo;avenir et une exhortation aux jeunes \u00e0 aller de l&rsquo;avant et \u00e0 s&rsquo;armer de savoir et de connaissances offertes\u00bb.<br \/>Evoquant la wilaya, le porte-parole du gouvernement a d\u00e9clar\u00e9 que \u00abBatna, berceau de la guerre de lib\u00e9ration nationale, se distingue \u00e9galement par plusieurs atouts et caract\u00e9ristiques, notamment ses sites touristiques et ses hauts faits historiques qui lui permettent d&rsquo;\u00eatre une destination nationale et internationale incontournable\u00bb.<br \/>Le ministre a cit\u00e9, \u00e0 ce propos, la ville de Timgad, class\u00e9e patrimoine mondial de l&rsquo;Unesco, le mausol\u00e9e Medracen (Imedghassen), les c\u00e9l\u00e8bres Balcons du Ghoufi, le parc national de Belezma, qui renferme une faune et une flore unique en son genre et les monts de Chelia&#8230;\u00bb. \u00abSa position g\u00e9ographique conjugu\u00e9e aux structures et infrastructures qu&rsquo;elle rec\u00e8lent, habilitent la wilaya de Batna \u00e0 avoir un avenir \u00e0 la hauteur que sa glorieuse histoire et \u00e0 aspirer toujours au meilleur\u00bb, a soulign\u00e9 M. Rabehi \u00e9voquant la relance possible de la base industrielle, acquise dans les ann\u00e9es 1970, pour \u00eatre la locomotive de la nouvelle orientation \u00e9conomique et du d\u00e9veloppent de la r\u00e9gion, \u00e0 la faveur de l&rsquo;int\u00e9r\u00eat et du soutien du gouvernement dans le cadre du programme destin\u00e9 aux Hauts Plateaux et au Sud.<br \/>Ce soutien et cet int\u00e9r\u00eat \u00abont \u00e9t\u00e9 traduits r\u00e9cemment par le nouveau d\u00e9coupage administratif qui a profit\u00e9 \u00e0 la wilaya de Batna \u00e0 travers la promotion, en circonscriptions administratives, des communes de Barika, Aris et Merouana\u00bb, a-t-il rappel\u00e9 ajoutant que cette nouvelle restructuration administrative \u00abr\u00e9pond aux exigences de la r\u00e9alit\u00e9 et aux perspectives fond\u00e9es sur la cons\u00e9cration de la politique de rapprochement de l&rsquo;administration du citoyen en vue d&rsquo;une meilleure prise en charge de ses pr\u00e9occupations\u00bb.<br \/>Cette politique vise, en outre, la rationalisation des d\u00e9penses et l&rsquo;optimisation des ressources humaines au service du d\u00e9veloppement durable et de la promotion de la gouvernance locale et nationale\u00bb.<br \/>Dans son allocution, M. Rabehi \u00aba mis en avant le message sacr\u00e9 pour lequel se sont sacrifi\u00e9s les femmes et les hommes de l&rsquo;Alg\u00e9rie depuis le d\u00e9clenchement de la premi\u00e8re \u00e9tincelle de la Glorieuse guerre de Lib\u00e9ration par un groupe de jeunes conduit par le fils prodige de cette ville, Mustapha Benboula\u00efd\u00bb.<br \/>\u00a0<br \/><strong>Consolider l\u2019information de proximit\u00e9<\/strong><\/p>\n<p>Le ministre a consid\u00e9r\u00e9 que les centres r\u00e9gionaux de la t\u00e9l\u00e9vision alg\u00e9rienne et autres m\u00e9dias sont \u00e0 m\u00eame de constituer un centre de rayonnement et de consolider l\u2019information de proximit\u00e9.<br \/>En marge de l\u2019inauguration d\u2019un centre r\u00e9gional de la t\u00e9l\u00e9vision, d\u2019un si\u00e8ge de l\u2019APS et d\u2019une maison de la presse au centre-ville, le ministre qui \u00e9tait accompagn\u00e9 des directeurs g\u00e9n\u00e9raux de l\u2019agence Alg\u00e9rie presse service (APS), de la T\u00e9l\u00e9vision alg\u00e9rienne et de la Radio nationale a indiqu\u00e9 que \u00abl\u2019objectif du gouvernement et de l\u2019Etat alg\u00e9rien est de mettre \u00e0 la disposition des citoyens de toutes les r\u00e9gions du pays les moyens d\u2019information y compris des m\u00e9dias de proximit\u00e9 dans un souci d\u2019offrir un service public de qualit\u00e9\u00bb.<br \/>Concernant le centre r\u00e9gional de la t\u00e9l\u00e9vision alg\u00e9rienne, M. Rabehi a indiqu\u00e9 qu\u2019il s\u2019inscrit dans le cadre du programme du gouvernement portant sur l\u2019ouverture de 10 stations r\u00e9gionales de t\u00e9l\u00e9vision dont cinq d\u00e9j\u00e0 r\u00e9ceptionn\u00e9es et le reste devant l\u2019\u00eatre \u00abdans les prochaines semaines\u00bb.<br \/>Lors de l\u2019inauguration du si\u00e8ge de l\u2019APS \u00e0 Batna, le ministre a estim\u00e9 qu\u2019il repr\u00e9sente \u00abun plus aux m\u00e9dias que m\u00e9rite la wilaya de Batna au regard de son activit\u00e9, des comp\u00e9tences qu\u2019elle renferme et de son aptitude \u00e0 contribuer \u00e0 l\u2019information nationale\u00bb.<br \/>Lors de sa visite d&rsquo;inspection des nouveaux si\u00e8ges des m\u00e9dias, le ministre a salu\u00e9 la contribution efficace des autorit\u00e9s locales \u00e0 la mise sur pied de ces structures appel\u00e9es \u00e0 constituer \u00abun centre de rayonnement qui refl\u00e8te le d\u00e9veloppement de la wilaya dans les divers domaines, son patrimoine culturel et civilisationnel et ses importantes activit\u00e9s commerciales et industrielles\u00bb.<br \/>Hassan Rabehi a ensuite inspect\u00e9 le si\u00e8ge de Radio nationale de Batna sur l\u2019antenne de laquelle il s\u2019est adress\u00e9 \u00e0 la population de la wilaya qu\u2019il a f\u00e9licit\u00e9e pour ces nouveaux acquis qui contribueront \u00ab\u00e0 servir l\u2019int\u00e9r\u00eat supr\u00eame du pays\u00bb.<br \/>\u00a0<\/p>\n<p>Auteur: elmoudjahid<br \/>\n<a href=\"http:\/\/www.elmoudjahid.com\/fr\/actualites\/145839\">Cliquez ici pour lire l&rsquo;article depuis sa source.<\/a><\/p>\n","protected":false},"excerpt":{"rendered":"<p>Le ministre de la Communication, porte-parole du gouvernement, ministre de la Culture par int\u00e9rim, Hassan Rabehi, a affirm\u00e9, dimanche dernier \u00e0 Batna, que la pr\u00e9sidentielle du 12 d\u00e9cembre \u00e9tait \u00abun acquis pr\u00e9cieux ouvrant la voie \u00e0 une nouvelle \u00e8re qui s&rsquo;appuie sur la d\u00e9mocratie r\u00e9elle pour l&rsquo;\u00e9dification d&rsquo;un Etat de droit\u00bb.\u00a0Dans une allocution \u00e0 l&rsquo;occasion [&hellip;]<\/p>\n","protected":false},"author":1744,"featured_media":0,"comment_status":"closed","ping_status":"closed","sticky":false,"template":"","format":"standard","meta":{"fifu_image_url":"","fifu_image_alt":"","footnotes":""},"categories":[73,53],"tags":[],"class_list":["post-70301","post","type-post","status-publish","format-standard","hentry","category-actualite","category-algerie"],"_links":{"self":[{"href":"https:\/\/linitiative.ca\/International\/wp-json\/wp\/v2\/posts\/70301","targetHints":{"allow":["GET"]}}],"collection":[{"href":"https:\/\/linitiative.ca\/International\/wp-json\/wp\/v2\/posts"}],"about":[{"href":"https:\/\/linitiative.ca\/International\/wp-json\/wp\/v2\/types\/post"}],"author":[{"embeddable":true,"href":"https:\/\/linitiative.ca\/International\/wp-json\/wp\/v2\/users\/1744"}],"replies":[{"embeddable":true,"href":"https:\/\/linitiative.ca\/International\/wp-json\/wp\/v2\/comments?post=70301"}],"version-history":[{"count":0,"href":"https:\/\/linitiative.ca\/International\/wp-json\/wp\/v2\/posts\/70301\/revisions"}],"wp:attachment":[{"href":"https:\/\/linitiative.ca\/International\/wp-json\/wp\/v2\/media?parent=70301"}],"wp:term":[{"taxonomy":"category","embeddable":true,"href":"https:\/\/linitiative.ca\/International\/wp-json\/wp\/v2\/categories?post=70301"},{"taxonomy":"post_tag","embeddable":true,"href":"https:\/\/linitiative.ca\/International\/wp-json\/wp\/v2\/tags?post=70301"}],"curies":[{"name":"wp","href":"https:\/\/api.w.org\/{rel}","templated":true}]}}