{"id":70305,"date":"2019-12-15T07:21:43","date_gmt":"2019-12-15T12:21:43","guid":{"rendered":"https:\/\/linitiative.ca\/International\/98979-mohamed-yamani-annonce-son-retrait-du-mouvement-sportif-national\/"},"modified":"2019-12-15T07:21:43","modified_gmt":"2019-12-15T12:21:43","slug":"98979-mohamed-yamani-annonce-son-retrait-du-mouvement-sportif-national","status":"publish","type":"post","link":"https:\/\/linitiative.ca\/International\/98979-mohamed-yamani-annonce-son-retrait-du-mouvement-sportif-national\/","title":{"rendered":"Mohamed Yamani annonce son retrait du mouvement sportif national"},"content":{"rendered":"<div readability=\"38\">\n<p><strong>ALGER &#8211; Le directeur du mus\u00e9e olympique d&rsquo;Alger Mohamed Yamani, dont le contrat \u00e0 la t\u00eate de la structure prendra fin le 2 janvier prochain, a annonc\u00e9 son retrait du mouvement sportif national \u00e0 81 ans, apr\u00e8s la d\u00e9cision du Comit\u00e9 olympique et sportif alg\u00e9rien (COA) de ne pas renouveler leur coop\u00e9ration.<\/strong><\/p>\n<\/div>\n<div readability=\"62\">\n<p>\u00ab\u00a0Cons\u00e9cutivement \u00e0 la d\u00e9cision du COA de mettre fin \u00e0 mes fonctions en tant que directeur du mus\u00e9e olympique, je fais le choix de me retirer d\u00e9finitivement du mouvement sportif national, avec la satisfaction morale du devoir accompli\u00a0\u00bb, a \u00e9crit l&rsquo;ancien gymnaste sur sa page facebook.<\/p>\n<p>En date du 9 d\u00e9cembre courant, le COA a instruit Yamani que sa mission \u00e0 la t\u00eate du mus\u00e9e olympique d&rsquo;Alger prendra fin le 2 janvier 2020, \u00ab\u00a0en vertu de l&rsquo;article 6 du contrat\u00a0\u00bb qui liait les deux parties depuis le 28 avril 2013.<\/p>\n<p>Le premier athl\u00e8te \u00e0 avoir repr\u00e9sent\u00e9 les couleurs de l&rsquo;Alg\u00e9rie ind\u00e9pendante \u00e0 des Olympiades d&rsquo;\u00e9t\u00e9, en 1964 lors des Jeux de Tokyo, a tenu \u00e0 remercier toutes les personnes qui l&rsquo;ont aid\u00e9 pendant sa longue carri\u00e8re, aussi bien sur le plan national, continental qu&rsquo;international.<\/p>\n<p>De son c\u00f4t\u00e9, le COA a annonc\u00e9 qu&rsquo;une c\u00e9r\u00e9monie sera organis\u00e9e en l&rsquo;honneur de Yamani \u00e0 l&rsquo;occasion de la prochaine assembl\u00e9e g\u00e9n\u00e9rale de l&rsquo;instance, et pendant laquelle il lui sera rendu \u00ab\u00a0un bel hommage pour les nombreux et loyaux services rendus\u00a0\u00bb.<\/p>\n<p>Le COA a annonc\u00e9 par ailleurs la fermeture temporaire du mus\u00e9e olympique, situ\u00e9 juste en face de la salle Harcha-Hac\u00e8ne, pour des travaux d&rsquo;am\u00e9nagement.<\/p>\n<\/div>\n<p>Auteur:<br \/>\n<a href=\"http:\/\/www.aps.dz\/sport\/98979-mohamed-yamani-annonce-son-retrait-du-mouvement-sportif-national?utm_source=feedburner&#038;utm_medium=feed&#038;utm_campaign=Feed%3A+aps-sport+%28APS+-+SPORT%29\">Cliquez ici pour lire l&rsquo;article depuis sa source.<\/a><\/p>\n","protected":false},"excerpt":{"rendered":"<p>ALGER &#8211; Le directeur du mus\u00e9e olympique d&rsquo;Alger Mohamed Yamani, dont le contrat \u00e0 la t\u00eate de la structure prendra fin le 2 janvier prochain, a annonc\u00e9 son retrait du mouvement sportif national \u00e0 81 ans, apr\u00e8s la d\u00e9cision du Comit\u00e9 olympique et sportif alg\u00e9rien (COA) de ne pas renouveler leur coop\u00e9ration. \u00ab\u00a0Cons\u00e9cutivement \u00e0 la [&hellip;]<\/p>\n","protected":false},"author":1790,"featured_media":0,"comment_status":"closed","ping_status":"closed","sticky":false,"template":"","format":"standard","meta":{"fifu_image_url":"","fifu_image_alt":"","footnotes":""},"categories":[53,75],"tags":[],"class_list":["post-70305","post","type-post","status-publish","format-standard","hentry","category-algerie","category-sport"],"_links":{"self":[{"href":"https:\/\/linitiative.ca\/International\/wp-json\/wp\/v2\/posts\/70305","targetHints":{"allow":["GET"]}}],"collection":[{"href":"https:\/\/linitiative.ca\/International\/wp-json\/wp\/v2\/posts"}],"about":[{"href":"https:\/\/linitiative.ca\/International\/wp-json\/wp\/v2\/types\/post"}],"author":[{"embeddable":true,"href":"https:\/\/linitiative.ca\/International\/wp-json\/wp\/v2\/users\/1790"}],"replies":[{"embeddable":true,"href":"https:\/\/linitiative.ca\/International\/wp-json\/wp\/v2\/comments?post=70305"}],"version-history":[{"count":0,"href":"https:\/\/linitiative.ca\/International\/wp-json\/wp\/v2\/posts\/70305\/revisions"}],"wp:attachment":[{"href":"https:\/\/linitiative.ca\/International\/wp-json\/wp\/v2\/media?parent=70305"}],"wp:term":[{"taxonomy":"category","embeddable":true,"href":"https:\/\/linitiative.ca\/International\/wp-json\/wp\/v2\/categories?post=70305"},{"taxonomy":"post_tag","embeddable":true,"href":"https:\/\/linitiative.ca\/International\/wp-json\/wp\/v2\/tags?post=70305"}],"curies":[{"name":"wp","href":"https:\/\/api.w.org\/{rel}","templated":true}]}}