{"id":70306,"date":"2019-12-15T07:42:46","date_gmt":"2019-12-15T12:42:46","guid":{"rendered":"https:\/\/linitiative.ca\/International\/98983-ligue-2-14e-j-rca-asmo-et-oma-wat-a-l-affiche\/"},"modified":"2019-12-15T07:42:46","modified_gmt":"2019-12-15T12:42:46","slug":"98983-ligue-2-14e-j-rca-asmo-et-oma-wat-a-l-affiche","status":"publish","type":"post","link":"https:\/\/linitiative.ca\/International\/98983-ligue-2-14e-j-rca-asmo-et-oma-wat-a-l-affiche\/","title":{"rendered":"Ligue 2 (14e j): RCA-ASMO et OMA-WAT \u00e0 l&rsquo;affiche"},"content":{"rendered":"<div readability=\"39\">\n<p><strong>ALGER &#8211; Le choc RC Arba\u00e2 &#8211; ASM Oran, entre le 3e qui re\u00e7oit le 5e, ainsi que le derby de l&rsquo;Ouest OM Arzew &#8211; WA Tlemcen seront \u00e0 l&rsquo;affiche de la 14e journ\u00e9e de Ligue 2 de football, pr\u00e9vue lundi et qui s&rsquo;annonce \u00e0 l&rsquo;avantage du leader, l&rsquo;Olympique M\u00e9d\u00e9a, appel\u00e9 \u00e0 recevoir le MC Sa\u00efda (9e).<\/strong><\/p>\n<\/div>\n<div readability=\"91.7292794669\">\n<p>Cette journ\u00e9e a connu deux reports pour diverses raisons, mais l&rsquo;enjeu reste le m\u00eame dans l&rsquo;ensemble des duels qui y sont inscrits, surtout que certains clubs sont d\u00e9j\u00e0 au pied du mur et que par cons\u00e9quent, ils n&rsquo;ont plus aucun droit \u00e0 l&rsquo;erreur, au risque de compromettre s\u00e9rieusement leurs objectifs respectifs.<\/p>\n<p>Avec sa 3e place, ex aequo avec le RC Relizane, le RCA est oblig\u00e9 de maintenir la cadence afin de ne pas sortir du Top 4 donnant acc\u00e8s \u00e0 la Ligue 1 en fin de saison.<\/p>\n<p>M\u00eame objectif pour le WAT (2e) lors de son court d\u00e9placement chez le voisin Arzew (10e). Les hommes d&rsquo;Aziz Abb\u00e8s, qui ont v\u00e9cu une semaine mouvement\u00e9e en raison de la gr\u00e8ve enclench\u00e9e pour r\u00e9clamer leurs salaires, ambitionnent de revenir avec un bon r\u00e9sultat pour rester dans le sillage du leader qui les devance de trois longueurs.<\/p>\n<p>Plusieurs autres duels int\u00e9ressants sont inscrits au programme de cette 14e journ\u00e9e, \u00e0 commencer par le choc des extr\u00eames entre le RC Relizane et l&rsquo;Amel Boussa\u00e2da (14e et premier non-rel\u00e9gable).<\/p>\n<hr\/>\n<h3>Lire aussi:\u00a0<a href=\"http:\/\/www.aps.dz\/sport\/97822-ligue-2-13e-j-l-om-freine-a-oran-le-wat-se-rapproche\" target=\"_blank\" rel=\"noopener noreferrer\">Ligue 2 (13e j): l&rsquo;OM frein\u00e9 \u00e0 Oran, le WAT se rapproche<\/a><\/h3>\n<hr\/>\n<p>L\u00e0 encore l&rsquo;enjeu sera de taille, car si le RCR esp\u00e8re gagner pour rester au contact du leader et de son dauphin, l&rsquo;ABS, lui, veut s&rsquo;\u00e9loigner de la zone de turbulences.<\/p>\n<p>La lanterne rouge, l&rsquo;USM El Harrach, qui a repris quelques couleurs depuis l&rsquo;arriv\u00e9e du coach Sid-Ahmed Slimani, esp\u00e8re elle aussi r\u00e9ussir un bon r\u00e9sultat lundi, m\u00eame si la t\u00e2che s&rsquo;annonce ardue chez une coriace \u00e9quipe de l&rsquo;AS Khroub, actuellement 7e au classement g\u00e9n\u00e9ral avec 18 points.<\/p>\n<p>Un match pr\u00e9vu sans supporters en raison du huis clos qui p\u00e8se actuellement sur l&rsquo;ASK et sur lequel semble miser les Harrachis pour essayer de gratouiller des points, notamment en \u00e9vitant la forte pression exerc\u00e9e habituellement par le public du stade Abed-Hamdani.<\/p>\n<p>De son c\u00f4t\u00e9, l&rsquo;avant-dernier JSM B\u00e9ja\u00efa sera en d\u00e9placement chez le MC El Eulma (7e), au moment o\u00f9 l&rsquo;autre club de Yemma Gouraya, le MOB (10e), aura la chance d&rsquo;\u00e9voluer \u00e0 domicile, en recevant l&rsquo;USM Annaba, mal en point cette saison avec sa 13e place.<\/p>\n<p>Enfin, le DRB Tadjenanet, qui a chut\u00e9 dans la deuxi\u00e8me partie de tableau apr\u00e8s une s\u00e9rie de mauvais r\u00e9sultats (10e), essayera de se relancer lundi en recevant la JSM Skikda (6e) dans son stade f\u00e9tiche de Sma\u00efn-Lahoua \u00e0 l&rsquo;occasion d&rsquo;un derby de l&rsquo;Est qui devrait tenir toutes ses promesses.<\/p>\n<\/div>\n<p>Auteur:<br \/>\n<a href=\"http:\/\/www.aps.dz\/sport\/98983-ligue-2-14e-j-rca-asmo-et-oma-wat-a-l-affiche?utm_source=feedburner&#038;utm_medium=feed&#038;utm_campaign=Feed%3A+aps-sport+%28APS+-+SPORT%29\">Cliquez ici pour lire l&rsquo;article depuis sa source.<\/a><\/p>\n","protected":false},"excerpt":{"rendered":"<p>ALGER &#8211; Le choc RC Arba\u00e2 &#8211; ASM Oran, entre le 3e qui re\u00e7oit le 5e, ainsi que le derby de l&rsquo;Ouest OM Arzew &#8211; WA Tlemcen seront \u00e0 l&rsquo;affiche de la 14e journ\u00e9e de Ligue 2 de football, pr\u00e9vue lundi et qui s&rsquo;annonce \u00e0 l&rsquo;avantage du leader, l&rsquo;Olympique M\u00e9d\u00e9a, appel\u00e9 \u00e0 recevoir le MC [&hellip;]<\/p>\n","protected":false},"author":1790,"featured_media":0,"comment_status":"closed","ping_status":"closed","sticky":false,"template":"","format":"standard","meta":{"fifu_image_url":"","fifu_image_alt":"","footnotes":""},"categories":[53,75],"tags":[],"class_list":["post-70306","post","type-post","status-publish","format-standard","hentry","category-algerie","category-sport"],"_links":{"self":[{"href":"https:\/\/linitiative.ca\/International\/wp-json\/wp\/v2\/posts\/70306","targetHints":{"allow":["GET"]}}],"collection":[{"href":"https:\/\/linitiative.ca\/International\/wp-json\/wp\/v2\/posts"}],"about":[{"href":"https:\/\/linitiative.ca\/International\/wp-json\/wp\/v2\/types\/post"}],"author":[{"embeddable":true,"href":"https:\/\/linitiative.ca\/International\/wp-json\/wp\/v2\/users\/1790"}],"replies":[{"embeddable":true,"href":"https:\/\/linitiative.ca\/International\/wp-json\/wp\/v2\/comments?post=70306"}],"version-history":[{"count":0,"href":"https:\/\/linitiative.ca\/International\/wp-json\/wp\/v2\/posts\/70306\/revisions"}],"wp:attachment":[{"href":"https:\/\/linitiative.ca\/International\/wp-json\/wp\/v2\/media?parent=70306"}],"wp:term":[{"taxonomy":"category","embeddable":true,"href":"https:\/\/linitiative.ca\/International\/wp-json\/wp\/v2\/categories?post=70306"},{"taxonomy":"post_tag","embeddable":true,"href":"https:\/\/linitiative.ca\/International\/wp-json\/wp\/v2\/tags?post=70306"}],"curies":[{"name":"wp","href":"https:\/\/api.w.org\/{rel}","templated":true}]}}