{"id":70307,"date":"2019-12-15T10:22:00","date_gmt":"2019-12-15T15:22:00","guid":{"rendered":"https:\/\/linitiative.ca\/International\/port-de-mostaganem-le-directeur-sera-promu-dg-du-groupe-sogeport\/"},"modified":"2019-12-15T10:22:00","modified_gmt":"2019-12-15T15:22:00","slug":"port-de-mostaganem-le-directeur-sera-promu-dg-du-groupe-sogeport","status":"publish","type":"post","link":"https:\/\/linitiative.ca\/International\/port-de-mostaganem-le-directeur-sera-promu-dg-du-groupe-sogeport\/","title":{"rendered":"PORT DE MOSTAGANEM : Le Directeur sera promu DG du groupe Sogeport"},"content":{"rendered":"<p><br id=\"sep_para_1\" class=\"sep_para access\"\/><\/p>\n<div id=\"para_1\" class=\"para_34506097 resize\">\n<div class=\"photo shadow left\"><a href=\"javascript:void(0)\" rel=\"https:\/\/www.reflexiondz.net\/photo\/art\/grande\/40800768-34506097.jpg?v=1576439107&#038;ibox\" title=\"PORT DE MOSTAGANEM : Le Directeur sera promu DG du groupe Sogeport\"><img decoding=\"async\" class=\"responsive c9\" src=\"https:\/\/www.reflexiondz.net\/photo\/art\/grande\/40800768-34506097.jpg?v=1576439107\" alt=\"PORT DE MOSTAGANEM : Le Directeur sera promu DG du groupe Sogeport\" title=\"PORT DE MOSTAGANEM : Le Directeur sera promu DG du groupe Sogeport\"\/><img decoding=\"async\" class=\"not-responsive\" src=\"https:\/\/www.reflexiondz.net\/photo\/art\/default\/40800768-34506097.jpg?v=1576439109\" alt=\"PORT DE MOSTAGANEM : Le Directeur sera promu DG du groupe Sogeport\" title=\"PORT DE MOSTAGANEM : Le Directeur sera promu DG du groupe Sogeport\"\/><\/a><\/div>\n<div class=\"texte access firstletter\">Ryad Bouledjouidja, le directeur g\u00e9n\u00e9ral du port de Mostaganem est pressenti pour le poste de directeur g\u00e9n\u00e9ral du \u00ab groupe Sogeport, \u00bb a rapport\u00e9 hier le site Bourse-dz. Aussi, il est attendu la nomination, au cours de cette semaine, de Mme Nadia Lounis au poste de Pr\u00e9sidente du Conseil d\u2019Administration (PCA), du groupe des ports alg\u00e9riens Serport (ex-Sogeport) et ce, en remplacement de Achour Djelloul, ajoute la m\u00eame source. Le Groupe Services Portuaires \u00ab SERPORT-Spa \u00bb est issu de la transformation juridique de l\u2019ex-Soci\u00e9t\u00e9 de Gestion des Participations de l\u2019Etat Ports \u00ab SGP SOGEPORTS-Spa \u00bb ; il est charg\u00e9 des missions statutaires suivantes : Mettre en \u0153uvre les plans de d\u00e9veloppement, les programmes de restructuration et de partenariat des EPE relevant de son portefeuille ; assurer les missions de suivi strat\u00e9gique et de contr\u00f4le op\u00e9rationnel des filiales ; exercer les pr\u00e9rogatives d\u2019assembl\u00e9es g\u00e9n\u00e9rales de ses filiales ; exercer les activit\u00e9s commerciales portuaires ;ex\u00e9cuter les travaux d\u2019entretien, d\u2019am\u00e9nagement et de renouvellement des superstructures et des installations portuaires.\u00a0\u00a0\u00a0\u00a0\u00a0\u00a0<\/div>\n<\/div>\n<p>Auteur: Smain<br \/>\n<a href=\"https:\/\/www.reflexiondz.net\/PORT-DE-MOSTAGANEM-Le-Directeur-sera-promu-DG-du-groupe-Sogeport_a59404.html\">Cliquez ici pour lire l&rsquo;article depuis sa source.<\/a><\/p>\n","protected":false},"excerpt":{"rendered":"<p>Ryad Bouledjouidja, le directeur g\u00e9n\u00e9ral du port de Mostaganem est pressenti pour le poste de directeur g\u00e9n\u00e9ral du \u00ab groupe Sogeport, \u00bb a rapport\u00e9 hier le site Bourse-dz. Aussi, il est attendu la nomination, au cours de cette semaine, de Mme Nadia Lounis au poste de Pr\u00e9sidente du Conseil d\u2019Administration (PCA), du groupe des ports [&hellip;]<\/p>\n","protected":false},"author":1740,"featured_media":0,"comment_status":"closed","ping_status":"closed","sticky":false,"template":"","format":"standard","meta":{"fifu_image_url":"","fifu_image_alt":"","footnotes":""},"categories":[53,76],"tags":[],"class_list":["post-70307","post","type-post","status-publish","format-standard","hentry","category-algerie","category-regions"],"_links":{"self":[{"href":"https:\/\/linitiative.ca\/International\/wp-json\/wp\/v2\/posts\/70307","targetHints":{"allow":["GET"]}}],"collection":[{"href":"https:\/\/linitiative.ca\/International\/wp-json\/wp\/v2\/posts"}],"about":[{"href":"https:\/\/linitiative.ca\/International\/wp-json\/wp\/v2\/types\/post"}],"author":[{"embeddable":true,"href":"https:\/\/linitiative.ca\/International\/wp-json\/wp\/v2\/users\/1740"}],"replies":[{"embeddable":true,"href":"https:\/\/linitiative.ca\/International\/wp-json\/wp\/v2\/comments?post=70307"}],"version-history":[{"count":0,"href":"https:\/\/linitiative.ca\/International\/wp-json\/wp\/v2\/posts\/70307\/revisions"}],"wp:attachment":[{"href":"https:\/\/linitiative.ca\/International\/wp-json\/wp\/v2\/media?parent=70307"}],"wp:term":[{"taxonomy":"category","embeddable":true,"href":"https:\/\/linitiative.ca\/International\/wp-json\/wp\/v2\/categories?post=70307"},{"taxonomy":"post_tag","embeddable":true,"href":"https:\/\/linitiative.ca\/International\/wp-json\/wp\/v2\/tags?post=70307"}],"curies":[{"name":"wp","href":"https:\/\/api.w.org\/{rel}","templated":true}]}}