{"id":70310,"date":"2019-12-15T10:22:00","date_gmt":"2019-12-15T15:22:00","guid":{"rendered":"https:\/\/linitiative.ca\/International\/kheir-eddine-mostaganem-lantenne-cnas-pietine-les-horaires\/"},"modified":"2019-12-15T10:22:00","modified_gmt":"2019-12-15T15:22:00","slug":"kheir-eddine-mostaganem-lantenne-cnas-pietine-les-horaires","status":"publish","type":"post","link":"https:\/\/linitiative.ca\/International\/kheir-eddine-mostaganem-lantenne-cnas-pietine-les-horaires\/","title":{"rendered":"KHEIR-EDDINE (MOSTAGANEM) : L\u2019antenne CNAS pi\u00e9tine les horaires"},"content":{"rendered":"<p><br id=\"sep_para_1\" class=\"sep_para access\"\/><\/p>\n<div id=\"para_1\" class=\"para_34506104 resize\">\n<div class=\"texte access firstletter\">Hier matin, des citoyens de la localit\u00e9 de Kheir-Eddine faisaient la \u00ab chaine \u00bb devant la porte de l\u2019antenne CNAS, tout en ruminant leur amertume et leur d\u00e9ception car, il \u00e9tait 9 heures vingt minutes pass\u00e9es. Comme toutes les matin\u00e9es de cet hiver qui s\u2019est annonc\u00e9 rigoureux, il n\u2019est pas facile d\u2019attendre devant la porte d\u2019une institution et de perdre un temps pr\u00e9cieux qui aurait pu \u00eatre mis \u00e0 profit dans une utilit\u00e9, autre. La loi sur les relations de travail notamment les horaires de travail d\u00e9finis\u00a0 par le d\u00e9partement minist\u00e9riel comp\u00e9tent sont, on ne peut plus clairs. M\u00eame avec une marge de tol\u00e9rance, cette situation est inacceptable et interpelle la direction de la CNAS \u00e0 prendre les mesures qu\u2019elle jugera utile pour que le respect des horaires de travail r\u00e9glementaires soit mis en application, avec rigueur.\u00a0\u00a0\u00a0\u00a0\u00a0\u00a0\u00a0\u00a0<\/div>\n<\/div>\n<p>Auteur: Smain<br \/>\n<a href=\"https:\/\/www.reflexiondz.net\/KHEIR-EDDINE-MOSTAGANEM-L-antenne-CNAS-pietine-les-horaires_a59406.html\">Cliquez ici pour lire l&rsquo;article depuis sa source.<\/a><\/p>\n","protected":false},"excerpt":{"rendered":"<p>Hier matin, des citoyens de la localit\u00e9 de Kheir-Eddine faisaient la \u00ab chaine \u00bb devant la porte de l\u2019antenne CNAS, tout en ruminant leur amertume et leur d\u00e9ception car, il \u00e9tait 9 heures vingt minutes pass\u00e9es. Comme toutes les matin\u00e9es de cet hiver qui s\u2019est annonc\u00e9 rigoureux, il n\u2019est pas facile d\u2019attendre devant la porte [&hellip;]<\/p>\n","protected":false},"author":1740,"featured_media":0,"comment_status":"closed","ping_status":"closed","sticky":false,"template":"","format":"standard","meta":{"fifu_image_url":"","fifu_image_alt":"","footnotes":""},"categories":[53,76],"tags":[],"class_list":["post-70310","post","type-post","status-publish","format-standard","hentry","category-algerie","category-regions"],"_links":{"self":[{"href":"https:\/\/linitiative.ca\/International\/wp-json\/wp\/v2\/posts\/70310","targetHints":{"allow":["GET"]}}],"collection":[{"href":"https:\/\/linitiative.ca\/International\/wp-json\/wp\/v2\/posts"}],"about":[{"href":"https:\/\/linitiative.ca\/International\/wp-json\/wp\/v2\/types\/post"}],"author":[{"embeddable":true,"href":"https:\/\/linitiative.ca\/International\/wp-json\/wp\/v2\/users\/1740"}],"replies":[{"embeddable":true,"href":"https:\/\/linitiative.ca\/International\/wp-json\/wp\/v2\/comments?post=70310"}],"version-history":[{"count":0,"href":"https:\/\/linitiative.ca\/International\/wp-json\/wp\/v2\/posts\/70310\/revisions"}],"wp:attachment":[{"href":"https:\/\/linitiative.ca\/International\/wp-json\/wp\/v2\/media?parent=70310"}],"wp:term":[{"taxonomy":"category","embeddable":true,"href":"https:\/\/linitiative.ca\/International\/wp-json\/wp\/v2\/categories?post=70310"},{"taxonomy":"post_tag","embeddable":true,"href":"https:\/\/linitiative.ca\/International\/wp-json\/wp\/v2\/tags?post=70310"}],"curies":[{"name":"wp","href":"https:\/\/api.w.org\/{rel}","templated":true}]}}