{"id":70311,"date":"2019-12-15T14:22:00","date_gmt":"2019-12-15T19:22:00","guid":{"rendered":"https:\/\/linitiative.ca\/International\/la-france-coincee-par-le-nouveau-president-algerien-les-temps-de-papon-sont-revolus\/"},"modified":"2019-12-15T14:22:00","modified_gmt":"2019-12-15T19:22:00","slug":"la-france-coincee-par-le-nouveau-president-algerien-les-temps-de-papon-sont-revolus","status":"publish","type":"post","link":"https:\/\/linitiative.ca\/International\/la-france-coincee-par-le-nouveau-president-algerien-les-temps-de-papon-sont-revolus\/","title":{"rendered":"LA FRANCE COINCEE PAR LE NOUVEAU PRESIDENT ALGERIEN : Les temps de Papon sont r\u00e9volus !"},"content":{"rendered":"<p><br id=\"sep_para_1\" class=\"sep_para access\"\/><\/p>\n<div id=\"para_1\" class=\"para_34508030 resize\">\n<div class=\"photo shadow left\"><a href=\"javascript:void(0)\" rel=\"https:\/\/www.reflexiondz.net\/photo\/art\/grande\/40806163-34508030.jpg?v=1576439102&#038;ibox\" title=\"LA FRANCE COINCEE PAR LE NOUVEAU PRESIDENT ALGERIEN : Les temps de Papon sont r\u00e9volus !\"><img decoding=\"async\" class=\"responsive c9\" src=\"https:\/\/www.reflexiondz.net\/photo\/art\/grande\/40806163-34508030.jpg?v=1576439102\" alt=\"LA FRANCE COINCEE PAR LE NOUVEAU PRESIDENT ALGERIEN : Les temps de Papon sont r\u00e9volus !\" title=\"LA FRANCE COINCEE PAR LE NOUVEAU PRESIDENT ALGERIEN : Les temps de Papon sont r\u00e9volus !\"\/><img decoding=\"async\" class=\"not-responsive\" src=\"https:\/\/www.reflexiondz.net\/photo\/art\/default\/40806163-34508030.jpg?v=1576439105\" alt=\"LA FRANCE COINCEE PAR LE NOUVEAU PRESIDENT ALGERIEN : Les temps de Papon sont r\u00e9volus !\" title=\"LA FRANCE COINCEE PAR LE NOUVEAU PRESIDENT ALGERIEN : Les temps de Papon sont r\u00e9volus !\"\/><\/a><\/div>\n<div class=\"texte access firstletter\">L\u2019Alg\u00e9rie, un enjeu vital pour le pouvoir fran\u00e7ais ! Cette France qui croit encore, comme d\u2019habitude,\u00a0 tailler le costume pr\u00e9sidentiel alg\u00e9rien \u00e0 sa mesure, s\u2019est retrouv\u00e9e hors du jeu \u00e9lectoral, devant un nouveau Pr\u00e9sident qui ne partage pas ses ambitions et ne parle pas sa langue de Moli\u00e8re. Inqui\u00e8te pour ses int\u00e9r\u00eats, elle mobilise ses medias mercenaires contre l\u2019Alg\u00e9rie. Les medias fran\u00e7ais dirig\u00e9s par l\u2019Elys\u00e9e ont consacr\u00e9 plusieurs \u00e9ditos et d\u00e9bats \u00e0 l\u2019\u00e9lection pr\u00e9sidentielle alg\u00e9rienne. Du coup, une nouvelle guerre m\u00e9diatique est d\u00e9clench\u00e9e contre l\u2019Alg\u00e9rie d\u00e8s l\u2019\u00e9lection du nouveau pr\u00e9sident de la R\u00e9publique, Abdelmadjid Tebboune, celle-ci rappelle en pr\u00e9ambule un refus non exprim\u00e9 du choix du peuple, un choix \u2018\u2019Novemberiste \u2018\u2019 en la personne de Tebboune , qui depuis le d\u00e9but de la campagne \u00e9lectorale, avait rejet\u00e9 toute ing\u00e9rence fran\u00e7aise dans les affaires internes de l\u2019Alg\u00e9rie.\u00a0 C\u2019est en ce sens que Macron, s\u2019est cach\u00e9 derri\u00e8re sa d\u00e9claration au sujet des r\u00e9sultats du scrutin, sans pour autant f\u00e9liciter le nouveau pr\u00e9sident \u00e9lu, r\u00e9v\u00e9lant son soutien au peuple alg\u00e9rien, conseillant au pouvoir alg\u00e9rien le dialogue. Ce n\u2019est plus dans les conseils de Macron que les m\u00e9dias fran\u00e7ais s\u2019agitent d\u00e9sormais. La r\u00e9action d\u2019Emmanuel Macron, qui se limite \u00e0 \u201d prendre note\u201d des r\u00e9sultats de la pr\u00e9sidentielle alg\u00e9rienne dissimule une crainte pour les int\u00e9r\u00eats de son pays, qui semblent r\u00e9duits avec la venue du nouveau patron d\u2019El-Mouradia. Il est clair aujourd\u2019hui, que la \u2018\u2019rage m\u00e9diatique fran\u00e7aise\u2019\u2019 est une d\u00e9claration de guerre contre la volont\u00e9 du peuple alg\u00e9rien qui a choisi son leader au grand dam de \u2018\u2019madame Fafa\u2019\u2019. Une r\u00e9action qui se traduit \u00e9galement par une d\u00e9claration forc\u00e9e de l\u2019Elys\u00e9e qui reconnait son \u00e9chec de fabriquer le \u2018\u2019pr\u00e9sident de l\u2019Alg\u00e9rie \u2018\u2019, comme elle l\u2019a fait auparavant \u00e0 chaque rendez-vous \u00e9lectoral ! Le pr\u00e9sident \u00e9lu, Abdelmadjid Tebboune, en ignorant la d\u00e9claration de Macron, refusant d\u2019y r\u00e9pondre, affirme qu\u2019il est le Pr\u00e9sident \u00e9lu par les Alg\u00e9riens et qu\u2019il ne s\u2019int\u00e9resse gu\u00e8re aux dires de Macron , r\u00e9v\u00e9lant \u00e9galement que \u2018\u2019 les temps de Papon et d\u2019Aussaresses sont r\u00e9volus \u201d, a ainsi mis le point sur la nouvelle Alg\u00e9rie\u2026Plus d\u2019influence fran\u00e7aise et la langue de Moli\u00e8re ne sera plus la langue pr\u00e9f\u00e9r\u00e9e du r\u00e9gime. La France devra s\u2019aligner avec les autres pays partenaires de l\u2019Alg\u00e9rie, et c\u2019est les int\u00e9r\u00eats de l\u2019Alg\u00e9rie qui d\u00e9cideront du meilleur partenaire du pays. La politique de \u2018\u2019gagnant-gagnant \u2018\u2019 du r\u00e9gime de Bouteflika \u00e0 la version fran\u00e7aise est termin\u00e9e. \u00a0<\/div>\n<\/div>\n<p>Auteur: Belkacem B.<br \/>\n<a href=\"https:\/\/www.reflexiondz.net\/LA-FRANCE-COINCEE-PAR-LE-NOUVEAU-PRESIDENT-ALGERIEN-Les-temps-de-Papon-sont-revolus-_a59407.html\">Cliquez ici pour lire l&rsquo;article depuis sa source.<\/a><\/p>\n","protected":false},"excerpt":{"rendered":"<p>L\u2019Alg\u00e9rie, un enjeu vital pour le pouvoir fran\u00e7ais ! Cette France qui croit encore, comme d\u2019habitude,\u00a0 tailler le costume pr\u00e9sidentiel alg\u00e9rien \u00e0 sa mesure, s\u2019est retrouv\u00e9e hors du jeu \u00e9lectoral, devant un nouveau Pr\u00e9sident qui ne partage pas ses ambitions et ne parle pas sa langue de Moli\u00e8re. Inqui\u00e8te pour ses int\u00e9r\u00eats, elle mobilise ses [&hellip;]<\/p>\n","protected":false},"author":1740,"featured_media":0,"comment_status":"closed","ping_status":"closed","sticky":false,"template":"","format":"standard","meta":{"fifu_image_url":"","fifu_image_alt":"","footnotes":""},"categories":[53,76],"tags":[],"class_list":["post-70311","post","type-post","status-publish","format-standard","hentry","category-algerie","category-regions"],"_links":{"self":[{"href":"https:\/\/linitiative.ca\/International\/wp-json\/wp\/v2\/posts\/70311","targetHints":{"allow":["GET"]}}],"collection":[{"href":"https:\/\/linitiative.ca\/International\/wp-json\/wp\/v2\/posts"}],"about":[{"href":"https:\/\/linitiative.ca\/International\/wp-json\/wp\/v2\/types\/post"}],"author":[{"embeddable":true,"href":"https:\/\/linitiative.ca\/International\/wp-json\/wp\/v2\/users\/1740"}],"replies":[{"embeddable":true,"href":"https:\/\/linitiative.ca\/International\/wp-json\/wp\/v2\/comments?post=70311"}],"version-history":[{"count":0,"href":"https:\/\/linitiative.ca\/International\/wp-json\/wp\/v2\/posts\/70311\/revisions"}],"wp:attachment":[{"href":"https:\/\/linitiative.ca\/International\/wp-json\/wp\/v2\/media?parent=70311"}],"wp:term":[{"taxonomy":"category","embeddable":true,"href":"https:\/\/linitiative.ca\/International\/wp-json\/wp\/v2\/categories?post=70311"},{"taxonomy":"post_tag","embeddable":true,"href":"https:\/\/linitiative.ca\/International\/wp-json\/wp\/v2\/tags?post=70311"}],"curies":[{"name":"wp","href":"https:\/\/api.w.org\/{rel}","templated":true}]}}