{"id":70321,"date":"2019-12-15T10:43:00","date_gmt":"2019-12-15T15:43:00","guid":{"rendered":"https:\/\/linitiative.ca\/International\/rene-trabelsi-retient-lattention-au-forum-de-doha-comment-preserver-le-tourisme-du-terrorisme-video\/"},"modified":"2019-12-15T10:43:00","modified_gmt":"2019-12-15T15:43:00","slug":"rene-trabelsi-retient-lattention-au-forum-de-doha-comment-preserver-le-tourisme-du-terrorisme-video","status":"publish","type":"post","link":"https:\/\/linitiative.ca\/International\/rene-trabelsi-retient-lattention-au-forum-de-doha-comment-preserver-le-tourisme-du-terrorisme-video\/","title":{"rendered":"Ren\u00e9 Trabelsi retient l\u2019attention au Forum de Doha : Comment pr\u00e9server le tourisme du terrorisme (Vid\u00e9o)"},"content":{"rendered":"<p><span class=\"c2\"><em><strong>Doha \u2013 De l\u2019envoy\u00e9 sp\u00e9cial de Leaders, Mohamed Ta\u00efeb.<\/strong><\/em><\/span> Participation remarqu\u00e9e de Ren\u00e9 Trabelsi au Forum de Doha, ce dimanche, \u00e0 la faveur de sa participation au panel de discussion sur la protection du tourisme et la pr\u00e9servation de ses b\u00e9n\u00e9fices dans un monde multipolaire. Plus encore, sous l\u2019impact du terrorisme\u00a0? Et pourquoi pas un fonds mondial d\u2019indemnisation\u00a0? Le ministre du Tourisme, de l\u2019Artisanat et par int\u00e9rim du Transport, est en effet l\u2019unique officiel tunisien invit\u00e9 \u00e0 ces assises de haut niveau. Son appartenance \u00e0 la communaut\u00e9 juive tunisienne n\u2019a pas manqu\u00e9 aussi de susciter l\u2019attention. Mais, c\u2019est surtout ses tentatives insistantes de relancer le secteur, qui est en pleine d\u00e9prime dans toute la r\u00e9gion, et subit de plein fouet l\u2019impact du terrorisme islamiste qui lui vaut l\u2019int\u00e9r\u00eat des participants \u00e0 ce panel.<\/p>\n<p>Avec lui au podium, se trouvaient des panelistes de renom\u00a0dans l\u2019industrie touristique et de transport : son homologue jordanien, Majd Mohamed Shweikeh, Akbar Al Baker, pr\u00e9sident de Qatar Airways, la princesse Dina Firas, pr\u00e9sidente du conseil d\u2019administration du groupe jordanien Petra National Trust, Zurab Pololikashvili, secr\u00e9taire g\u00e9n\u00e9ral de l\u2019organisation mondiale du Tourisme, alors que la talentueuse Zain Asher de CNN devait mod\u00e9rer les d\u00e9bats.<\/p>\n<p class=\"c3\"><iframe loading=\"lazy\" src=\"https:\/\/www.youtube.com\/embed\/dqqTTm111kA\" allow=\"accelerometer; autoplay; encrypted-media; gyroscope; picture-in-picture\" allowfullscreen=\"\" width=\"560\" height=\"315\" frameborder=\"0\">[embedded content]<\/iframe><\/p>\n<h2>L&rsquo;impact des conflits<\/h2>\n<p>D\u2019embl\u00e9e, la probl\u00e9matique \u00e9tait pos\u00e9e. En tant que moyen essentiel de relier les peuples et les cultures et d&rsquo;accro\u00eetre la compr\u00e9hension entre les peuples du monde entier, le tourisme est un moteur de la paix. Mais trop souvent, le tourisme est directement et dramatiquement affect\u00e9 par des situations g\u00e9opolitiques diverses. Ces derni\u00e8res ann\u00e9es, les gouvernements ont bloqu\u00e9 les flux touristiques comme tactique dans les conflits avec d&rsquo;autres pays. Et depuis de nombreuses ann\u00e9es, les groupes terroristes ciblent les touristes et les sites touristiques afin d&rsquo;avoir un impact maximal sur la peur et les difficult\u00e9s \u00e9conomiques mondiales, par la perte de revenus touristiques dans les pays ou r\u00e9gions cibl\u00e9s. En outre, les tensions g\u00e9opolitiques entra\u00eenent trop souvent la destruction de sites culturels et patrimoniaux qui sont au c\u0153ur de l&rsquo;histoire et de l&rsquo;identit\u00e9 des nations, ce qui r\u00e9duit les perspectives du tourisme et la paix et la compr\u00e9hension qu&rsquo;ils peuvent apporter. Cette session explorera ce qui peut \u00eatre fait gr\u00e2ce \u00e0 la collaboration des acteurs \u00e9tatiques, du secteur priv\u00e9, des organisations internationales et des organisations non gouvernementales pour r\u00e9duire l&rsquo;impact n\u00e9gatif des conflits sur les voyages et le tourisme et pour renforcer le tourisme comme moteur de la paix. Que faire\u00a0?<\/p>\n<p>Ren\u00e9 Trabelsi \u00e9tait bien plac\u00e9 pour r\u00e9pondre \u00e0 ces questions en \u00e9voquant la d\u00e9marche tunisienne, au milieu des risques s\u00e9curitaires persistants et des attaques terroristes sanglantes. \u00ab\u00a0La Tunisie, pays de paix et de stabilit\u00e9 n\u2019\u00e9tait gu\u00e8re habitu\u00e9e \u00e0 subir cette violence extr\u00e9miste, y faire face et g\u00e9rer ses cons\u00e9quences, commencera-t-il par dire. L\u2019impact en \u00e9tait subi de plein fouet, laissant d\u00e9plorer des victimes innocentes et frapper durement un secteur touristique pilier de l\u2019\u00e9conomie et source de revenus de pr\u00e8s d\u2019un million de Tunisiens, ajoutera-t-il. Il fallait tout-\u00e0-la fois s\u00e9curiser le pays sur l\u2019ensemble du territoire, et soutenir le tourisme et l\u2019artisanat, venir en aide aux professionnels et faire revenir les flux de vacanciers.\u00a0\u00bb<\/p>\n<h2>Dur, Dur!<\/h2>\n<p>\u00ab\u00a0Ce n\u2019est gu\u00e8re facile, a reconnu Trabelsi. L\u2019image de la Tunisie, de sa douceur de vie, de son hospitalit\u00e9 l\u00e9gendaire et de ses merveilleux monuments historiques ont failli en prendre un grand coup. Nous avons d\u00fb agir, dans le secteur touristique, \u00e0 plusieurs niveaux\u00a0: appuyer les h\u00f4teliers, voyagistes et autres professions connexes, s\u00e9curiser les h\u00f4tels, parcours, mus\u00e9es et sites et renforcer notre marketing dans les pays \u00e9metteurs de vacanciers. Aujourd\u2019hui, la Tunisie conna\u00eet une bonne reprise, prometteuse. Nous en avons \u00e9galement profit\u00e9 pour renforcer la qualit\u00e9 des produits touristiques offerts, am\u00e9liorer les prestations et hisser l\u2019accueil et la relation client en cr\u00e9do collectif partag\u00e9.\u00a0\u00bb<\/p>\n<h2>Un fonds mondial d\u2019indemnisation\u00a0?<\/h2>\n<p>La Jordanie aussi n\u2019a pas \u00e9t\u00e9 \u00e9pargn\u00e9e par l\u2019impact de la d\u00e9gradation s\u00e9curitaire dans la r\u00e9gion et se d\u00e9ploie de son c\u00f4t\u00e9 pour en r\u00e9duire les cons\u00e9quences sur son tourisme. Pour d\u2019autres raisons (l\u2019embargo inflig\u00e9 par les autres pays du Golfe) le Qatar a connu lui aussi son lot de difficult\u00e9s tant au niveau du transport a\u00e9rien que des flux touristiques provenant des pays du Golfe. Lui aussi s\u2019est ing\u00e9ni\u00e9 \u00e0 s\u2019en sortir.<\/p>\n<p>Une id\u00e9e a \u00e9t\u00e9 timidement \u00e9voqu\u00e9e depuis la salle\u00a0: pourquoi ne pas songer \u00e0 un fonds mondial\u00a0de r\u00e9paration et d\u2019indemnisation du secteur touristique en cas de perte de client\u00e8les et de revenus suite \u00e0 des attaques terroristes\u00a0? Et pourquoi ne pas l\u2019envisager aussi en cas de catastrophes naturelles ou de pand\u00e9mies virales\u00a0? Ici, au Forum de Doha, les id\u00e9es naissent timidement, m\u00fbrissent lentement et, esp\u00e9rons-le, verront un jour leur concr\u00e9tisation.<\/p>\n<p class=\"c4\"><strong>Mohamed Ta\u00efeb<\/strong><\/p>\n<p><strong>Lire aussi<\/strong><\/p>\n<p>Auteur:<br \/>\n<a href=\"https:\/\/www.leaders.com.tn\/article\/28637-rene-trabelsi-doha-forum\">Cliquez ici pour lire l&rsquo;article depuis sa source.<\/a><\/p>\n","protected":false},"excerpt":{"rendered":"<p>Doha \u2013 De l\u2019envoy\u00e9 sp\u00e9cial de Leaders, Mohamed Ta\u00efeb. Participation remarqu\u00e9e de Ren\u00e9 Trabelsi au Forum de Doha, ce dimanche, \u00e0 la faveur de sa participation au panel de discussion sur la protection du tourisme et la pr\u00e9servation de ses b\u00e9n\u00e9fices dans un monde multipolaire. Plus encore, sous l\u2019impact du terrorisme\u00a0? Et pourquoi pas un [&hellip;]<\/p>\n","protected":false},"author":1772,"featured_media":0,"comment_status":"closed","ping_status":"closed","sticky":false,"template":"","format":"standard","meta":{"fifu_image_url":"","fifu_image_alt":"","footnotes":""},"categories":[73,55],"tags":[],"class_list":["post-70321","post","type-post","status-publish","format-standard","hentry","category-actualite","category-tunisie"],"_links":{"self":[{"href":"https:\/\/linitiative.ca\/International\/wp-json\/wp\/v2\/posts\/70321","targetHints":{"allow":["GET"]}}],"collection":[{"href":"https:\/\/linitiative.ca\/International\/wp-json\/wp\/v2\/posts"}],"about":[{"href":"https:\/\/linitiative.ca\/International\/wp-json\/wp\/v2\/types\/post"}],"author":[{"embeddable":true,"href":"https:\/\/linitiative.ca\/International\/wp-json\/wp\/v2\/users\/1772"}],"replies":[{"embeddable":true,"href":"https:\/\/linitiative.ca\/International\/wp-json\/wp\/v2\/comments?post=70321"}],"version-history":[{"count":0,"href":"https:\/\/linitiative.ca\/International\/wp-json\/wp\/v2\/posts\/70321\/revisions"}],"wp:attachment":[{"href":"https:\/\/linitiative.ca\/International\/wp-json\/wp\/v2\/media?parent=70321"}],"wp:term":[{"taxonomy":"category","embeddable":true,"href":"https:\/\/linitiative.ca\/International\/wp-json\/wp\/v2\/categories?post=70321"},{"taxonomy":"post_tag","embeddable":true,"href":"https:\/\/linitiative.ca\/International\/wp-json\/wp\/v2\/tags?post=70321"}],"curies":[{"name":"wp","href":"https:\/\/api.w.org\/{rel}","templated":true}]}}