{"id":70323,"date":"2019-12-15T05:00:00","date_gmt":"2019-12-15T10:00:00","guid":{"rendered":"https:\/\/linitiative.ca\/International\/saisie-de-1-080-comprimes-psychotropes\/"},"modified":"2019-12-15T05:00:00","modified_gmt":"2019-12-15T10:00:00","slug":"saisie-de-1-080-comprimes-psychotropes","status":"publish","type":"post","link":"https:\/\/linitiative.ca\/International\/saisie-de-1-080-comprimes-psychotropes\/","title":{"rendered":"Saisie de 1 080 comprim\u00e9s psychotropes"},"content":{"rendered":"<p>Une quantit\u00e9 de mille quatre-vingt comprim\u00e9s psychotropes a \u00e9t\u00e9 saisie en fin de la semaine \u00e9coul\u00e9e par les \u00e9l\u00e9ments de la police judiciaire, relevant de la S\u00fbret\u00e9 de da\u00efra de A\u00efn-S\u00e9fra, a-t-on appris. En effet, cette importante quantit\u00e9 de drogue, qui est class\u00e9e dans la cat\u00e9gorie des hallucinog\u00e8nes, a \u00e9t\u00e9 retrouv\u00e9e bien dissimul\u00e9e dans un v\u00e9hicule qui a \u00e9t\u00e9 intercept\u00e9 au centre-ville de A\u00efn-Sefra.<br \/>L\u2019inculp\u00e9, mis en cause dans cette affaire, a \u00e9t\u00e9 pr\u00e9sent\u00e9 devant les instances judiciaires pour d\u00e9tention et commercialisation de drogue.<br \/>B. Henine<\/p>\n<p>Auteur:<br \/>\n<a href=\"https:\/\/www.lesoirdalgerie.com\/regions\/saisie-de-1-080-comprimes-psychotropes-35332\">Cliquez ici pour lire l&rsquo;article depuis sa source.<\/a><\/p>\n","protected":false},"excerpt":{"rendered":"<p>Une quantit\u00e9 de mille quatre-vingt comprim\u00e9s psychotropes a \u00e9t\u00e9 saisie en fin de la semaine \u00e9coul\u00e9e par les \u00e9l\u00e9ments de la police judiciaire, relevant de la S\u00fbret\u00e9 de da\u00efra de A\u00efn-S\u00e9fra, a-t-on appris. En effet, cette importante quantit\u00e9 de drogue, qui est class\u00e9e dans la cat\u00e9gorie des hallucinog\u00e8nes, a \u00e9t\u00e9 retrouv\u00e9e bien dissimul\u00e9e dans un [&hellip;]<\/p>\n","protected":false},"author":1741,"featured_media":0,"comment_status":"closed","ping_status":"closed","sticky":false,"template":"","format":"standard","meta":{"fifu_image_url":"","fifu_image_alt":"","footnotes":""},"categories":[73,53],"tags":[],"class_list":["post-70323","post","type-post","status-publish","format-standard","hentry","category-actualite","category-algerie"],"_links":{"self":[{"href":"https:\/\/linitiative.ca\/International\/wp-json\/wp\/v2\/posts\/70323","targetHints":{"allow":["GET"]}}],"collection":[{"href":"https:\/\/linitiative.ca\/International\/wp-json\/wp\/v2\/posts"}],"about":[{"href":"https:\/\/linitiative.ca\/International\/wp-json\/wp\/v2\/types\/post"}],"author":[{"embeddable":true,"href":"https:\/\/linitiative.ca\/International\/wp-json\/wp\/v2\/users\/1741"}],"replies":[{"embeddable":true,"href":"https:\/\/linitiative.ca\/International\/wp-json\/wp\/v2\/comments?post=70323"}],"version-history":[{"count":0,"href":"https:\/\/linitiative.ca\/International\/wp-json\/wp\/v2\/posts\/70323\/revisions"}],"wp:attachment":[{"href":"https:\/\/linitiative.ca\/International\/wp-json\/wp\/v2\/media?parent=70323"}],"wp:term":[{"taxonomy":"category","embeddable":true,"href":"https:\/\/linitiative.ca\/International\/wp-json\/wp\/v2\/categories?post=70323"},{"taxonomy":"post_tag","embeddable":true,"href":"https:\/\/linitiative.ca\/International\/wp-json\/wp\/v2\/tags?post=70323"}],"curies":[{"name":"wp","href":"https:\/\/api.w.org\/{rel}","templated":true}]}}