{"id":70324,"date":"2019-12-15T05:00:00","date_gmt":"2019-12-15T10:00:00","guid":{"rendered":"https:\/\/linitiative.ca\/International\/le-mouvement-associatif-simpatiente-et-interpelle-le-p-apw\/"},"modified":"2019-12-15T05:00:00","modified_gmt":"2019-12-15T10:00:00","slug":"le-mouvement-associatif-simpatiente-et-interpelle-le-p-apw","status":"publish","type":"post","link":"https:\/\/linitiative.ca\/International\/le-mouvement-associatif-simpatiente-et-interpelle-le-p-apw\/","title":{"rendered":"Le mouvement associatif s&rsquo;impatiente et interpelle le P\/APW"},"content":{"rendered":"<p>Les nombreuses associations qui activent dans les diff\u00e9rents secteurs dans la wilaya de Chlef sont aux abois car les caisses qui leur permettraient de mener \u00e0 bien leurs programmes d&rsquo;action sont vides, et comme tout le monde le sait \u00abl&rsquo;argent est le nerf de la guerre\u00bb.<br \/>Cependant, lors de la derni\u00e8re session de l&rsquo;APW, le pr\u00e9sident de cette institution, \u00e9lu du RND, en pr\u00e9sence du chef de l&rsquo;ex\u00e9cutif de la wilaya, des directeurs de l&rsquo;ex\u00e9cutif, des chefs de da\u00efras ainsi que des \u00e9lus, a annonc\u00e9 bien avant la tenue du scrutin de la pr\u00e9sidentielle, quelques jours avant que le candidat Mihoubi tienne son meeting \u00e0 Chlef, que des subventions allaient \u00eatre vers\u00e9es, \u00e0 br\u00e8ve \u00e9ch\u00e9ance, aux associations agr\u00e9\u00e9es qui activent r\u00e9ellement sur le terrain, et que ces subventions seraient cons\u00e9quentes, tout en ajoutant que m\u00eame les associations religieuses, et pour la premi\u00e8re fois, allaient en \u00eatre b\u00e9n\u00e9ficiaires.<br \/>Selon plusieurs responsables de ces associations, ces subventions n&rsquo;ont toujours pas \u00e9t\u00e9 affect\u00e9es et l&rsquo;impatience grandit de jour en jour. \u00abPourtant, on nous a affirm\u00e9 que le versement de ces subventions \u00e9tait imminent et nous ne voyons rien venir\u00bb d\u00e9clarent les concern\u00e9s qui ajoutent : \u00abNous esp\u00e9rons que le P\/APW tiendra ses promesses car le manque de financement de nos activit\u00e9s se fait cruellement sentir.\u00bb<br \/>Karim O.<\/p>\n<p>Auteur:<br \/>\n<a href=\"https:\/\/www.lesoirdalgerie.com\/regions\/le-mouvement-associatif-simpatiente-et-interpelle-le-p-apw-35331\">Cliquez ici pour lire l&rsquo;article depuis sa source.<\/a><\/p>\n","protected":false},"excerpt":{"rendered":"<p>Les nombreuses associations qui activent dans les diff\u00e9rents secteurs dans la wilaya de Chlef sont aux abois car les caisses qui leur permettraient de mener \u00e0 bien leurs programmes d&rsquo;action sont vides, et comme tout le monde le sait \u00abl&rsquo;argent est le nerf de la guerre\u00bb.Cependant, lors de la derni\u00e8re session de l&rsquo;APW, le pr\u00e9sident [&hellip;]<\/p>\n","protected":false},"author":1741,"featured_media":0,"comment_status":"closed","ping_status":"closed","sticky":false,"template":"","format":"standard","meta":{"fifu_image_url":"","fifu_image_alt":"","footnotes":""},"categories":[73,53],"tags":[],"class_list":["post-70324","post","type-post","status-publish","format-standard","hentry","category-actualite","category-algerie"],"_links":{"self":[{"href":"https:\/\/linitiative.ca\/International\/wp-json\/wp\/v2\/posts\/70324","targetHints":{"allow":["GET"]}}],"collection":[{"href":"https:\/\/linitiative.ca\/International\/wp-json\/wp\/v2\/posts"}],"about":[{"href":"https:\/\/linitiative.ca\/International\/wp-json\/wp\/v2\/types\/post"}],"author":[{"embeddable":true,"href":"https:\/\/linitiative.ca\/International\/wp-json\/wp\/v2\/users\/1741"}],"replies":[{"embeddable":true,"href":"https:\/\/linitiative.ca\/International\/wp-json\/wp\/v2\/comments?post=70324"}],"version-history":[{"count":0,"href":"https:\/\/linitiative.ca\/International\/wp-json\/wp\/v2\/posts\/70324\/revisions"}],"wp:attachment":[{"href":"https:\/\/linitiative.ca\/International\/wp-json\/wp\/v2\/media?parent=70324"}],"wp:term":[{"taxonomy":"category","embeddable":true,"href":"https:\/\/linitiative.ca\/International\/wp-json\/wp\/v2\/categories?post=70324"},{"taxonomy":"post_tag","embeddable":true,"href":"https:\/\/linitiative.ca\/International\/wp-json\/wp\/v2\/tags?post=70324"}],"curies":[{"name":"wp","href":"https:\/\/api.w.org\/{rel}","templated":true}]}}