{"id":70326,"date":"2019-12-15T05:00:00","date_gmt":"2019-12-15T10:00:00","guid":{"rendered":"https:\/\/linitiative.ca\/International\/les-habitants-de-chiffa-en-butte-a-un-serieux-probleme-deau\/"},"modified":"2019-12-15T05:00:00","modified_gmt":"2019-12-15T10:00:00","slug":"les-habitants-de-chiffa-en-butte-a-un-serieux-probleme-deau","status":"publish","type":"post","link":"https:\/\/linitiative.ca\/International\/les-habitants-de-chiffa-en-butte-a-un-serieux-probleme-deau\/","title":{"rendered":"Les habitants de Chiffa en butte \u00e0 un s\u00e9rieux probl\u00e8me d\u2019eau"},"content":{"rendered":"<p>Les habitants de la commune de Chiffa (ouest de Blida) demeurent en butte \u00e0 un probl\u00e8me de perturbations dans l\u2019alimentation en eau potable, voire parfois de contamination de l\u2019eau, en d\u00e9pit d&rsquo;une proposition de la commune de leur dotation d&rsquo;un projet AEP devant assurer l\u2019alimentation en cette denr\u00e9e vitale en H24.<br \/>Et pour cause, le projet n\u2019a pu \u00eatre concr\u00e9tis\u00e9 faute de financement. Dans un entretien \u00e0 l\u2019APS, de nombreux habitants de la localit\u00e9 se sont dit \u00abextr\u00eamement m\u00e9contents\u00bb du fait de ce probl\u00e8me qui les \u00abaffecte profond\u00e9ment\u00bb, exprimant leur souhait de voir se dessiner rapidement une solution pour leur garantir le pr\u00e9cieux liquide en permanence. Parmi eux, Noureddine (56 ans), un habitant du village \u00abCommunale\u00bb, dit attendre une solution \u00abradicale\u00bb \u00e0 ce probl\u00e8me d&rsquo;eau, au moment o\u00f9 sa concitoyenne, Samia (47 ans) de la cit\u00e9 \u00abSidi Madani\u00bb, \u00e9voque un sentiment de \u00ablassitude\u00bb exprim\u00e9 par des habitants de Chiffa \u00e0 l\u2019\u00e9gard de ces coupures \u00abr\u00e9p\u00e9t\u00e9es\u00bb. Un probl\u00e8me r\u00e9it\u00e9r\u00e9 par Zoheir (60 ans), un habitant de la cit\u00e9 des 69 logements, qui, de plus, a d\u00e9plor\u00e9 la \u00abcontamination de cette eau quand elle est disponible\u00bb. \u00abL\u2019eau que nous recevons est boueuse certaines fois, ce qui nous contraint \u00e0 acheter de l\u2019eau min\u00e9rale, outre l\u2019acquisition de pompes \u00e0 eau et de citernes\u00bb, a-t-il relev\u00e9. En fait, tous les habitants de la localit\u00e9 rencontr\u00e9s par l\u2019APS se sont accord\u00e9s sur ce qu&rsquo;ils consid\u00e8rent comme \u00e9tant \u00abl&rsquo;unique\u00bb solution \u00e0 ce probl\u00e8me, \u00e0 savoir, ont-ils insist\u00e9, un projet de raccordement aux sources d\u2019eau de Ramka, propos\u00e9 par l&rsquo;APC.<br \/><strong>Un projet AEP \u00e0 partir de la source de Ramka<\/strong><br \/>\u00abJe suis parfaitement conscient du probl\u00e8me auquel font face les habitants de la localit\u00e9\u00bb, a indiqu\u00e9 \u00e0 l\u2019APS le pr\u00e9sident de l&rsquo;APC de Chiffa, Mazari Abdessamad Mohamed. Il a fait part de la proposition, en 2014, d\u2019un \u00abimportant\u00bb projet dont les frais, estim\u00e9s \u00e0 250 millions de DA, \u00absont d\u00e9risoires comparativement aux gains escompt\u00e9s\u00bb, a-t-il assur\u00e9.<br \/>Le responsable a d\u00e9plor\u00e9, n\u00e9anmoins, la \u00abnon concr\u00e9tisation, \u00e0 ce jour, de ce projet, faute de financement, en d\u00e9pit de son approbation par la direction locale des ressources en eau et de l\u2019accord de principe du minist\u00e8re de tutelle\u00bb, a-t-il fait savoir. En l\u2019occurrence, il s\u2019agit, a-t-il pr\u00e9cis\u00e9, d\u2019un projet pour l\u2019alimentation en eau H24 de la population (44 000 \u00e2mes) de Chiffa \u00e0 partir de l\u2019eau de source de Ramka, se trouvant sur les hauteurs de la localit\u00e9. Le projet vise le captage de l\u2019eau douce \u00e0 partir des sources des hauteurs et for\u00eats de Ramka (\u00e0 environ 11 km de la ville de Chiffa). Cette eau est particuli\u00e8rement r\u00e9put\u00e9e pour son tr\u00e8s haut d\u00e9bit, estim\u00e9 \u00e0 35l\/s tout au long de l\u2019ann\u00e9e. Un facteur qui plaide \u00e9norm\u00e9ment en faveur de ce projet AEP, susceptible, selon les objectifs qui lui ont \u00e9t\u00e9 fix\u00e9s, de mettre un terme aux coupures d\u2019eau au niveau de cette localit\u00e9 ayant enregistr\u00e9, ces derni\u00e8res ann\u00e9es, une importante extension urbanistique, parall\u00e8lement \u00e0 la cons\u00e9cration d\u2019une autosuffisance en la mati\u00e8re. A cela s\u2019ajoute la pr\u00e9servation escompt\u00e9e des nappes d\u2019eau souterraines avec le transfert du quota de la localit\u00e9 en puits art\u00e9siens au profit de la ville de Mermane, ou Blida, selon les explications du P\/APC de Chiffa. \u00abCe projet a notamment fait l\u2019objet d\u2019une \u00e9tude (de deux ans) r\u00e9alis\u00e9e par un bureau d\u2019\u00e9tudes sp\u00e9cialis\u00e9 au moment o\u00f9 des analyses en laboratoire r\u00e9alis\u00e9s sur les eaux de la source de la Ramka ont attest\u00e9 de leur haute qualit\u00e9 qui concurrence celle des eaux min\u00e9rales\u00bb, a assur\u00e9 le m\u00eame responsable. \u00abEncore plus, cette eau ne requiert pas d\u2019\u00e9nergie \u00e9lectrique pour son acheminement aux citoyens, mais juste des conduites\u00bb, a-t-il pr\u00e9cis\u00e9, plus la possibilit\u00e9 offerte \u00e0 la commune de se \u00abdoter de r\u00e9servoirs d\u2019eau suppl\u00e9mentaires en guise de r\u00e9serve garante de la mettre \u00e0 l\u2019abri des coupures d\u2019eau\u00bb, a-t-il ajout\u00e9. Toujours selon M. Mazari, cette \u00e9tude de projet a \u00e9t\u00e9 \u00absoumise \u00e0 la Direction des ressources en eau qui l\u2019a approuv\u00e9e depuis trois mois\u00bb, au m\u00eame titre qu\u2019au wali qui a estim\u00e9, quant \u00e0 lui, que \u00abl\u2019enveloppe n\u00e9cessit\u00e9e est au-dessus des moyens de la wilaya\u00bb, signalant n\u00e9anmoins, qu\u2019il va le \u00absoumettre au ministre des Ressources en eau pour demander une subvention pour sa concr\u00e9tisation\u00bb. Aussi, le responsable a particuli\u00e8rement d\u00e9plor\u00e9 le \u00abprobl\u00e8me de financement\u00bb qui a entrav\u00e9 la concr\u00e9tisation de ce projet \u00ab\u00e0 double profit\u00bb selon lui, en \u00abcas de son exploitation \u00e0 bon escient\u00bb. Et pour cause, outre la dotation de la localit\u00e9 en eau potable, il devrait permettre une production de l\u2019\u00e9nergie \u00e9lectrique, qui sera destin\u00e9e \u00e0 l\u2019\u00e9clairage gratuit des \u00e9tablissements \u00e9ducatifs, administrations et autres zones recul\u00e9es, \u00abce qui est synonyme d\u2019une r\u00e9duction des frais des factures d\u2019\u00e9lectricit\u00e9\u00bb, est-il escompt\u00e9. Il n\u2019a pas manqu\u00e9, en outre, de d\u00e9plorer la \u00abperte vaine\u00bb, actuellement, des eaux des sources de la Ramka, qui sont rejet\u00e9es dans les cours d\u2019eau, o\u00f9 elles sont pollu\u00e9es, avant d\u2019arriver \u00e0 la mer. \u00abAu moment o\u00f9 on aurait pu en faire b\u00e9n\u00e9ficier la population de Chiffa, distante de quelques kilom\u00e8tres seulement de cette source\u00bb, a-t-il observ\u00e9. A titre indicatif, il a fait part d\u2019une exp\u00e9rience r\u00e9alis\u00e9e avec la collaboration d\u2019un expert en \u00e9nergie pour la production d\u2019\u00e9lectricit\u00e9 \u00e0 partir du r\u00e9servoir de la r\u00e9gion des \u00ab7 Chouhada\u00bb de Chiffa. \u00abL\u2019exp\u00e9rience a \u00e9t\u00e9 un franc succ\u00e8s\u00bb, a-t-il assur\u00e9, pr\u00e9voyant des \u00abgains d\u2019importance pour la commune et pour la Sonelgaz, en cas de l\u2019exploitation de l\u2019\u00e9nergie \u00e9lectrique produite par les eaux de cette source\u00bb. Un projet d\u2019ailleurs inscrit au titre de la strat\u00e9gie de l\u2019Etat encourageant l\u2019exploitation des \u00e9nergies alternatives, est-il signal\u00e9.<br \/><strong>Accord de principe de la tutelle pour le projet<\/strong><br \/>Interrog\u00e9 par l\u2019APS \u00e0 propos de ce projet, le chef du service AEP aupr\u00e8s de la Direction des ressources en eau de la wilaya, Allouche Abdelkrim, a confirm\u00e9 son approbation par sa direction depuis pr\u00e8s de trois mois, avec l\u2019introduction d\u2019une demande aupr\u00e8s de la tutelle pour son financement. Il a aussi signal\u00e9 l\u2019accord de principe signifi\u00e9 par la tutelle \u00e0 sa direction, qui est en \u00abattente du financement requis\u00bb, dont il a pr\u00e9vu \u00abla probabilit\u00e9 d\u2019introduction au titre du nouveau budget du secteur\u00bb. Le responsable, qui a estim\u00e9 que la concr\u00e9tisation de ce projet \u00abpourrait mettre un terme d\u00e9finitif aux coupures d\u2019eau \u00e0 Chiffa, et son alimentation H24\u00bb, n\u2019a pas manqu\u00e9 de louer \u00abl\u2019id\u00e9e de ce projet peu co\u00fbteux et b\u00e9n\u00e9fique pour les citoyens\u00bb, vu qu\u2019il s\u2019agit de sources d\u2019eau naturelle, \u00abne requ\u00e9rant pas de traitement pr\u00e9alable, ni de gros moyens mat\u00e9riels pour son acheminement aux citoyens\u00bb, a-t-il affirm\u00e9.<br \/>APS<\/p>\n<p>Auteur:<br \/>\n<a href=\"https:\/\/www.lesoirdalgerie.com\/regions\/les-habitants-de-chiffa-en-butte-a-un-serieux-probleme-deau-35329\">Cliquez ici pour lire l&rsquo;article depuis sa source.<\/a><\/p>\n","protected":false},"excerpt":{"rendered":"<p>Les habitants de la commune de Chiffa (ouest de Blida) demeurent en butte \u00e0 un probl\u00e8me de perturbations dans l\u2019alimentation en eau potable, voire parfois de contamination de l\u2019eau, en d\u00e9pit d&rsquo;une proposition de la commune de leur dotation d&rsquo;un projet AEP devant assurer l\u2019alimentation en cette denr\u00e9e vitale en H24.Et pour cause, le projet [&hellip;]<\/p>\n","protected":false},"author":1741,"featured_media":0,"comment_status":"closed","ping_status":"closed","sticky":false,"template":"","format":"standard","meta":{"fifu_image_url":"","fifu_image_alt":"","footnotes":""},"categories":[73,53],"tags":[],"class_list":["post-70326","post","type-post","status-publish","format-standard","hentry","category-actualite","category-algerie"],"_links":{"self":[{"href":"https:\/\/linitiative.ca\/International\/wp-json\/wp\/v2\/posts\/70326","targetHints":{"allow":["GET"]}}],"collection":[{"href":"https:\/\/linitiative.ca\/International\/wp-json\/wp\/v2\/posts"}],"about":[{"href":"https:\/\/linitiative.ca\/International\/wp-json\/wp\/v2\/types\/post"}],"author":[{"embeddable":true,"href":"https:\/\/linitiative.ca\/International\/wp-json\/wp\/v2\/users\/1741"}],"replies":[{"embeddable":true,"href":"https:\/\/linitiative.ca\/International\/wp-json\/wp\/v2\/comments?post=70326"}],"version-history":[{"count":0,"href":"https:\/\/linitiative.ca\/International\/wp-json\/wp\/v2\/posts\/70326\/revisions"}],"wp:attachment":[{"href":"https:\/\/linitiative.ca\/International\/wp-json\/wp\/v2\/media?parent=70326"}],"wp:term":[{"taxonomy":"category","embeddable":true,"href":"https:\/\/linitiative.ca\/International\/wp-json\/wp\/v2\/categories?post=70326"},{"taxonomy":"post_tag","embeddable":true,"href":"https:\/\/linitiative.ca\/International\/wp-json\/wp\/v2\/tags?post=70326"}],"curies":[{"name":"wp","href":"https:\/\/api.w.org\/{rel}","templated":true}]}}