{"id":70328,"date":"2019-12-15T03:00:01","date_gmt":"2019-12-15T08:00:01","guid":{"rendered":"https:\/\/linitiative.ca\/International\/maroc-chutes-de-neige-et-rafales-de-vent-lundi-et-mardi\/"},"modified":"2019-12-15T03:00:01","modified_gmt":"2019-12-15T08:00:01","slug":"maroc-chutes-de-neige-et-rafales-de-vent-lundi-et-mardi","status":"publish","type":"post","link":"https:\/\/linitiative.ca\/International\/maroc-chutes-de-neige-et-rafales-de-vent-lundi-et-mardi\/","title":{"rendered":"Maroc : Chutes de neige et rafales de vent lundi et mardi"},"content":{"rendered":"<p><strong>Des chutes de neige (1300 m) et des rafales de vent, parfois fortes, du niveau orange sont attendues les lundi et mardi dans plusieurs pr\u00e9fectures et provinces du Royaume, indique samedi la Direction de la m\u00e9t\u00e9orologie nationale (DMN).<\/strong><\/p>\n<div class=\"c10\"\/>\n<p>Les chutes de neige (15-50 cm) int\u00e9resseront, du lundi \u00e0 16h00 au mardi \u00e0 24h00, les provinces d\u2019Ifrane, Kh\u00e9nifra, Midelt, Boulemane, Beni Mellal, Azilal, El Haouz et les hauteurs de Chichaoua, Taroudanet, Tinghir, El Hajeb, Sefrou et Taza, pr\u00e9cise la DMN dans un bulletin sp\u00e9cial.<\/p>\n<p>Des rafales de vent, parfois fortes (75 \u00e0 90 km\/h), sont pr\u00e9vues le lundi entre 06h00 et 24h00 \u00e0 Essaouira, Chichaoua, Youssoufia, Safi, Sidi Bennour, Berrchid, Nouaceur, Mediouna, Casablanca, Settat, Rhamna, Marrakech, El Kelaa des Sraghna, Fqih Bensaleh, Beni Mellal, Kh\u00e9nifra, Ifrane, El Haouz, Azilal, Mohammedia, Benslimane, Skhirate, T\u00e9mara, Rabat-Sal\u00e9, K\u00e9nitra, Larache, Tanger, Asilah, Fahs-Anjra, Chefchaoun, Al Hoceima, Midelt Figuig, Taourirt, Jerada et Oujda.<\/p>\n<p>Des rafales de vent, parfois fortes (75 \u00e0 85 km\/h), sont aussi attendues mardi de 00h00 \u00e0 21h00 dans les provinces de Guelmim, Sidi Ifni, Tiznit, Chtouka A\u00eft Baha, Taroudanet, Midelt, Boulemane, Figuig, Taza, Guercif, Taourirt, Jerada, Oujda, Berkane et Nador, selon la m\u00eame source.<\/p>\n<p>Par ailleurs, des pluies mod\u00e9r\u00e9es \u00e0 localement fortes int\u00e9resseront lundi les provinces de Safi, Essaouira, Agadir Ida outanane, Inzegan-Ait Melloul, Chtouka A\u00eft Baha, Taroudanet, Azilal, Beni Mellal, Kh\u00e9nifra, Taounate, Ouezzane et Larache, souligne le communiqu\u00e9.<\/p>\n<div class=\"c17\">\n<fieldset class=\"c16\">\n<legend><strong><span class=\"c11\">Challenge<\/span><span class=\"c12\">news<\/span><\/strong><\/legend>\n<div class=\"c15\">Le meilleur de Challenge s\u00e9lectionn\u00e9 par la r\u00e9daction :<\/p>\n<\/div>\n<\/fieldset>\n<\/div>\n<p>Auteur: challenge<br \/>\n<a href=\"https:\/\/www.challenge.ma\/maroc-chutes-de-neige-et-rafales-de-vent-lundi-et-mardi-125688\/\">Cliquez ici pour lire l&rsquo;article depuis sa source.<\/a><\/p>\n","protected":false},"excerpt":{"rendered":"<p>Des chutes de neige (1300 m) et des rafales de vent, parfois fortes, du niveau orange sont attendues les lundi et mardi dans plusieurs pr\u00e9fectures et provinces du Royaume, indique samedi la Direction de la m\u00e9t\u00e9orologie nationale (DMN). Les chutes de neige (15-50 cm) int\u00e9resseront, du lundi \u00e0 16h00 au mardi \u00e0 24h00, les provinces [&hellip;]<\/p>\n","protected":false},"author":1787,"featured_media":0,"comment_status":"closed","ping_status":"closed","sticky":false,"template":"","format":"standard","meta":{"fifu_image_url":"","fifu_image_alt":"","footnotes":""},"categories":[78,54],"tags":[],"class_list":["post-70328","post","type-post","status-publish","format-standard","hentry","category-economie","category-maroc"],"_links":{"self":[{"href":"https:\/\/linitiative.ca\/International\/wp-json\/wp\/v2\/posts\/70328","targetHints":{"allow":["GET"]}}],"collection":[{"href":"https:\/\/linitiative.ca\/International\/wp-json\/wp\/v2\/posts"}],"about":[{"href":"https:\/\/linitiative.ca\/International\/wp-json\/wp\/v2\/types\/post"}],"author":[{"embeddable":true,"href":"https:\/\/linitiative.ca\/International\/wp-json\/wp\/v2\/users\/1787"}],"replies":[{"embeddable":true,"href":"https:\/\/linitiative.ca\/International\/wp-json\/wp\/v2\/comments?post=70328"}],"version-history":[{"count":0,"href":"https:\/\/linitiative.ca\/International\/wp-json\/wp\/v2\/posts\/70328\/revisions"}],"wp:attachment":[{"href":"https:\/\/linitiative.ca\/International\/wp-json\/wp\/v2\/media?parent=70328"}],"wp:term":[{"taxonomy":"category","embeddable":true,"href":"https:\/\/linitiative.ca\/International\/wp-json\/wp\/v2\/categories?post=70328"},{"taxonomy":"post_tag","embeddable":true,"href":"https:\/\/linitiative.ca\/International\/wp-json\/wp\/v2\/tags?post=70328"}],"curies":[{"name":"wp","href":"https:\/\/api.w.org\/{rel}","templated":true}]}}