{"id":70337,"date":"2019-12-15T16:12:37","date_gmt":"2019-12-15T21:12:37","guid":{"rendered":"https:\/\/linitiative.ca\/International\/tunisie-sidi-bouzid-un-agent-des-douanes-dans-un-etat-critique-il-a-ete-poignarde-par-un-contrebandier\/"},"modified":"2019-12-15T16:12:37","modified_gmt":"2019-12-15T21:12:37","slug":"tunisie-sidi-bouzid-un-agent-des-douanes-dans-un-etat-critique-il-a-ete-poignarde-par-un-contrebandier","status":"publish","type":"post","link":"https:\/\/linitiative.ca\/International\/tunisie-sidi-bouzid-un-agent-des-douanes-dans-un-etat-critique-il-a-ete-poignarde-par-un-contrebandier\/","title":{"rendered":"Tunisie \u2013 Sidi Bouzid\u00a0: Un agent des douanes dans un \u00e9tat critique\u00a0; Il a \u00e9t\u00e9 poignard\u00e9 par un contrebandier"},"content":{"rendered":"<div class=\"post-cont-in left relative\">\n<div class=\"swp_social_panel swp_horizontal_panel swp_flat_fresh swp_default_full_color swp_individual_full_color swp_other_full_color scale-100 scale-\" data-min-width=\"1100\" data-float-color=\"#ffffff\" data-float=\"none\" data-float-mobile=\"none\" data-transition=\"slide\">\n<div class=\"nc_tweetContainer swp_share_button total_shares total_sharesalt\"><span class=\"swp_count\">71 <span class=\"swp_label\">Partages<\/span><\/span><\/div>\n<\/div>\n<p>Un agent des douanes a \u00e9t\u00e9 admis \u00e0 l\u2019h\u00f4pital de Sidi Bouzid et de l\u00e0, transf\u00e9r\u00e9 \u00e0 l\u2019h\u00f4pital universitaire de Sfax, dans un \u00e9tat critique. Il avait \u00e9t\u00e9 poignard\u00e9, ainsi que son accompagnateur\u00a0 dans la ville de Sebbala. L\u2019agresseur a \u00e9t\u00e9 arr\u00eat\u00e9. Il s\u2019git d\u2019un contrebandier qui s\u2019est lanc\u00e9 \u00e0 la poursuite de la voiture de l\u2019agent des douanes, depuis la ville de Sbeitla, dans le gouvernorat de Kasserine, jusqu\u2019\u00e0 Sebbala, pr\u00e8s de Sidi Bouzid o\u00f9 il a r\u00e9ussi \u00e0 le stopper, avant de le poignarder avec son compagnon.<\/p>\n<div class=\"code-block code-block-1 c3\"><ins class=\"adsbygoogle c2\" data-ad-layout=\"in-article\" data-ad-format=\"fluid\" data-ad-client=\"ca-pub-2102118777505746\" data-ad-slot=\"7301775417\"\/> <\/div>\n<p><strong>Que se passe-t-il en Tunisie?<\/strong><br \/>Nous expliquons sur notre <a href=\"https:\/\/www.youtube.com\/channel\/UCRzypVq0B_yBad5eGrwBx0Q?sub_confirmation=1\" target=\"_blank\" rel=\"noopener noreferrer\">cha\u00eene YouTube<\/a> . <a href=\"https:\/\/www.youtube.com\/channel\/UCRzypVq0B_yBad5eGrwBx0Q?sub_confirmation=1\" target=\"_blank\" rel=\"noopener noreferrer\">Abonnez-vous!<\/a><\/p>\n<div class=\"mvp-org-wrap mvp-org-logo\" itemprop=\"publisher\" itemscope=\"\" itemtype=\"https:\/\/schema.org\/Organization\"><img decoding=\"async\" src=\"https:\/\/www.tunisienumerique.com\/wp-content\/uploads\/2017\/02\/logo_tunisie_numerique.png\"\/><\/div>\n<div class=\"swp_social_panel swp_horizontal_panel swp_flat_fresh swp_default_full_color swp_individual_full_color swp_other_full_color scale-100 scale-\" data-min-width=\"1100\" data-float-color=\"#ffffff\" data-float=\"none\" data-float-mobile=\"none\" data-transition=\"slide\">\n<div class=\"nc_tweetContainer swp_share_button total_shares total_sharesalt\"><span class=\"swp_count\">71 <span class=\"swp_label\">Partages<\/span><\/span><\/div>\n<\/div>\n<div class=\"mvp-related-posts left relative\">\n<h4 class=\"post-header\"><span class=\"post-header\">Lire aussi<\/span><\/h4>\n<\/div>\n<\/div>\n<p>Auteur: LM<br \/>\n<a href=\"https:\/\/www.tunisienumerique.com\/tunisie-sidi-bouzid-un-agent-des-douanes-dans-un-etat-critique-il-a-ete-poignarde-par-un-contrebandier\/\">Cliquez ici pour lire l&rsquo;article depuis sa source.<\/a><\/p>\n","protected":false},"excerpt":{"rendered":"<p>71 Partages Un agent des douanes a \u00e9t\u00e9 admis \u00e0 l\u2019h\u00f4pital de Sidi Bouzid et de l\u00e0, transf\u00e9r\u00e9 \u00e0 l\u2019h\u00f4pital universitaire de Sfax, dans un \u00e9tat critique. Il avait \u00e9t\u00e9 poignard\u00e9, ainsi que son accompagnateur\u00a0 dans la ville de Sebbala. L\u2019agresseur a \u00e9t\u00e9 arr\u00eat\u00e9. Il s\u2019git d\u2019un contrebandier qui s\u2019est lanc\u00e9 \u00e0 la poursuite de [&hellip;]<\/p>\n","protected":false},"author":1789,"featured_media":70338,"comment_status":"closed","ping_status":"closed","sticky":false,"template":"","format":"standard","meta":{"fifu_image_url":"","fifu_image_alt":"","footnotes":""},"categories":[73,55],"tags":[],"class_list":["post-70337","post","type-post","status-publish","format-standard","has-post-thumbnail","hentry","category-actualite","category-tunisie"],"_links":{"self":[{"href":"https:\/\/linitiative.ca\/International\/wp-json\/wp\/v2\/posts\/70337","targetHints":{"allow":["GET"]}}],"collection":[{"href":"https:\/\/linitiative.ca\/International\/wp-json\/wp\/v2\/posts"}],"about":[{"href":"https:\/\/linitiative.ca\/International\/wp-json\/wp\/v2\/types\/post"}],"author":[{"embeddable":true,"href":"https:\/\/linitiative.ca\/International\/wp-json\/wp\/v2\/users\/1789"}],"replies":[{"embeddable":true,"href":"https:\/\/linitiative.ca\/International\/wp-json\/wp\/v2\/comments?post=70337"}],"version-history":[{"count":0,"href":"https:\/\/linitiative.ca\/International\/wp-json\/wp\/v2\/posts\/70337\/revisions"}],"wp:featuredmedia":[{"embeddable":true,"href":"https:\/\/linitiative.ca\/International\/wp-json\/"}],"wp:attachment":[{"href":"https:\/\/linitiative.ca\/International\/wp-json\/wp\/v2\/media?parent=70337"}],"wp:term":[{"taxonomy":"category","embeddable":true,"href":"https:\/\/linitiative.ca\/International\/wp-json\/wp\/v2\/categories?post=70337"},{"taxonomy":"post_tag","embeddable":true,"href":"https:\/\/linitiative.ca\/International\/wp-json\/wp\/v2\/tags?post=70337"}],"curies":[{"name":"wp","href":"https:\/\/api.w.org\/{rel}","templated":true}]}}