{"id":70339,"date":"2019-12-15T16:23:23","date_gmt":"2019-12-15T21:23:23","guid":{"rendered":"https:\/\/linitiative.ca\/International\/tunisie-enlevement-des-portraits-de-bourguiba-du-palais-de-carthage-la-presidence-precise\/"},"modified":"2019-12-15T16:23:23","modified_gmt":"2019-12-15T21:23:23","slug":"tunisie-enlevement-des-portraits-de-bourguiba-du-palais-de-carthage-la-presidence-precise","status":"publish","type":"post","link":"https:\/\/linitiative.ca\/International\/tunisie-enlevement-des-portraits-de-bourguiba-du-palais-de-carthage-la-presidence-precise\/","title":{"rendered":"Tunisie \u2013 Enl\u00e8vement des portraits de Bourguiba du palais de Carthage\u00a0: La pr\u00e9sidence pr\u00e9cise"},"content":{"rendered":"<div class=\"post-cont-in left relative\">\n<div class=\"swp_social_panel swp_horizontal_panel swp_flat_fresh swp_default_full_color swp_individual_full_color swp_other_full_color scale-100 scale-\" data-min-width=\"1100\" data-float-color=\"#ffffff\" data-float=\"none\" data-float-mobile=\"none\" data-transition=\"slide\">\n<div class=\"nc_tweetContainer swp_share_button total_shares total_sharesalt\"><span class=\"swp_count\">51 <span class=\"swp_label\">Partages<\/span><\/span><\/div>\n<\/div>\n<p>Rachida Neifer, la charg\u00e9e de la communication au cabinet du pr\u00e9sident de la R\u00e9publique, Ka\u00efs Sa\u00efed a d\u00e9menti, ce dimanche, les rumeurs qui ont circul\u00e9 sur les r\u00e9seaux sociaux, faisant \u00e9tat de l\u2019enl\u00e8vement par les services de la pr\u00e9sidence, des portraits du Za\u00efm Bourguiba. Elle a assur\u00e9 que les portraits qui ornent toutes les salles du palais sont toujours \u00e0 leur place, de m\u00eame que le portrait g\u00e9ant qui orne un mur entier en face du palais.<\/p>\n<div class=\"code-block code-block-1 c3\"><ins class=\"adsbygoogle c2\" data-ad-layout=\"in-article\" data-ad-format=\"fluid\" data-ad-client=\"ca-pub-2102118777505746\" data-ad-slot=\"7301775417\"\/> <\/div>\n<p>Neifer a ajout\u00e9 que le pr\u00e9sident Ka\u00efs Sa\u00efed a refus\u00e9 de r\u00e9pondre aux appels de certaines parties qui se pr\u00e9tendaient de ses soutiens et qui exigeaient\u00a0de d\u00e9coller\u00a0 ces portraits, pr\u00e9cisant que Ka\u00efs Sa\u00efed a beaucoup de respect pour Bourguiba et pour ce qu\u2019il a fait pour la Nation, bien qu\u2019il n\u2019ait pas \u00e9t\u00e9 d\u2019accord avec lui sur certains points, notamment, les libert\u00e9s individuelles et le mod\u00e8le \u00e9conomique choisi.<\/p>\n<p><strong>Que se passe-t-il en Tunisie?<\/strong><br \/>Nous expliquons sur notre <a href=\"https:\/\/www.youtube.com\/channel\/UCRzypVq0B_yBad5eGrwBx0Q?sub_confirmation=1\" target=\"_blank\" rel=\"noopener noreferrer\">cha\u00eene YouTube<\/a> . <a href=\"https:\/\/www.youtube.com\/channel\/UCRzypVq0B_yBad5eGrwBx0Q?sub_confirmation=1\" target=\"_blank\" rel=\"noopener noreferrer\">Abonnez-vous!<\/a><\/p>\n<div class=\"mvp-org-wrap mvp-org-logo\" itemprop=\"publisher\" itemscope=\"\" itemtype=\"https:\/\/schema.org\/Organization\"><img decoding=\"async\" src=\"https:\/\/www.tunisienumerique.com\/wp-content\/uploads\/2017\/02\/logo_tunisie_numerique.png\"\/><\/div>\n<div class=\"swp_social_panel swp_horizontal_panel swp_flat_fresh swp_default_full_color swp_individual_full_color swp_other_full_color scale-100 scale-\" data-min-width=\"1100\" data-float-color=\"#ffffff\" data-float=\"none\" data-float-mobile=\"none\" data-transition=\"slide\">\n<div class=\"nc_tweetContainer swp_share_button total_shares total_sharesalt\"><span class=\"swp_count\">51 <span class=\"swp_label\">Partages<\/span><\/span><\/div>\n<\/div>\n<div class=\"mvp-related-posts left relative\">\n<h4 class=\"post-header\"><span class=\"post-header\">Lire aussi<\/span><\/h4>\n<\/div>\n<\/div>\n<p>Auteur: LM<br \/>\n<a href=\"https:\/\/www.tunisienumerique.com\/tunisie-enlevement-des-portraits-de-bourguiba-du-palais-de-carthage-la-presidence-precise\/\">Cliquez ici pour lire l&rsquo;article depuis sa source.<\/a><\/p>\n","protected":false},"excerpt":{"rendered":"<p>51 Partages Rachida Neifer, la charg\u00e9e de la communication au cabinet du pr\u00e9sident de la R\u00e9publique, Ka\u00efs Sa\u00efed a d\u00e9menti, ce dimanche, les rumeurs qui ont circul\u00e9 sur les r\u00e9seaux sociaux, faisant \u00e9tat de l\u2019enl\u00e8vement par les services de la pr\u00e9sidence, des portraits du Za\u00efm Bourguiba. Elle a assur\u00e9 que les portraits qui ornent toutes [&hellip;]<\/p>\n","protected":false},"author":1789,"featured_media":70340,"comment_status":"closed","ping_status":"closed","sticky":false,"template":"","format":"standard","meta":{"fifu_image_url":"","fifu_image_alt":"","footnotes":""},"categories":[73,55],"tags":[],"class_list":["post-70339","post","type-post","status-publish","format-standard","has-post-thumbnail","hentry","category-actualite","category-tunisie"],"_links":{"self":[{"href":"https:\/\/linitiative.ca\/International\/wp-json\/wp\/v2\/posts\/70339","targetHints":{"allow":["GET"]}}],"collection":[{"href":"https:\/\/linitiative.ca\/International\/wp-json\/wp\/v2\/posts"}],"about":[{"href":"https:\/\/linitiative.ca\/International\/wp-json\/wp\/v2\/types\/post"}],"author":[{"embeddable":true,"href":"https:\/\/linitiative.ca\/International\/wp-json\/wp\/v2\/users\/1789"}],"replies":[{"embeddable":true,"href":"https:\/\/linitiative.ca\/International\/wp-json\/wp\/v2\/comments?post=70339"}],"version-history":[{"count":0,"href":"https:\/\/linitiative.ca\/International\/wp-json\/wp\/v2\/posts\/70339\/revisions"}],"wp:featuredmedia":[{"embeddable":true,"href":"https:\/\/linitiative.ca\/International\/wp-json\/"}],"wp:attachment":[{"href":"https:\/\/linitiative.ca\/International\/wp-json\/wp\/v2\/media?parent=70339"}],"wp:term":[{"taxonomy":"category","embeddable":true,"href":"https:\/\/linitiative.ca\/International\/wp-json\/wp\/v2\/categories?post=70339"},{"taxonomy":"post_tag","embeddable":true,"href":"https:\/\/linitiative.ca\/International\/wp-json\/wp\/v2\/tags?post=70339"}],"curies":[{"name":"wp","href":"https:\/\/api.w.org\/{rel}","templated":true}]}}