{"id":70344,"date":"2019-12-15T13:50:03","date_gmt":"2019-12-15T18:50:03","guid":{"rendered":"https:\/\/linitiative.ca\/International\/compte-a-rebours-pour-le-renvoi-historique-en-proces-de-donald-trump\/"},"modified":"2019-12-15T13:50:03","modified_gmt":"2019-12-15T18:50:03","slug":"compte-a-rebours-pour-le-renvoi-historique-en-proces-de-donald-trump","status":"publish","type":"post","link":"https:\/\/linitiative.ca\/International\/compte-a-rebours-pour-le-renvoi-historique-en-proces-de-donald-trump\/","title":{"rendered":"Compte-\u00e0-rebours pour le renvoi historique en proc\u00e8s de Donald Trump"},"content":{"rendered":"<div readability=\"32\">\n<p>Publi\u00e9 le 15.12.2019 \u00e0 19h50 par AFP<\/p>\n<\/div>\n<div readability=\"153\">\n<p>Apr\u00e8s trois mois de d\u00e9bats tendus, place au vote historique: les d\u00e9mocrates am\u00e9ricains s\u2019appr\u00eatent \u00e0 renvoyer Donald Trump en proc\u00e8s au Congr\u00e8s en milieu de semaine, mais le camp r\u00e9publicain fait bloc pour ensuite lui \u00e9viter une destitution.<\/p>\n<p>La Chambre des repr\u00e9sentants va se r\u00e9unir, a priori mercredi, pour se prononcer en s\u00e9ance pl\u00e9ni\u00e8re sur les deux chefs d\u2019accusation d\u00e9j\u00e0 approuv\u00e9s vendredi en commission contre le 45e pr\u00e9sident des Etats-Unis dans le scandale ukrainien: \u00ab\u00a0abus de pouvoir\u00a0\u00bb et \u00ab\u00a0entrave \u00e0 la bonne marche du Congr\u00e8s\u00a0\u00bb.<\/p>\n<p>Le r\u00e9sultat ne fait gu\u00e8re de doute. La chambre basse du parlement est domin\u00e9e par les d\u00e9mocrates, d\u00e9termin\u00e9s \u00e0 faire aboutir cette proc\u00e9dure d&rsquo;\u00a0\u00bbimpeachement\u00a0\u00bb qui plombe la fin de mandat de l\u2019ex-magnat de l\u2019immobilier.<\/p>\n<p>Un vote qui marquera l\u2019Histoire: ce sera seulement le troisi\u00e8me pr\u00e9sident am\u00e9ricain \u00e0 subir l\u2019opprobre d\u2019une mise en accusation formelle, apr\u00e8s Andrew Johnson en 1868 et Bill Clinton en 1998. Richard Nixon, lui, avait d\u00e9missionn\u00e9 avant le vote de la Chambre en 1974 afin d\u2019\u00e9viter une destitution certaine dans l\u2019affaire du Watergate.<\/p>\n<p>Donald Trump est accus\u00e9 d\u2019avoir exerc\u00e9 un chantage, en gelant une aide militaire cruciale \u00e0 l\u2019Ukraine pour obtenir qu\u2019elle enqu\u00eate sur ses adversaires politiques, et notamment l\u2019ancien vice-pr\u00e9sident Joe Biden, bien plac\u00e9 pour l\u2019affronter l\u2019an prochain dans la course \u00e0 la Maison Blanche.<\/p>\n<p>\u2013 Bloc contre bloc \u2013<\/p>\n<p>Ensuite, il lui est reproch\u00e9 d\u2019avoir emp\u00each\u00e9 plusieurs t\u00e9moins-cl\u00e9s de coop\u00e9rer avec la proc\u00e9dure de destitution engag\u00e9e par les d\u00e9mocrates.<\/p>\n<p>\u00ab\u00a0C\u2019est une menace persistante contre l\u2019int\u00e9grit\u00e9 de nos \u00e9lections, ce n\u2019est pas arriv\u00e9 qu\u2019une seule fois\u00a0\u00bb, a estim\u00e9 dimanche l\u2019\u00e9lu d\u00e9mocrate Jerry Nadler, soulignant que le scandale ukrainien faisait suite \u00e0 l\u2019affaire russe \u2014 ces soup\u00e7ons de collusion entre Moscou et l\u2019\u00e9quipe du candidat Trump avant la pr\u00e9sidentielle de 2016.<\/p>\n<p>\u00ab\u00a0Nous ne pouvons pas permettre que \u00e7a continue\u00a0\u00bb, a-t-il plaid\u00e9 sur la cha\u00eene ABC.<\/p>\n<p>Mais les auditions spectaculaires d\u2019ambassadeurs et responsables de la Maison Blanche, d\u00e9non\u00e7ant un \u00ab\u00a0donnant-donnant\u00a0\u00bb que Donald Trump voulait selon eux imposer \u00e0 Kiev, n\u2019ont pas fait bouger les lignes partisanes, ni au Congr\u00e8s, ni dans les sondages: si les d\u00e9mocrates veulent la destitution, les r\u00e9publicains y sont r\u00e9solument oppos\u00e9s.<\/p>\n<p>Or, c\u2019est le camp pr\u00e9sidentiel qui est majoritaire au S\u00e9nat, seul charg\u00e9 du proc\u00e8s pr\u00e9vu en janvier. Ce qui an\u00e9antit \u00e0 ce stade la probabilit\u00e9 d\u2019une destitution.<\/p>\n<p>Donald Trump, qui ne cesse de d\u00e9noncer une \u00ab\u00a0chasse aux sorci\u00e8res\u00a0\u00bb et une proc\u00e9dure \u00ab\u00a0honteuse\u00a0\u00bb, esp\u00e8re ainsi reprendre la main et assure qu\u2019in fine, toute cette affaire lui profitera sur le plan \u00e9lectoral.<\/p>\n<p>\u00ab\u00a0Je me coordonne en tous points avec l\u2019avocat de la Maison Blanche\u00a0\u00bb, a d\u2019ailleurs reconnu sans fard vendredi le chef de la majorit\u00e9 r\u00e9publicaine au S\u00e9nat Mitch McConnell. \u00ab\u00a0Il n\u2019y aura aucune diff\u00e9rence entre la position du pr\u00e9sident et la n\u00f4tre dans la mani\u00e8re de g\u00e9rer \u00e7a.\u00a0\u00bb<\/p>\n<p>\u2013 \u00ab\u00a0Main dans la main\u00a0\u00bb \u2013<\/p>\n<p>\u00ab\u00a0Voil\u00e0 donc la majorit\u00e9 au S\u00e9nat et, donc, le jury qui annonce qu\u2019elle va travailler main dans la main avec l\u2019avocat de la d\u00e9fense!\u00a0\u00bb, a protest\u00e9 Jerry Nadler en estimant que les r\u00e9publicains violaient leur serment de respecter la Constitution.<\/p>\n<p>Une membre de l\u2019\u00e9quipe de d\u00e9fense de Donald Trump a r\u00e9torqu\u00e9 que le pr\u00e9sident n\u2019avait \u00ab\u00a0pas eu droit \u00e0 un processus juste \u00e0 la Chambre\u00a0\u00bb. \u00ab\u00a0Il m\u00e9rite d\u2019\u00eatre entendu\u00a0\u00bb, a martel\u00e9 Pam Bondi sur la cha\u00eene Fox News.<\/p>\n<p>\u00ab\u00a0L\u2019impeachement du pr\u00e9sident a \u00e9t\u00e9 con\u00e7u comme un exercice \u00e9minemment politique\u00a0\u00bb, a rench\u00e9ri le s\u00e9nateur r\u00e9publicain Ted Cruz pour tenter de d\u00e9dramatiser cette coordination entre la Maison Blanche et le S\u00e9nat.<\/p>\n<p>Reste \u00e0 savoir combien de temps durera le proc\u00e8s, et qui seront les personnalit\u00e9s appel\u00e9es \u00e0 t\u00e9moigner.<\/p>\n<p>Donald Trump semble tent\u00e9 de s\u2019en servir comme d\u2019une tribune pour plaider sa cause.<\/p>\n<p>Mais certains alli\u00e9s du milliardaire r\u00e9publicain, comme le s\u00e9nateur Lindsey Graham, lui conseillent de \u00ab\u00a0ne pas transformer tout \u00e7a en un cirque\u00a0\u00bb et de passer rapidement \u00e0 autre chose. \u00ab\u00a0Je n\u2019ai pas besoin d\u2019entendre beaucoup de t\u00e9moins\u00a0\u00bb, a-t-il lanc\u00e9 sur la cha\u00eene CBS, se disant pr\u00eat \u00e0 voter d\u2019embl\u00e9e pour acquitter le pr\u00e9sident.<\/p>\n<p>Quant aux d\u00e9mocrates, face \u00e0 la probabilit\u00e9 d\u2019un tel acquittement, ils prennent d\u00e9j\u00e0 les devants pour assurer que leur proc\u00e9dure n\u2019aura pas \u00e9t\u00e9 vaine.<\/p>\n<p>\u00ab\u00a0Ce n\u2019est pas un \u00e9chec, pas au sens de notre devoir constitutionnel\u00a0\u00bb, a assur\u00e9 Adam Schiff, tout en accusant les r\u00e9publicains de \u00ab\u00a0placer le pr\u00e9sident au-dessus de leur propre serment\u00a0\u00bb.<\/p>\n<\/div>\n<p>Auteur: AFP<br \/>\n<a href=\"https:\/\/www.journalducameroun.com\/compte-a-rebours-pour-le-renvoi-historique-en-proces-de-donald-trump\/\">Cliquez ici pour lire l&rsquo;article depuis sa source.<\/a><\/p>\n","protected":false},"excerpt":{"rendered":"<p>Publi\u00e9 le 15.12.2019 \u00e0 19h50 par AFP Apr\u00e8s trois mois de d\u00e9bats tendus, place au vote historique: les d\u00e9mocrates am\u00e9ricains s\u2019appr\u00eatent \u00e0 renvoyer Donald Trump en proc\u00e8s au Congr\u00e8s en milieu de semaine, mais le camp r\u00e9publicain fait bloc pour ensuite lui \u00e9viter une destitution. La Chambre des repr\u00e9sentants va se r\u00e9unir, a priori mercredi, [&hellip;]<\/p>\n","protected":false},"author":1965,"featured_media":0,"comment_status":"closed","ping_status":"closed","sticky":false,"template":"","format":"standard","meta":{"fifu_image_url":"","fifu_image_alt":"","footnotes":""},"categories":[73,82],"tags":[],"class_list":["post-70344","post","type-post","status-publish","format-standard","hentry","category-actualite","category-cameroun"],"_links":{"self":[{"href":"https:\/\/linitiative.ca\/International\/wp-json\/wp\/v2\/posts\/70344","targetHints":{"allow":["GET"]}}],"collection":[{"href":"https:\/\/linitiative.ca\/International\/wp-json\/wp\/v2\/posts"}],"about":[{"href":"https:\/\/linitiative.ca\/International\/wp-json\/wp\/v2\/types\/post"}],"author":[{"embeddable":true,"href":"https:\/\/linitiative.ca\/International\/wp-json\/wp\/v2\/users\/1965"}],"replies":[{"embeddable":true,"href":"https:\/\/linitiative.ca\/International\/wp-json\/wp\/v2\/comments?post=70344"}],"version-history":[{"count":0,"href":"https:\/\/linitiative.ca\/International\/wp-json\/wp\/v2\/posts\/70344\/revisions"}],"wp:attachment":[{"href":"https:\/\/linitiative.ca\/International\/wp-json\/wp\/v2\/media?parent=70344"}],"wp:term":[{"taxonomy":"category","embeddable":true,"href":"https:\/\/linitiative.ca\/International\/wp-json\/wp\/v2\/categories?post=70344"},{"taxonomy":"post_tag","embeddable":true,"href":"https:\/\/linitiative.ca\/International\/wp-json\/wp\/v2\/tags?post=70344"}],"curies":[{"name":"wp","href":"https:\/\/api.w.org\/{rel}","templated":true}]}}