{"id":70345,"date":"2019-12-15T14:18:02","date_gmt":"2019-12-15T19:18:02","guid":{"rendered":"https:\/\/linitiative.ca\/International\/egypte-lancement-a-charm-el-cheikh-du-3eme-forum-mondial-de-la-jeunesse\/"},"modified":"2019-12-15T14:18:02","modified_gmt":"2019-12-15T19:18:02","slug":"egypte-lancement-a-charm-el-cheikh-du-3eme-forum-mondial-de-la-jeunesse","status":"publish","type":"post","link":"https:\/\/linitiative.ca\/International\/egypte-lancement-a-charm-el-cheikh-du-3eme-forum-mondial-de-la-jeunesse\/","title":{"rendered":"Egypte : Lancement \u00e0 Charm El-Cheikh du 3\u00e8me Forum mondial de la jeunesse"},"content":{"rendered":"<div readability=\"32\">\n<p>Publi\u00e9 le 15.12.2019 \u00e0 20h18 par APA News<\/p>\n<\/div>\n<div readability=\"95\">\n<p>La 3\u00e8me \u00e9dition du Forum mondial de la jeunesse s\u2019est ouverte, samedi \u00e0 la station baln\u00e9aire \u00e9gyptienne de Charm El-Cheikh, en pr\u00e9sence des pr\u00e9sidents \u00e9gyptien, Abdelfattah Al-Sisi, Palestinien, Mahmoud Abbas, S\u00e9n\u00e9galais, Macky Sall ainsi que des repr\u00e9sentants d\u2019Etats et de gouvernements africains, arabes et internationaux, et des chefs d\u2019organisations internationales.Par Mohamed Fayed<\/p>\n<p>Ouvrant ce forum, le pr\u00e9sident \u00e9gyptien a affirm\u00e9 que cet \u00e9v\u00e8nement mondial \u00ab nous ram\u00e8ne aux racines de l\u2019humanit\u00e9 qui ne font pas de distinction entre les humains sur la base du sexe, de couleur ou de religion, et qu\u2019il s\u2019agit d\u2019un message d\u2019amour et de paix bas\u00e9 sur un dialogue constructif et une orientation vers l\u2019avenir.<\/p>\n<p>Il a soulign\u00e9 l\u2019importance de cet \u00e9v\u00e9nement mondial, qui est accueilli par le Sina\u00ef, la terre de la paix et le berceau des proph\u00e8tes, soulignant qu\u2019il s\u2019agit d\u2019une continuation du r\u00eave de la jeunesse \u00e9gyptienne, qui a \u00e9t\u00e9 construit sur la certitude que les \u00eatres humains ont \u00e9t\u00e9 cr\u00e9es pour \u00eatre diff\u00e9rents et se compl\u00e9ter.<\/p>\n<p>Lors de ce forum de quatre jours (14-17 d\u00e9cembre), des jeunes du monde entier se r\u00e9unissent pour discuter et \u00e9changer des id\u00e9es sur la paix, le d\u00e9veloppement et la cr\u00e9ativit\u00e9 dans le cadre d\u2019une exp\u00e9rience plus riche et plus diversifi\u00e9e.<\/p>\n<p>Le Forum Mondial de la Jeunesse (FMJ) est une plate-forme annuelle construite par des jeunes prometteurs. Il envoie un message de paix, de prosp\u00e9rit\u00e9, d\u2019harmonie et de progr\u00e8s au monde entier. Il se tient \u00e0 Charm El-Cheikh en \u00c9gypte, sous les auspices du pr\u00e9sident Abdel Fattah El-Sissi depuis son lancement en 2017.<\/p>\n<p>Son objectif est de r\u00e9unir les jeunes des quatre coins de la plan\u00e8te pour leur permettre de s\u2019organiser, d\u2019\u00e9changer des opinions et de recommander des initiatives aux d\u00e9cideurs et aux personnalit\u00e9s influentes.<\/p>\n<p>Depuis lors, c\u2019est devenu une occasion pour les jeunes d\u2019interagir avec les principaux d\u00e9cideurs et de rencontrer des jeunes prometteurs de la r\u00e9gion et du monde entier d\u00e9termin\u00e9s \u00e0 faire de notre monde un lieu meilleur pour tous.<\/p>\n<p>Le forum est \u00e9galement ouvert \u00e0 tous les jeunes de toutes les nations qui croient en leur pouvoir d\u2019apporter des changements et qui cherchent \u00e0 devenir influents au sein de leurs communaut\u00e9s.<\/p>\n<p>L\u2019agenda du Forum mondial de la jeunesse est divis\u00e9 en plusieurs volets qui abordent des th\u00e9matiques et des sujets int\u00e9ressant la jeunesse internationale, cr\u00e9ant ainsi une tribune pour exprimer leurs points de vue, pr\u00e9senter des id\u00e9es et partager des exp\u00e9riences tout au long de ses sessions.<\/p>\n<\/div>\n<p>Auteur: APA News<br \/>\n<a href=\"https:\/\/www.journalducameroun.com\/egypte-lancement-a-charm-el-cheikh-du-3eme-forum-mondial-de-la-jeunesse\/\">Cliquez ici pour lire l&rsquo;article depuis sa source.<\/a><\/p>\n","protected":false},"excerpt":{"rendered":"<p>Publi\u00e9 le 15.12.2019 \u00e0 20h18 par APA News La 3\u00e8me \u00e9dition du Forum mondial de la jeunesse s\u2019est ouverte, samedi \u00e0 la station baln\u00e9aire \u00e9gyptienne de Charm El-Cheikh, en pr\u00e9sence des pr\u00e9sidents \u00e9gyptien, Abdelfattah Al-Sisi, Palestinien, Mahmoud Abbas, S\u00e9n\u00e9galais, Macky Sall ainsi que des repr\u00e9sentants d\u2019Etats et de gouvernements africains, arabes et internationaux, et des [&hellip;]<\/p>\n","protected":false},"author":1965,"featured_media":0,"comment_status":"closed","ping_status":"closed","sticky":false,"template":"","format":"standard","meta":{"fifu_image_url":"","fifu_image_alt":"","footnotes":""},"categories":[73,82],"tags":[],"class_list":["post-70345","post","type-post","status-publish","format-standard","hentry","category-actualite","category-cameroun"],"_links":{"self":[{"href":"https:\/\/linitiative.ca\/International\/wp-json\/wp\/v2\/posts\/70345","targetHints":{"allow":["GET"]}}],"collection":[{"href":"https:\/\/linitiative.ca\/International\/wp-json\/wp\/v2\/posts"}],"about":[{"href":"https:\/\/linitiative.ca\/International\/wp-json\/wp\/v2\/types\/post"}],"author":[{"embeddable":true,"href":"https:\/\/linitiative.ca\/International\/wp-json\/wp\/v2\/users\/1965"}],"replies":[{"embeddable":true,"href":"https:\/\/linitiative.ca\/International\/wp-json\/wp\/v2\/comments?post=70345"}],"version-history":[{"count":0,"href":"https:\/\/linitiative.ca\/International\/wp-json\/wp\/v2\/posts\/70345\/revisions"}],"wp:attachment":[{"href":"https:\/\/linitiative.ca\/International\/wp-json\/wp\/v2\/media?parent=70345"}],"wp:term":[{"taxonomy":"category","embeddable":true,"href":"https:\/\/linitiative.ca\/International\/wp-json\/wp\/v2\/categories?post=70345"},{"taxonomy":"post_tag","embeddable":true,"href":"https:\/\/linitiative.ca\/International\/wp-json\/wp\/v2\/tags?post=70345"}],"curies":[{"name":"wp","href":"https:\/\/api.w.org\/{rel}","templated":true}]}}