{"id":70346,"date":"2019-12-15T14:50:02","date_gmt":"2019-12-15T19:50:02","guid":{"rendered":"https:\/\/linitiative.ca\/International\/a-timisoara-une-marche-de-la-liberte-pour-les-30-ans-de-la-revolution-roumaine\/"},"modified":"2019-12-15T14:50:02","modified_gmt":"2019-12-15T19:50:02","slug":"a-timisoara-une-marche-de-la-liberte-pour-les-30-ans-de-la-revolution-roumaine","status":"publish","type":"post","link":"https:\/\/linitiative.ca\/International\/a-timisoara-une-marche-de-la-liberte-pour-les-30-ans-de-la-revolution-roumaine\/","title":{"rendered":"A Timisoara, une \u00ab\u00a0marche de la libert\u00e9\u00a0\u00bb pour les 30 ans de la r\u00e9volution roumaine"},"content":{"rendered":"<div readability=\"32\">\n<p>Publi\u00e9 le 15.12.2019 \u00e0 20h50 par AFP<\/p>\n<\/div>\n<div readability=\"98\">\n<p>Une marche au flambeau comm\u00e9morant le d\u00e9but du soul\u00e8vement contre le r\u00e9gime du dictateur roumain Nicolae Ceausescu, il y a trente ans, a rassembl\u00e9 dimanche soir plusieurs centaines de personnes \u00e0 Timisoara (ouest), berceau de la r\u00e9volution de 1989.<\/p>\n<p>Les participants \u00e0 \u00ab\u00a0la marche de la libert\u00e9\u00a0\u00bb, brandissant des drapeaux roumains, ont ralli\u00e9 le temple de l\u2019\u00e9glise r\u00e9form\u00e9e de la quatri\u00e8me ville de Roumanie, o\u00f9 les \u00e9v\u00e9nements avaient d\u00e9but\u00e9 le 15 d\u00e9cembre 1989, ont constat\u00e9 des journalistes de l\u2019AFP.<\/p>\n<p>Pour s\u2019opposer \u00e0 l\u2019expulsion du pasteur Laszlo Tokes, b\u00eate noire de Nicolae Ceausescu, des manifestants s\u2019\u00e9taient rassembl\u00e9s au m\u00eame endroit, organisant les premi\u00e8res mobilisations qui men\u00e8rent \u00e0 la chute du dernier r\u00e9gime communiste d\u2019Europe.<\/p>\n<p>Une plaque appos\u00e9e sur le b\u00e2timent en briques rouges de l\u2019\u00e9glise indique, en roumain, hongrois, allemand et serbe -langues parl\u00e9es dans cette r\u00e9gion frontali\u00e8re: \u00ab\u00a0Ici d\u00e9buta la r\u00e9volution qui a mis fin \u00e0 la dictature\u00a0\u00bb, co\u00fbtant la vie \u00e0 plus de 1.100 personnes au total.<\/p>\n<p>\u00ab\u00a0Nous voulons qu\u2019on n\u2019oublie jamais le sacrifice des jeunes. J\u2019ai dit \u00e0 mon fils qu\u2019il doit respecter la m\u00e9moire de la r\u00e9volution\u00a0\u00bb, a d\u00e9clar\u00e9 \u00e0 l\u2019AFP Codruta Cesnea, 41 ans.<\/p>\n<p>Deux jours apr\u00e8s le d\u00e9but des rassemblements de soutien au pasteur Tokes, Ceausescu avait donn\u00e9 l\u2019ordre de tirer sur les protestataires. Une soixantaine d\u2019entre eux ont \u00e9t\u00e9 tu\u00e9s et plus de 2.000 bless\u00e9s ce jour-l\u00e0 \u00e0 Timisoara.<\/p>\n<p>Les slogans d\u2019il y a 30 ans \u2013 comme \u00ab\u00a0Aujourd\u2019hui \u00e0 Timisoara, demain dans tout le pays\u00a0\u00bb et \u00ab\u00a0Victoire\u00a0\u00bb \u2013 scand\u00e9s par les marcheurs ont de nouveau r\u00e9sonn\u00e9 dimanche dans les rues de la ville, sous les regards parfois indiff\u00e9rents des badauds.<\/p>\n<p>Concerts, expositions, pr\u00e9sentations de livres, discours: les associations de victimes, l\u2019\u00e9glise r\u00e9form\u00e9e et les autorit\u00e9s locales organisent jusqu\u2019au 22 d\u00e9cembre de nombreux \u00e9v\u00e9nements pour maintenir vive la m\u00e9moire de ces \u00e9v\u00e9nements.<\/p>\n<p>Le pr\u00e9sident roumain Klaus Iohannis est attendu \u00e0 Timisoara lundi soir pour rendre hommage aux manifestants de 1989 et aux victimes.<\/p>\n<p>Le 21 d\u00e9cembre 1989, les manifestations avaient gagn\u00e9 Bucarest, quelque 550 kilom\u00e8tres plus \u00e0 l\u2019est. Le 22, Ceausescu et sa femme Elena s\u2019\u00e9taient enfuis \u00e0 bord d\u2019un h\u00e9licopt\u00e8re avant d\u2019\u00eatre arr\u00eat\u00e9s, jug\u00e9s sommairement et ex\u00e9cut\u00e9s le 25 d\u00e9cembre.<\/p>\n<p>La Roumanie a \u00e9t\u00e9 le seul pays o\u00f9 l\u2019effondrement du r\u00e9gime communiste s\u2019est accompagn\u00e9 d\u2019affrontements et de r\u00e9pression violente contre les civils.<\/p>\n<\/div>\n<p>Auteur: AFP<br \/>\n<a href=\"https:\/\/www.journalducameroun.com\/a-timisoara-une-marche-de-la-liberte-pour-les-30-ans-de-la-revolution-roumaine\/\">Cliquez ici pour lire l&rsquo;article depuis sa source.<\/a><\/p>\n","protected":false},"excerpt":{"rendered":"<p>Publi\u00e9 le 15.12.2019 \u00e0 20h50 par AFP Une marche au flambeau comm\u00e9morant le d\u00e9but du soul\u00e8vement contre le r\u00e9gime du dictateur roumain Nicolae Ceausescu, il y a trente ans, a rassembl\u00e9 dimanche soir plusieurs centaines de personnes \u00e0 Timisoara (ouest), berceau de la r\u00e9volution de 1989. Les participants \u00e0 \u00ab\u00a0la marche de la libert\u00e9\u00a0\u00bb, brandissant [&hellip;]<\/p>\n","protected":false},"author":1965,"featured_media":0,"comment_status":"closed","ping_status":"closed","sticky":false,"template":"","format":"standard","meta":{"fifu_image_url":"","fifu_image_alt":"","footnotes":""},"categories":[73,82],"tags":[],"class_list":["post-70346","post","type-post","status-publish","format-standard","hentry","category-actualite","category-cameroun"],"_links":{"self":[{"href":"https:\/\/linitiative.ca\/International\/wp-json\/wp\/v2\/posts\/70346","targetHints":{"allow":["GET"]}}],"collection":[{"href":"https:\/\/linitiative.ca\/International\/wp-json\/wp\/v2\/posts"}],"about":[{"href":"https:\/\/linitiative.ca\/International\/wp-json\/wp\/v2\/types\/post"}],"author":[{"embeddable":true,"href":"https:\/\/linitiative.ca\/International\/wp-json\/wp\/v2\/users\/1965"}],"replies":[{"embeddable":true,"href":"https:\/\/linitiative.ca\/International\/wp-json\/wp\/v2\/comments?post=70346"}],"version-history":[{"count":0,"href":"https:\/\/linitiative.ca\/International\/wp-json\/wp\/v2\/posts\/70346\/revisions"}],"wp:attachment":[{"href":"https:\/\/linitiative.ca\/International\/wp-json\/wp\/v2\/media?parent=70346"}],"wp:term":[{"taxonomy":"category","embeddable":true,"href":"https:\/\/linitiative.ca\/International\/wp-json\/wp\/v2\/categories?post=70346"},{"taxonomy":"post_tag","embeddable":true,"href":"https:\/\/linitiative.ca\/International\/wp-json\/wp\/v2\/tags?post=70346"}],"curies":[{"name":"wp","href":"https:\/\/api.w.org\/{rel}","templated":true}]}}