{"id":70347,"date":"2019-12-15T17:18:03","date_gmt":"2019-12-15T22:18:03","guid":{"rendered":"https:\/\/linitiative.ca\/International\/fes-abrite-la-3eme-session-de-la-fondation-mohammed-vi-des-oulemas-africains\/"},"modified":"2019-12-15T17:18:03","modified_gmt":"2019-12-15T22:18:03","slug":"fes-abrite-la-3eme-session-de-la-fondation-mohammed-vi-des-oulemas-africains","status":"publish","type":"post","link":"https:\/\/linitiative.ca\/International\/fes-abrite-la-3eme-session-de-la-fondation-mohammed-vi-des-oulemas-africains\/","title":{"rendered":"F\u00e8s abrite la 3\u00e8me session de la Fondation Mohammed VI des oul\u00e9mas africains"},"content":{"rendered":"<div readability=\"32\">\n<p>Publi\u00e9 le 15.12.2019 \u00e0 23h18 par APA News<\/p>\n<\/div>\n<div readability=\"109\">\n<p>La capitale spirituelle du Maroc, F\u00e8s, abrite les 17 et 18 d\u00e9cembre la troisi\u00e8me session de la Fondation Mohammed VI des Oul\u00e9mas africains, \u00e0 laquelle prendront part pr\u00e8s de 357 chercheurs venant de 32 pays africains repr\u00e9sentant les sections de l\u2019institution.Cette session, qui s\u2019inscrit dans le cadre des \u00a0objectifs de la Fondation, proc\u00e9dera \u00e0 l\u2019examen et \u00e0 l\u2019approbation du projet de programme annuel de la Fondation au titre de l\u2019ann\u00e9e 2020 et la mise en oeuvre de l\u2019action des quatre commissions permanentes de l\u2019institution, indique un communiqu\u00e9 de la Fondation.<\/p>\n<p>Il s\u2019agit des commissions charg\u00e9es des activit\u00e9s scientifiques et culturelles, des \u00e9tudes de la charia, de la renaissance du patrimoine islamique africain et celle charg\u00e9e de la communication, de la coop\u00e9ration et des partenariats.<\/p>\n<p>Selon le texte de sa cr\u00e9ation, la Fondation Mohamed VI des Oul\u00e9ma Africains veille \u00e0 unir et coordonner les efforts des th\u00e9ologiens musulmans du Maroc et des autres pays africains afin de pr\u00e9senter, diffuser et consolider les valeurs islamiques tol\u00e9rants.<\/p>\n<p>La Fondation \u0153uvre, entre autres, \u00e0 unifier et coordonner les efforts des \u00e9rudits musulmans, au Maroc et dans les autres Etats africains, en vue de faire conna\u00eetre les valeurs de l\u2019islam tol\u00e9rant, de les diffuser et de les consolider et \u00e0 prendre toute initiative permettant d\u2019int\u00e9grer les valeurs religieuses de tol\u00e9rance dans toute r\u00e9forme \u00e0 laquelle est subordonn\u00e9e toute action de d\u00e9veloppement en Afrique, que ce soit au niveau de continent qu\u2019au niveau de chaque pays.<\/p>\n<p>Elle se propose d\u2019animer l\u2019action intellectuel, scientifique et culturel en rapport avec la religion musulmane, de consolider les relations historiques qui lient le Maroc aux autres Etats africains, d\u2019encourager l\u2019institution des centres et des \u00e9tablissements religieux, scientifiques et culturels et d\u2019instaurer des relations de coop\u00e9ration avec les associations et les organismes poursuivant les m\u00eames objectifs.<\/p>\n<p>Les pays africains membres du Conseil sup\u00e9rieur de la Fondation sont: Niger, Kenya, Somalie, Burkina Faso, Tchad, Mauritanie, Comores, B\u00e9nin, Gambie, Mali, Djibouti, Angola, R\u00e9publique centre africaine, Gabon, \u00c9thiopie, Sierra Leone, Madagascar, Guin\u00e9e-Bissau, Nig\u00e9ria, Rwanda, Afrique du Sud, S\u00e9n\u00e9gal, C\u00f4te d\u2019Ivoire, Cameroun, Congo, Togo, Sao Tome, Lib\u00e9ria, Ghana, Guin\u00e9e Conakry, Tanzanie et Soudan.<\/p>\n<\/div>\n<p>Auteur: APA News<br \/>\n<a href=\"https:\/\/www.journalducameroun.com\/fes-abrite-la-3eme-session-de-la-fondation-mohammed-vi-des-oulemas-africains\/\">Cliquez ici pour lire l&rsquo;article depuis sa source.<\/a><\/p>\n","protected":false},"excerpt":{"rendered":"<p>Publi\u00e9 le 15.12.2019 \u00e0 23h18 par APA News La capitale spirituelle du Maroc, F\u00e8s, abrite les 17 et 18 d\u00e9cembre la troisi\u00e8me session de la Fondation Mohammed VI des Oul\u00e9mas africains, \u00e0 laquelle prendront part pr\u00e8s de 357 chercheurs venant de 32 pays africains repr\u00e9sentant les sections de l\u2019institution.Cette session, qui s\u2019inscrit dans le cadre [&hellip;]<\/p>\n","protected":false},"author":1965,"featured_media":0,"comment_status":"closed","ping_status":"closed","sticky":false,"template":"","format":"standard","meta":{"fifu_image_url":"","fifu_image_alt":"","footnotes":""},"categories":[73,82],"tags":[],"class_list":["post-70347","post","type-post","status-publish","format-standard","hentry","category-actualite","category-cameroun"],"_links":{"self":[{"href":"https:\/\/linitiative.ca\/International\/wp-json\/wp\/v2\/posts\/70347","targetHints":{"allow":["GET"]}}],"collection":[{"href":"https:\/\/linitiative.ca\/International\/wp-json\/wp\/v2\/posts"}],"about":[{"href":"https:\/\/linitiative.ca\/International\/wp-json\/wp\/v2\/types\/post"}],"author":[{"embeddable":true,"href":"https:\/\/linitiative.ca\/International\/wp-json\/wp\/v2\/users\/1965"}],"replies":[{"embeddable":true,"href":"https:\/\/linitiative.ca\/International\/wp-json\/wp\/v2\/comments?post=70347"}],"version-history":[{"count":0,"href":"https:\/\/linitiative.ca\/International\/wp-json\/wp\/v2\/posts\/70347\/revisions"}],"wp:attachment":[{"href":"https:\/\/linitiative.ca\/International\/wp-json\/wp\/v2\/media?parent=70347"}],"wp:term":[{"taxonomy":"category","embeddable":true,"href":"https:\/\/linitiative.ca\/International\/wp-json\/wp\/v2\/categories?post=70347"},{"taxonomy":"post_tag","embeddable":true,"href":"https:\/\/linitiative.ca\/International\/wp-json\/wp\/v2\/tags?post=70347"}],"curies":[{"name":"wp","href":"https:\/\/api.w.org\/{rel}","templated":true}]}}