{"id":70351,"date":"2019-12-16T07:44:37","date_gmt":"2019-12-16T12:44:37","guid":{"rendered":"https:\/\/linitiative.ca\/International\/une-exposition-donne-libre-cours-a-limagination-des-detenus\/"},"modified":"2019-12-16T07:44:37","modified_gmt":"2019-12-16T12:44:37","slug":"une-exposition-donne-libre-cours-a-limagination-des-detenus","status":"publish","type":"post","link":"https:\/\/linitiative.ca\/International\/une-exposition-donne-libre-cours-a-limagination-des-detenus\/","title":{"rendered":"Une exposition donne libre cours \u00e0 l\u2019imagination des d\u00e9tenus"},"content":{"rendered":"<p><img decoding=\"async\" class=\"post_layout_5_img\" src=\"http:\/\/aujourdhui.ma\/wp-content\/uploads\/2019\/12\/Exposition-Mus%C3%A9e-de-Bank-Al-Maghrib-.jpg?x29840\" alt=\"Une exposition donne libre cours \u00e0 l\u2019imagination des d\u00e9tenus\"\/><\/p>\n<p><span class=\"c4\"><strong>Elle se poursuit jusqu\u2019au 1er mars 2020 au Mus\u00e9e de Bank Al-Maghrib<\/strong><\/span><span id=\"more-326858\"\/><\/p>\n<div class=\"base-box mom_box_sc_custom mom_box_sc clear c5\" readability=\"10\">\n<p><strong>Cette exposition offre un v\u00e9ritable espace d\u2019expression o\u00f9 les d\u00e9tenus peuvent renouer avec la vie en dehors et partager avec le grand public leur cr\u00e9ativit\u00e9, n\u00e9e paradoxalement pendant leur d\u00e9tention.<\/strong><\/p>\n<\/div>\n<p><a href=\"http:\/\/aujourdhui.ma\/wp-content\/uploads\/2019\/12\/Exposition-Mus%C3%A9e-de-Bank-Al-Maghrib.jpg?x29840\"><img loading=\"lazy\" decoding=\"async\" class=\"size-full wp-image-326860 alignleft\" src=\"http:\/\/aujourdhui.ma\/wp-content\/uploads\/2019\/12\/Exposition-Mus%C3%A9e-de-Bank-Al-Maghrib.jpg?x29840\" alt=\"\" width=\"293\" height=\"517\" srcset=\"http:\/\/aujourdhui.ma\/wp-content\/uploads\/2019\/12\/Exposition-Mus\u00e9e-de-Bank-Al-Maghrib.jpg 293w, http:\/\/aujourdhui.ma\/wp-content\/uploads\/2019\/12\/Exposition-Mus\u00e9e-de-Bank-Al-Maghrib-170x300.jpg 170w\" sizes=\"auto, (max-width: 293px) 100vw, 293px\"\/><\/a>Une premi\u00e8re. En marge de la journ\u00e9e nationale des d\u00e9tenus, le Mus\u00e9e de Bank Al-Maghrib organise, jusqu\u2019au 1er mars 2020, une exposition intitul\u00e9e \u00abCr\u00e9ations d\u2019au-del\u00e0 des murs ou quand l\u2019art lib\u00e8re\u00bb. Un \u00e9v\u00e9nement, initi\u00e9 en partenariat avec la D\u00e9l\u00e9gation g\u00e9n\u00e9rale \u00e0 l\u2019administration p\u00e9nitentiaire et \u00e0 la r\u00e9insertion (DGAPR) et le Conseil national des droits de l\u2019Homme (CNDH). \u00abL\u2019art constitue sans nul doute une des composantes essentielles contribuant \u00e0 la pr\u00e9paration du d\u00e9tenu \u00e0 une r\u00e9insertion dans les tissus \u00e9conomique et social, et garantit de fa\u00e7on \u00e9quitable l\u2019acc\u00e8s \u00e0 la citoyennet\u00e9 et la participation \u00e0 la vie sociale\u00bb, exalte Abdellatif Jouahri, wali de Bank Al-Maghrib. Pour lui, cette exposition offre \u00e9galement un v\u00e9ritable espace d\u2019expression o\u00f9 les d\u00e9tenus peuvent renouer avec la vie en dehors et partager avec le grand public leur cr\u00e9ativit\u00e9, n\u00e9e paradoxalement pendant leur d\u00e9tention.<\/p>\n<p>De son c\u00f4t\u00e9, Amina Bouayach, pr\u00e9sidente du CNDH, indique : \u00abSans pr\u00e9tendre prendre en charge l\u2019ensemble des souffrances et des aspirations des personnes vivant dans l\u2019univers carc\u00e9ral, la culture et l\u2019art ont pour vocation de participer, en appui \u00e0 d\u2019autres mesures d\u2019accompagnement (alphab\u00e9tisation, formation professionnelle, sant\u00e9\u2026), \u00e0 favoriser la r\u00e9insertion des d\u00e9tenus et leur r\u00e9habilitation future dans le corps social\u00bb.<\/p>\n<p>\u00abPartant du constat que l\u2019art joue un r\u00f4le consid\u00e9rable dans la r\u00e9insertion des d\u00e9tenus dans la mesure o\u00f9 il leur permet de reprendre confiance en eux, de maintenir l\u2019espoir et de tisser de nouvelles relations sociales \u00e0 m\u00eame de faciliter leur r\u00e9insertion apr\u00e8s la remise en libert\u00e9, la D\u00e9l\u00e9gation g\u00e9n\u00e9rale met \u00e0 la disposition des d\u00e9tenus des ateliers d\u2019art et d\u2019artisanat pour qu\u2019ils puissent exprimer leurs aspirations, leurs r\u00eaves, leurs coups de c\u0153ur\u00bb, pr\u00e9cise, pour sa part, Mohamed Saleh Tamek, d\u00e9l\u00e9gu\u00e9 g\u00e9n\u00e9ral de la DGAPR.<\/p>\n<p>Cela \u00e9tant, cette exposition propose un parcours en deux temps. Il s\u2019agit, en premier lieu, d\u2019une d\u00e9couverte des multiples aspects de la cr\u00e9ativit\u00e9 artistique chez les d\u00e9tenus marocains venant de divers \u00e9tablissements p\u00e9nitentiaires du Royaume. En 2\u00e8me lieu, une immersion est faite \u00abde l\u2019autre c\u00f4t\u00e9\u00bb \u00e0 la rencontre des cr\u00e9ateurs anonymes \u00e0 travers les clich\u00e9s et le film documentaire r\u00e9alis\u00e9s par l\u2019artiste photographe, r\u00e9alisateur et designer, Darem Bouchentouf.<\/p>\n<p>Dans l\u2019ensemble, ce projet artistique d\u2019envergure a pour vocation de donner un visage humain au monde carc\u00e9ral r\u00e9put\u00e9 \u00abferm\u00e9\u00bb.<br \/>L\u2019\u00e9v\u00e9nement aux dimensions sociale, humaine et culturelle vient \u00e0 point pour prouver que l\u2019id\u00e9e d\u2019emprisonnement n\u2019est pas en soi une sanction absolue ni une exclusion abominable et que la prison reste un lieu branch\u00e9 constamment sur le monde ext\u00e9rieur, de m\u00eame que l\u2019application en son sein des droits de l\u2019Homme \u00e0 la formation, la culture, l\u2019art, la sant\u00e9 et l\u2019\u00e9change, est une r\u00e9alit\u00e9 de tous les instants.<br \/>En offrant un v\u00e9ritable espace d\u2019expression, d\u2019\u00e9change et de partage, l\u2019exposition consacr\u00e9e aux d\u00e9tenus devenus artistes pendant leur incarc\u00e9ration constitue un formidable pont entre dedans et dehors, dans l\u2019attente d\u2019un nouveau d\u00e9part. Judicieux.<\/p>\n<p>Auteur: ALM<br \/>\n<a href=\"http:\/\/aujourdhui.ma\/culture\/une-exposition-donne-libre-cours-a-limagination-des-detenus\">Cliquez ici pour lire l&rsquo;article depuis sa source.<\/a><\/p>\n","protected":false},"excerpt":{"rendered":"<p>Elle se poursuit jusqu\u2019au 1er mars 2020 au Mus\u00e9e de Bank Al-Maghrib Cette exposition offre un v\u00e9ritable espace d\u2019expression o\u00f9 les d\u00e9tenus peuvent renouer avec la vie en dehors et partager avec le grand public leur cr\u00e9ativit\u00e9, n\u00e9e paradoxalement pendant leur d\u00e9tention. Une premi\u00e8re. En marge de la journ\u00e9e nationale des d\u00e9tenus, le Mus\u00e9e de [&hellip;]<\/p>\n","protected":false},"author":1759,"featured_media":0,"comment_status":"closed","ping_status":"closed","sticky":false,"template":"","format":"standard","meta":{"fifu_image_url":"","fifu_image_alt":"","footnotes":""},"categories":[73,54],"tags":[],"class_list":["post-70351","post","type-post","status-publish","format-standard","hentry","category-actualite","category-maroc"],"_links":{"self":[{"href":"https:\/\/linitiative.ca\/International\/wp-json\/wp\/v2\/posts\/70351","targetHints":{"allow":["GET"]}}],"collection":[{"href":"https:\/\/linitiative.ca\/International\/wp-json\/wp\/v2\/posts"}],"about":[{"href":"https:\/\/linitiative.ca\/International\/wp-json\/wp\/v2\/types\/post"}],"author":[{"embeddable":true,"href":"https:\/\/linitiative.ca\/International\/wp-json\/wp\/v2\/users\/1759"}],"replies":[{"embeddable":true,"href":"https:\/\/linitiative.ca\/International\/wp-json\/wp\/v2\/comments?post=70351"}],"version-history":[{"count":0,"href":"https:\/\/linitiative.ca\/International\/wp-json\/wp\/v2\/posts\/70351\/revisions"}],"wp:attachment":[{"href":"https:\/\/linitiative.ca\/International\/wp-json\/wp\/v2\/media?parent=70351"}],"wp:term":[{"taxonomy":"category","embeddable":true,"href":"https:\/\/linitiative.ca\/International\/wp-json\/wp\/v2\/categories?post=70351"},{"taxonomy":"post_tag","embeddable":true,"href":"https:\/\/linitiative.ca\/International\/wp-json\/wp\/v2\/tags?post=70351"}],"curies":[{"name":"wp","href":"https:\/\/api.w.org\/{rel}","templated":true}]}}