{"id":70352,"date":"2019-12-16T07:50:36","date_gmt":"2019-12-16T12:50:36","guid":{"rendered":"https:\/\/linitiative.ca\/International\/lecrivain-et-scenariste-mohamed-laroussi-president-du-jury-de-la-5eme-edition\/"},"modified":"2019-12-16T07:50:36","modified_gmt":"2019-12-16T12:50:36","slug":"lecrivain-et-scenariste-mohamed-laroussi-president-du-jury-de-la-5eme-edition","status":"publish","type":"post","link":"https:\/\/linitiative.ca\/International\/lecrivain-et-scenariste-mohamed-laroussi-president-du-jury-de-la-5eme-edition\/","title":{"rendered":"L\u2019\u00e9crivain et sc\u00e9nariste Mohamed Laroussi pr\u00e9sident du jury de la 5\u00e8me \u00e9dition"},"content":{"rendered":"<p><img decoding=\"async\" class=\"post_layout_5_img\" src=\"http:\/\/aujourdhui.ma\/wp-content\/uploads\/2019\/12\/Mohamed-Laroussi-jury-Festival-du-film-documentaire.jpg?x29840\" alt=\"L\u2019\u00e9crivain et sc\u00e9nariste Mohamed Laroussi pr\u00e9sident du jury de la 5\u00e8me \u00e9dition\"\/><\/p>\n<p><span class=\"c4\"><strong>Douze films en lice \u00e0 la comp\u00e9tition officielle du Festival du film documentaire sur la culture, l\u2019histoire et l\u2019espace sahraouis hassanis<\/strong><\/span><br \/><span id=\"more-326864\"\/><\/p>\n<p>Ce sont douze films qui seront projet\u00e9s dans le cadre de la comp\u00e9tition officielle de la 5\u00e8me \u00e9dition du Festival du film documentaire sur la culture, l\u2019histoire et l\u2019espace sahraouis hassanis, pr\u00e9vu du 19 au 22 d\u00e9cembre 2019, \u00e0 l\u2019initiative du Centre cin\u00e9matographique marocain (CCM).<\/p>\n<p>Selon les organisateurs, \u00abces films, dont la plupart ont b\u00e9n\u00e9fici\u00e9 du soutien \u00e0 la production d\u2019\u0153uvres cin\u00e9matographiques, concourent pour le Grand prix et les prix du jury, de la meilleure r\u00e9alisation, meilleur montage et meilleure musique\u00bb. Ainsi la liste des films comprend entre autres \u00abAl Mihkyal\u00bb de Ahmad Bouchalka, \u00abAl Moustahdi Bi Nojoum\u00bb, de Abdelhakim El Bidaoui, \u00abEl Basiri, El Machhad El Mafkoud\u00bb de Loubna Lyounsi, \u00abDes enfants exil\u00e9s\u00bb de Hakim Kababi, \u00abLa guerre Oubli\u00e9e\u00bb de Asmaa El Moudir et \u00abLe Sahara, des rythmes magiques\u00bb de Abdelah Zirate. En effet, l\u2019ensemble de ces films sera jug\u00e9 par un jury de professionnels. Il sera d\u2019ailleurs pr\u00e9sid\u00e9 par l\u2019\u00e9crivain et sc\u00e9nariste Mohamed Laroussi. Celui-ci sera accompagn\u00e9 par Zoubida Essalami, Erraaboub Bahay, journaliste et chercheuse dans la culture hassanie, Charaf Eddine Zine Al Abidine, journaliste, Al Mahjoub Dwa, r\u00e9alisateur, \u00e9crivain et sc\u00e9nariste.<\/p>\n<p>Organis\u00e9e par le Centre cin\u00e9matographique marocain avec le soutien de la wilaya de La\u00e2youne-Sakia El Hamra, le Conseil de la r\u00e9gion La\u00e2youne-Sakia El Hamra, le club des producteurs et des professionnels de l\u2019audiovisuel et du cin\u00e9ma, cette grande rencontre cin\u00e9matographique ambitionne d\u2019encourager les films documentaires et les productions cin\u00e9matographiques dans les provinces du Sud. Elle vise aussi \u00e0 promouvoir et faire conna\u00eetre les productions documentaires traitant des diff\u00e9rents aspects du patrimoine culturel hassani, en tant que composante indispensable de l\u2019identit\u00e9 nationale unie.<\/p>\n<p>Il a \u00e9galement pour objectif de cr\u00e9er un espace de rencontre et d\u2019\u00e9change entre les professionnels du cin\u00e9ma dans cette r\u00e9gion du Royaume, le but \u00e9tant de renforcer le rayonnement de la civilisation, de la culture et de l\u2019histoire du Royaume et de mettre en exergue les sp\u00e9cificit\u00e9s de l\u2019identit\u00e9 marocaine. Il faut noter que le CCM a, depuis 2015, mis en place deux m\u00e9canismes visant l\u2019appui \u00e0 la production cin\u00e9matographique dans les provinces du Sud, \u00e0 savoir la cr\u00e9ation d\u2019un fonds d\u00e9di\u00e9 \u00e0 l\u2019encouragement des producteurs \u00e0 fournir des travaux pleinement d\u00e9di\u00e9s \u00e0 la culture et au patrimoine hassanis sahraouis et la formation des professionnels du cin\u00e9ma de cette r\u00e9gion de mani\u00e8re \u00e0 d\u00e9velopper leur production.<\/p>\n<p>Auteur: Siham Jadraoui<br \/>\n<a href=\"http:\/\/aujourdhui.ma\/culture\/cinema\/lecrivain-et-scenariste-mohamed-laroussi-president-du-jury-de-la-5eme-edition\">Cliquez ici pour lire l&rsquo;article depuis sa source.<\/a><\/p>\n","protected":false},"excerpt":{"rendered":"<p>Douze films en lice \u00e0 la comp\u00e9tition officielle du Festival du film documentaire sur la culture, l\u2019histoire et l\u2019espace sahraouis hassanis Ce sont douze films qui seront projet\u00e9s dans le cadre de la comp\u00e9tition officielle de la 5\u00e8me \u00e9dition du Festival du film documentaire sur la culture, l\u2019histoire et l\u2019espace sahraouis hassanis, pr\u00e9vu du 19 [&hellip;]<\/p>\n","protected":false},"author":1759,"featured_media":0,"comment_status":"closed","ping_status":"closed","sticky":false,"template":"","format":"standard","meta":{"fifu_image_url":"","fifu_image_alt":"","footnotes":""},"categories":[73,54],"tags":[],"class_list":["post-70352","post","type-post","status-publish","format-standard","hentry","category-actualite","category-maroc"],"_links":{"self":[{"href":"https:\/\/linitiative.ca\/International\/wp-json\/wp\/v2\/posts\/70352","targetHints":{"allow":["GET"]}}],"collection":[{"href":"https:\/\/linitiative.ca\/International\/wp-json\/wp\/v2\/posts"}],"about":[{"href":"https:\/\/linitiative.ca\/International\/wp-json\/wp\/v2\/types\/post"}],"author":[{"embeddable":true,"href":"https:\/\/linitiative.ca\/International\/wp-json\/wp\/v2\/users\/1759"}],"replies":[{"embeddable":true,"href":"https:\/\/linitiative.ca\/International\/wp-json\/wp\/v2\/comments?post=70352"}],"version-history":[{"count":0,"href":"https:\/\/linitiative.ca\/International\/wp-json\/wp\/v2\/posts\/70352\/revisions"}],"wp:attachment":[{"href":"https:\/\/linitiative.ca\/International\/wp-json\/wp\/v2\/media?parent=70352"}],"wp:term":[{"taxonomy":"category","embeddable":true,"href":"https:\/\/linitiative.ca\/International\/wp-json\/wp\/v2\/categories?post=70352"},{"taxonomy":"post_tag","embeddable":true,"href":"https:\/\/linitiative.ca\/International\/wp-json\/wp\/v2\/tags?post=70352"}],"curies":[{"name":"wp","href":"https:\/\/api.w.org\/{rel}","templated":true}]}}