{"id":70355,"date":"2019-12-16T09:00:32","date_gmt":"2019-12-16T14:00:32","guid":{"rendered":"https:\/\/linitiative.ca\/International\/de-lart-contemporain-et-du-cinema-pour-la-promotion-culturelle-dagadir\/"},"modified":"2019-12-16T09:00:32","modified_gmt":"2019-12-16T14:00:32","slug":"de-lart-contemporain-et-du-cinema-pour-la-promotion-culturelle-dagadir","status":"publish","type":"post","link":"https:\/\/linitiative.ca\/International\/de-lart-contemporain-et-du-cinema-pour-la-promotion-culturelle-dagadir\/","title":{"rendered":"De l\u2019art contemporain et du cin\u00e9ma pour la promotion culturelle d\u2019Agadir"},"content":{"rendered":"<header readability=\"1.25294117647\">\n<\/header>\n<div class=\"entry-content clearfix\" readability=\"67\"><img decoding=\"async\" class=\"post_layout_5_img\" src=\"http:\/\/aujourdhui.ma\/wp-content\/uploads\/2019\/12\/Foire-internationale-d%E2%80%99art-contemporain-Agadir-Art-Fair.jpg?x29840\" alt=\"De l\u2019art contemporain et du cin\u00e9ma pour la promotion culturelle d\u2019Agadir\"\/><\/p>\n<p><span class=\"c4\"><strong>Deux \u00e9v\u00e9nements qui se d\u00e9roulent en m\u00eame temps<\/strong><\/span><br \/><span id=\"more-326841\"\/>La 3\u00e8me Foire internationale d\u2019art contemporain (Agadir Art Fair), qui se tient du 16 au 18 d\u00e9cembre, sera rythm\u00e9e par le 2\u00e8me Festival international du film sur l\u2019art (Cin\u00e9 Art Agadir). Une manifestation dont le programme comprend, selon la directrice de ces deux \u00e9v\u00e9nements, Najat El Baz, la projection d\u2019un grand nombre de films sur l\u2019art. Les festivaliers auront, ainsi, l\u2019occasion de voir un film sur le c\u00e9l\u00e9brissime artiste-peintre Van Gogh. D\u2019autres films d\u00e9di\u00e9s aux diff\u00e9rents arts \u00e0 l\u2019instar du th\u00e9\u00e2tre, de la peinture, musique, danse et photographie seront projet\u00e9s lors de ces \u00e9v\u00e9nements qui seront \u00e9galement jalonn\u00e9s d\u2019un concours de jeunes talents. Une comp\u00e9tition d\u00e9di\u00e9e, entre autres, \u00e0 la peinture et la musique lors de ces \u00e9venements dont le programme est marqu\u00e9, selon Mme El Baz, d\u2019un symposium, de lecture de po\u00e8mes, voire d\u2019hommages. Ainsi, des honneurs seront faits au cin\u00e9aste et photographe Daoud Oulad Sayed qui animera \u00e9galement une master class, \u00e0 l\u2019actrice Esther Regina d\u2019Espagne et Ahmed Baddouj, acteur gadiri.Quant \u00e0 la c\u00e9r\u00e9monie de cl\u00f4ture de ces manifestations, elle sera anim\u00e9e par un rappeur su\u00e9dois apr\u00e8s que le groupe H-Kayn eut ouvert le bal. A son tour, la chanteuse Keltouma Tamazirt prend part \u00e0 ces \u00e9v\u00e9nements dans lesquels des troupes folkloriques sont de la partie lors de ces \u00e9v\u00e9nements qui se tiennent sous les th\u00e8mes de \u00abl\u2019art et le tourisme culturel\u00bb et \u00abLe 7\u00e8me art et le dialogue des civilisations\u00bb.<br \/>\u00abEn tant qu\u2019artiste-peintre, je fais mon devoir pour la promotion culturelle de la r\u00e9gion\u00bb, exalte Mme El Baz. Elle ne manque pas de devoir une fi\u00e8re chandelle \u00e0 la wilaya, au conseil de la r\u00e9gion et la municipalit\u00e9 ainsi qu\u2019au Centre cin\u00e9matographique marocain pour leur forte contribution pour l\u2019organisation de ces manifestations initi\u00e9es par l\u2019Association d\u2019\u00e9change d\u2019art international. A lui seul, le Cin\u00e9 Art Fair a le r\u00e9alisateur Hakim Noury comme pr\u00e9sident d\u2019honneur. Le jury de la comp\u00e9tition officielle de ce festival, pr\u00e9sid\u00e9 par le r\u00e9alisateur marocain Hassan Benjelloun, est compos\u00e9 de l\u2019actrice Esther Regina d\u2019Espagne, Alain Peter de la Belgique, Nadia Mifleh d\u2019Alg\u00e9rie et Mohamed Belouche du Maroc.Ils trancheront entre 13 courts m\u00e9trages produits au cours des deux derni\u00e8res ann\u00e9es. Quant \u00e0 Agadir Art Fair, il est dirig\u00e9 par Mme El Baz. En marge de cette foire, des ateliers d\u2019art sont organis\u00e9s pour \u00e9changer des exp\u00e9riences entre artistes, entre autres. Cette foire se veut \u00e9galement de cultiver le sens artistique et promouvoir une culture de l\u2019art plastique. Le public en a grand besoin.<\/p>\n<\/div>\n<p>Auteur: Salima Guisser<br \/>\n<a href=\"http:\/\/aujourdhui.ma\/culture\/de-lart-contemporain-et-du-cinema-pour-la-promotion-culturelle-dagadir\">Cliquez ici pour lire l&rsquo;article depuis sa source.<\/a><\/p>\n","protected":false},"excerpt":{"rendered":"<p>Deux \u00e9v\u00e9nements qui se d\u00e9roulent en m\u00eame tempsLa 3\u00e8me Foire internationale d\u2019art contemporain (Agadir Art Fair), qui se tient du 16 au 18 d\u00e9cembre, sera rythm\u00e9e par le 2\u00e8me Festival international du film sur l\u2019art (Cin\u00e9 Art Agadir). Une manifestation dont le programme comprend, selon la directrice de ces deux \u00e9v\u00e9nements, Najat El Baz, la [&hellip;]<\/p>\n","protected":false},"author":1759,"featured_media":0,"comment_status":"closed","ping_status":"closed","sticky":false,"template":"","format":"standard","meta":{"fifu_image_url":"","fifu_image_alt":"","footnotes":""},"categories":[73,54],"tags":[],"class_list":["post-70355","post","type-post","status-publish","format-standard","hentry","category-actualite","category-maroc"],"_links":{"self":[{"href":"https:\/\/linitiative.ca\/International\/wp-json\/wp\/v2\/posts\/70355","targetHints":{"allow":["GET"]}}],"collection":[{"href":"https:\/\/linitiative.ca\/International\/wp-json\/wp\/v2\/posts"}],"about":[{"href":"https:\/\/linitiative.ca\/International\/wp-json\/wp\/v2\/types\/post"}],"author":[{"embeddable":true,"href":"https:\/\/linitiative.ca\/International\/wp-json\/wp\/v2\/users\/1759"}],"replies":[{"embeddable":true,"href":"https:\/\/linitiative.ca\/International\/wp-json\/wp\/v2\/comments?post=70355"}],"version-history":[{"count":0,"href":"https:\/\/linitiative.ca\/International\/wp-json\/wp\/v2\/posts\/70355\/revisions"}],"wp:attachment":[{"href":"https:\/\/linitiative.ca\/International\/wp-json\/wp\/v2\/media?parent=70355"}],"wp:term":[{"taxonomy":"category","embeddable":true,"href":"https:\/\/linitiative.ca\/International\/wp-json\/wp\/v2\/categories?post=70355"},{"taxonomy":"post_tag","embeddable":true,"href":"https:\/\/linitiative.ca\/International\/wp-json\/wp\/v2\/tags?post=70355"}],"curies":[{"name":"wp","href":"https:\/\/api.w.org\/{rel}","templated":true}]}}