{"id":70356,"date":"2019-12-16T06:32:25","date_gmt":"2019-12-16T11:32:25","guid":{"rendered":"https:\/\/linitiative.ca\/International\/abdou-el-mesnaoui-tourne-le-stylo-rouge-dans-les-regions-de-khenifra%ef%bb%bf\/"},"modified":"2019-12-16T06:32:25","modified_gmt":"2019-12-16T11:32:25","slug":"abdou-el-mesnaoui-tourne-le-stylo-rouge-dans-les-regions-de-khenifra%ef%bb%bf","status":"publish","type":"post","link":"https:\/\/linitiative.ca\/International\/abdou-el-mesnaoui-tourne-le-stylo-rouge-dans-les-regions-de-khenifra%ef%bb%bf\/","title":{"rendered":"Abdou El Mesnaoui tourne \u00abLe stylo rouge\u00bb dans les r\u00e9gions de Kh\u00e9nifra\ufeff"},"content":{"rendered":"<p class=\"has-text-color has-vivid-cyan-blue-color\"><strong>Apr\u00e8s son premier court m\u00e9trage \u00e0 succ\u00e8s \u00abSophisma\u00bb, le r\u00e9alisateur et acteur Abdou El Mesnaoui revient au devant\u00a0 de la sc\u00e8ne cin\u00e9matographique nationale avec un deuxi\u00e8me court m\u00e9trage intitul\u00e9\u00a0 \u00abLe stylo rouge\u00bb.<\/strong><\/p>\n<p>En effet, ce nouveau-n\u00e9 cin\u00e9matographique sera tourn\u00e9 du 19 au 23 d\u00e9cembre 2019 dans les r\u00e9gions de la ville de Kh\u00e9nifra. C\u2019est alors au Moyen Atlas central du pays que le r\u00e9alisateur en compagnie d\u2019une belle brochette d\u2019acteurs dont Rachid El Ouali, Mohamed Choubi, Latifa Ahrar, Abdelkabir Rgagna et Mohamed Machmoum, Abderahim Miniari, les enfants Fadi Elbadri et Mohamed Rayan Nassib en compagnie des \u00e9l\u00e8ves d\u2019 \u00e9coles communautaires d\u2019Ajdir que les \u00e9v\u00e9nements de ce film auront lieu.<\/p>\n<p>Par ailleurs, le choix de cette belle r\u00e9gion notamment Aguelmam et Ajdir n\u2019est pas anodin. Car, le r\u00e9alisateur et son staff miseront\u00a0 davantage sur la beaut\u00e9 des paysages et des visages afin de po\u00e9tiser leur travail pour le plaisir des cin\u00e9philes et des amoureux de l\u2019image et du cin\u00e9ma. \u00abLe Stylo rouge\u00bb raconte l\u2019histoire d\u2019un enseignant, un\u00a0 r\u00f4le qui sera jou\u00e9 par l\u2019acteur Rachid El Ouali, et qui essaie de faire comprendre \u00e0 ses \u00e9l\u00e8ves le sens de la d\u00e9mocratie \u00e0 travers la correction d\u2019un examen dans une \u00e9cole qui se situe dans une zone montagnarde lointaine, alors qu\u2019en m\u00eame temps, qu\u2019une compagne des \u00e9lections communales s\u2019installe au centre du village\u00bb, pr\u00e9cise le r\u00e9alisateur du film dans un\u00a0 communiqu\u00e9 de presse.<\/p>\n<p>Le film, ajoute la m\u00eame source, est produit par le producteur marocain Abderrahim Harbal et la soci\u00e9t\u00e9 Yan Production avec le fond d\u2019aide du Centre Cin\u00e9matographique Marocain et la Soci\u00e9t\u00e9 Nationale de la Radiodiffusion et T\u00e9l\u00e9vision (SNRT).<\/p>\n<p class=\"c2\"><strong>M.N.Y<\/strong><\/p>\n<p>Auteur: M&rsquo;hammed rahal<br \/>\n<a href=\"http:\/\/albayane.press.ma\/abdou-el-mesnaoui-tourne-le-stylo-rouge-dans-les-regions-de-khenifra%EF%BB%BF.html\">Cliquez ici pour lire l&rsquo;article depuis sa source.<\/a><\/p>\n","protected":false},"excerpt":{"rendered":"<p>Apr\u00e8s son premier court m\u00e9trage \u00e0 succ\u00e8s \u00abSophisma\u00bb, le r\u00e9alisateur et acteur Abdou El Mesnaoui revient au devant\u00a0 de la sc\u00e8ne cin\u00e9matographique nationale avec un deuxi\u00e8me court m\u00e9trage intitul\u00e9\u00a0 \u00abLe stylo rouge\u00bb. En effet, ce nouveau-n\u00e9 cin\u00e9matographique sera tourn\u00e9 du 19 au 23 d\u00e9cembre 2019 dans les r\u00e9gions de la ville de Kh\u00e9nifra. C\u2019est alors [&hellip;]<\/p>\n","protected":false},"author":1760,"featured_media":0,"comment_status":"closed","ping_status":"closed","sticky":false,"template":"","format":"standard","meta":{"fifu_image_url":"","fifu_image_alt":"","footnotes":""},"categories":[73,54],"tags":[],"class_list":["post-70356","post","type-post","status-publish","format-standard","hentry","category-actualite","category-maroc"],"_links":{"self":[{"href":"https:\/\/linitiative.ca\/International\/wp-json\/wp\/v2\/posts\/70356","targetHints":{"allow":["GET"]}}],"collection":[{"href":"https:\/\/linitiative.ca\/International\/wp-json\/wp\/v2\/posts"}],"about":[{"href":"https:\/\/linitiative.ca\/International\/wp-json\/wp\/v2\/types\/post"}],"author":[{"embeddable":true,"href":"https:\/\/linitiative.ca\/International\/wp-json\/wp\/v2\/users\/1760"}],"replies":[{"embeddable":true,"href":"https:\/\/linitiative.ca\/International\/wp-json\/wp\/v2\/comments?post=70356"}],"version-history":[{"count":0,"href":"https:\/\/linitiative.ca\/International\/wp-json\/wp\/v2\/posts\/70356\/revisions"}],"wp:attachment":[{"href":"https:\/\/linitiative.ca\/International\/wp-json\/wp\/v2\/media?parent=70356"}],"wp:term":[{"taxonomy":"category","embeddable":true,"href":"https:\/\/linitiative.ca\/International\/wp-json\/wp\/v2\/categories?post=70356"},{"taxonomy":"post_tag","embeddable":true,"href":"https:\/\/linitiative.ca\/International\/wp-json\/wp\/v2\/tags?post=70356"}],"curies":[{"name":"wp","href":"https:\/\/api.w.org\/{rel}","templated":true}]}}