{"id":70357,"date":"2019-12-16T06:37:37","date_gmt":"2019-12-16T11:37:37","guid":{"rendered":"https:\/\/linitiative.ca\/International\/agadir-clot-son-festival-dans-lexultation\/"},"modified":"2019-12-16T06:37:37","modified_gmt":"2019-12-16T11:37:37","slug":"agadir-clot-son-festival-dans-lexultation","status":"publish","type":"post","link":"https:\/\/linitiative.ca\/International\/agadir-clot-son-festival-dans-lexultation\/","title":{"rendered":"Agadir cl\u00f4t son festival dans l\u2019exultation!"},"content":{"rendered":"<p class=\"has-text-color has-vivid-cyan-blue-color\"><strong>Tout au long d\u2019une semaine de plaisir et de partage, le festival international de Cin\u00e9ma et Migrations d\u2019Agadir met fin \u00e0 la f\u00eate, dans l\u2019euphorie et l\u2019all\u00e9gresse. Un grand public vient savourer encore les ultimes d\u00e9lices de cette seizi\u00e8me \u00e9dition en apoth\u00e9ose.<\/strong><\/p>\n<p>Les cin\u00e9astes de tous bords, s\u2019enlace avec ceux et celles qui les ont c\u00f4toy\u00e9s et choy\u00e9s, pendant le s\u00e9jour ensoleill\u00e9 de la capitale du Souss. Vers huit heures du soir de cette c\u00e9r\u00e9monie de cl\u00f4ture, le rideau se l\u00e8ve sous les ovations nourries de l\u2019assistance avide de conna\u00eetre les laur\u00e9ats de cette manche en couleurs. Le bin\u00f4me habituel qui assure la mod\u00e9ration des travaux de cette s\u00e9ance finale, surgit sur sc\u00e8ne, devant une salle archi-comble. Tout en aur\u00e9ole, Driss Moubarik, pr\u00e9sident de l\u2019association Initiative Culturelle d\u2019Agadir ouvre le bal en pronon\u00e7ant une br\u00e8ve allocution, mais combien saisissante pour mettre en exergue les moments marquants de cette \u00e9dition qui avait connu un succ\u00e8s \u00e9clatants sur tous les plans.<\/p>\n<p>En effet, l\u2019intervenant citait, au-del\u00e0 des projections de court et long m\u00e9trage, toutes aussi fortes en images et enseignements, l\u2019\u00e9mouvante prestation des mal-voyants qui avait suscit\u00e9 gr\u00e2ce et majest\u00e9 dans le cours des festivaliers. L\u2019accompagnement m\u00e9diatique, par le biais de multiples supports r\u00e9gionaux et nationaux \u00e9tait fort remarquable, en particulier les studios plant\u00e9s sur l\u2019esplanade du cin\u00e9ma, notamment la radio sp\u00e9cifique au festival que la HACA avait autoris\u00e9 pour la circonstance.<\/p>\n<p>Rappelons en r\u00e9trospective que cette 16\u00e8me \u00e9dition du festival comprenait une panoplie de passages qui ont retenu en haleine un public assoiff\u00e9 de cin\u00e9ma. En fait, la programmation riche en activit\u00e9s fournies, lors de cette \u00e9dition, a permis au grand public pr\u00e9sent \u00e0 Agadir et\u00a0\u00a0r\u00e9gions environnants d\u2019assister aux\u00a0\u00a0projections et de suivre des rencontres, des workshops, des masterclass, des hommage, des des tables rondes\u2026<\/p>\n<p>Etaient en lice pour cette \u00e9dition dans le cadre des deux comp\u00e9titions officielles du festival, neuf longs-m\u00e9trages et quinze courts-m\u00e9trages, tous produits entre 2018 et 2019, et dont la plupart \u00e9taient projet\u00e9s pour la premi\u00e8re fois au Maroc et dans le continent africain.\u00a0\u00a0La pr\u00e9sidence du jury des longs-m\u00e9trages a \u00e9t\u00e9 confi\u00e9e au r\u00e9alisateur et ancien ministre malien de la Culture, Cheick Oumar Sissoko, avec \u00e0 ses c\u00f4t\u00e9s la com\u00e9dienne tunisienne Fatma ben Sa\u00efdane, le r\u00e9alisateur marocain Isma\u00ebl Ferroukhi, le r\u00e9alisateur fran\u00e7ais Manuel Sanchez et la r\u00e9alisatrice italienne Annamaria Gallone.<\/p>\n<p>Le jury des courts-m\u00e9trages, quant \u00e0 lui, a \u00e9t\u00e9 pr\u00e9sid\u00e9 par le r\u00e9alisateur, producteur et sc\u00e9nariste marocain Abdeslam Kelai, et compos\u00e9 de la com\u00e9dienne marocaine Sa\u00e2dia Ladib, du r\u00e9alisateur et sc\u00e9nariste n\u00e9erlando-alg\u00e9rien Karim Traidia, du r\u00e9alisateur et sc\u00e9nariste marocain Mohamed El Khomais et de la com\u00e9dienne et auteure libanaise Darine Al Joundi.<\/p>\n<p>La Belgique fut l\u2019invit\u00e9e d\u2019honneur de cette \u00e9dition,\u00a0\u00a0pays avec lequel le Royaume entretient des relations \u00e9troites et dont le paysage cin\u00e9matographique est incessamment enrichi par les contributions de talentueux r\u00e9alisateurs, com\u00e9diens, sc\u00e9naristes et producteurs d\u2019origine marocaine. Le Royaume, au r\u00e9pertoire cin\u00e9matographique riche et singulier, a \u00e9t\u00e9 repr\u00e9sent\u00e9 \u00e0 Agadir par une importante d\u00e9l\u00e9gation conduite par le Belgo-marocain Nabil Ben Yadir.<\/p>\n<p>Cette manifestation culturelle est organis\u00e9e en partenariat avec la r\u00e9gion Souss-Massa, la wilaya de Souss-Massa, le conseil pr\u00e9fectoral d\u2019Agadir Ida-Outanane, le Centre cin\u00e9matographique marocain et le minist\u00e8re d\u00e9l\u00e9gu\u00e9 aupr\u00e8s du ministre des Affaires \u00e9trang\u00e8res, de la Coop\u00e9ration africaine et des Marocains r\u00e9sidant \u00e0 l\u2019\u00e9tranger, charg\u00e9 des Marocains r\u00e9sidant \u00e0 l\u2019\u00e9tranger.<\/p>\n<p class=\"c2\"><strong>Saoudi El Amalki<\/strong><\/p>\n<p class=\"has-text-color has-vivid-red-color\"><strong>Palmar\u00e8s de l\u2019\u00e9dition 2019\u00a0:<\/strong><\/p>\n<p>1-\u00a0\u00a0\u00a0\u00a0\u00a0Prix du court m\u00e9trage\u00a0: Le chant d\u2019Ahmed de Fouad Mansour<\/p>\n<p>2-\u00a0\u00a0\u00a0\u00a0\u00a0Prix du long m\u00e9trage\u00a0:<\/p>\n<p>Meilleure interpr\u00e9tation f\u00e9minine\u00a0:<\/p>\n<p>\u2013\u00a0\u00a0\u00a0\u00a0Soraya Hachoumi dans le film Soumaya<\/p>\n<p>\u00a0Meilleure interpr\u00e9tation masculine\u00a0:<\/p>\n<p>\u2013\u00a0\u00a0\u00a0\u00a0\u00a0\u00a0\u00a0\u00a0Nabil Malat dans le film Rafael<\/p>\n<p>3-\u00a0\u00a0\u00a0\u00a0\u00a0Prix du sc\u00e9nario<\/p>\n<p>Le film\u00a0: Broeders<\/p>\n<p>4-\u00a0\u00a0\u00a0\u00a0\u00a0Prix de la r\u00e9alisation<\/p>\n<p>Le film\u00a0: Jeune Ahmed<\/p>\n<p>5-\u00a0\u00a0\u00a0\u00a0\u00a0Grand prix<\/p>\n<p>Le film\u00a0: Rafael<\/p>\n<p>Auteur: M&rsquo;hammed rahal<br \/>\n<a href=\"http:\/\/albayane.press.ma\/agadir-clot-son-festival-dans-lexultation.html\">Cliquez ici pour lire l&rsquo;article depuis sa source.<\/a><\/p>\n","protected":false},"excerpt":{"rendered":"<p>Tout au long d\u2019une semaine de plaisir et de partage, le festival international de Cin\u00e9ma et Migrations d\u2019Agadir met fin \u00e0 la f\u00eate, dans l\u2019euphorie et l\u2019all\u00e9gresse. Un grand public vient savourer encore les ultimes d\u00e9lices de cette seizi\u00e8me \u00e9dition en apoth\u00e9ose. Les cin\u00e9astes de tous bords, s\u2019enlace avec ceux et celles qui les ont [&hellip;]<\/p>\n","protected":false},"author":1760,"featured_media":0,"comment_status":"closed","ping_status":"closed","sticky":false,"template":"","format":"standard","meta":{"fifu_image_url":"","fifu_image_alt":"","footnotes":""},"categories":[73,54],"tags":[],"class_list":["post-70357","post","type-post","status-publish","format-standard","hentry","category-actualite","category-maroc"],"_links":{"self":[{"href":"https:\/\/linitiative.ca\/International\/wp-json\/wp\/v2\/posts\/70357","targetHints":{"allow":["GET"]}}],"collection":[{"href":"https:\/\/linitiative.ca\/International\/wp-json\/wp\/v2\/posts"}],"about":[{"href":"https:\/\/linitiative.ca\/International\/wp-json\/wp\/v2\/types\/post"}],"author":[{"embeddable":true,"href":"https:\/\/linitiative.ca\/International\/wp-json\/wp\/v2\/users\/1760"}],"replies":[{"embeddable":true,"href":"https:\/\/linitiative.ca\/International\/wp-json\/wp\/v2\/comments?post=70357"}],"version-history":[{"count":0,"href":"https:\/\/linitiative.ca\/International\/wp-json\/wp\/v2\/posts\/70357\/revisions"}],"wp:attachment":[{"href":"https:\/\/linitiative.ca\/International\/wp-json\/wp\/v2\/media?parent=70357"}],"wp:term":[{"taxonomy":"category","embeddable":true,"href":"https:\/\/linitiative.ca\/International\/wp-json\/wp\/v2\/categories?post=70357"},{"taxonomy":"post_tag","embeddable":true,"href":"https:\/\/linitiative.ca\/International\/wp-json\/wp\/v2\/tags?post=70357"}],"curies":[{"name":"wp","href":"https:\/\/api.w.org\/{rel}","templated":true}]}}