{"id":70359,"date":"2019-12-16T07:07:22","date_gmt":"2019-12-16T12:07:22","guid":{"rendered":"https:\/\/linitiative.ca\/International\/cinquieme-session-du-comite-central-du-pps\/"},"modified":"2019-12-16T07:07:22","modified_gmt":"2019-12-16T12:07:22","slug":"cinquieme-session-du-comite-central-du-pps","status":"publish","type":"post","link":"https:\/\/linitiative.ca\/International\/cinquieme-session-du-comite-central-du-pps\/","title":{"rendered":"Cinqui\u00e8me session du Comit\u00e9 central du PPS"},"content":{"rendered":"<p class=\"has-text-color has-vivid-red-color c2\"><strong>Adoption \u00e0 l\u2019unanimit\u00e9 du rapport du Bureau politique et du plan actualis\u00e9 \u00abTAJADDOR et INCIHAR\u00bb<\/strong><\/p>\n<p class=\"has-text-color has-vivid-cyan-blue-color\"><strong>Le Comit\u00e9 central du Parti du progr\u00e8s et du socialisme, r\u00e9uni samedi 14 d\u00e9cembre au si\u00e8ge national du parti \u00e0 Rabat, a adopt\u00e9 \u00e0 l\u2019unanimit\u00e9, apr\u00e8s discussions et d\u00e9bats, le rapport du Bureau politique, pr\u00e9sent\u00e9 par le Secr\u00e9taire g\u00e9n\u00e9ral du parti, Mohamed Nabil Benabdallah et le plan actualis\u00e9 de \u00abTAJADDOR et INCIHAR\u00bb (enracinement et fusion) dans la soci\u00e9t\u00e9.<\/strong><\/p>\n<div class=\"wp-block-image\"><img loading=\"lazy\" decoding=\"async\" src=\"http:\/\/albayane.press.ma\/wp-content\/uploads\/Alaoui-5.jpg\" alt=\"\" class=\"wp-image-83685\" width=\"547\" height=\"332\"\/><\/div>\n<p>Au cours de cette session, tenue sous la pr\u00e9sidence de Mustapha Addichane qui avait \u00e0 ses cot\u00e9s Khadija El Baz, Touria Skalli, Abdelahad Fassi El Fihri, Fatima Zahra Barassat, Rachid Roukbane et Driss Redouani, tous membres du Bureau politique, le Secr\u00e9taire g\u00e9n\u00e9ral du parti a d\u2019abord invit\u00e9 l\u2019assistance \u00e0 lire la Fatiha pour se recueillir sur l\u2019\u00e2me des camarades r\u00e9cemment d\u00e9c\u00e9d\u00e9s dont feux Mustapha Azzaoui et Kacem El Ghazoui.<\/p>\n<p>Cette session se tient, alors que le PPS se trouve dans une position de l\u2019opposition, apr\u00e8s son retrait volontaire du gouvernement, fid\u00e8le \u00e0 son r\u00f4le d\u2019acteur principal dans la vie politique nationale, aspirant \u00e0 renforcer sa place dans le paysage partisan national, a rappel\u00e9 le Secr\u00e9taire g\u00e9n\u00e9ral du parti.<\/p>\n<p>Le parti poursuit donc, \u00e0 partir de son\u00a0 nouveau positionnement dans l\u2019opposition, son combat pour la d\u00e9fense des causes nationales et du peuple, abstraction faite des difficult\u00e9s auxquelles le pays est confront\u00e9.<\/p>\n<p>Le PPS \u0153uvre ainsi pour la d\u00e9fense d\u2019un projet soci\u00e9tal, fond\u00e9 sur la d\u00e9mocratie, l\u2019Etat de Droit et des institutions, une soci\u00e9t\u00e9 de la libert\u00e9, de la dignit\u00e9, des droits de l\u2019homme et de l\u2019\u00e9galit\u00e9, une soci\u00e9t\u00e9 dot\u00e9e d\u2019une \u00e9conomie nationale forte avec une r\u00e9partition \u00e9quitable des richesses nationales aux niveaux social et spatial, une soci\u00e9t\u00e9 du progr\u00e8s, d\u2019ouverture et de modernit\u00e9, dans la perspective de l\u2019\u00e9dification d\u2019une soci\u00e9t\u00e9 socialiste, a fait savoir Benabdallah.<\/p>\n<p>C\u2019est pour cela que le parti a \u00e9t\u00e9 cr\u00e9\u00e9, a-t-il rappel\u00e9, estimant qu\u2019il va perdre toute raison d\u2019\u00eatre s\u2019il d\u00e9vie de cette ligne, qu\u2019il soit au gouvernement ou non ou s\u2019il perd ses traits distinctifs fond\u00e9s sur la rigueur dans l\u2019analyse, l\u2019audace responsable dans l\u2019expression, l\u2019objectivit\u00e9 dans l\u2019approche des questions et le traitement s\u00e9rieux et pond\u00e9r\u00e9 des faits et des d\u00e9veloppements. C\u2019est ce qui lui avait toujours permis d\u2019\u00eatre le premier \u00e0 adopter des positions, dont la justesse et le bien fond\u00e9 ne sont reconnus qu\u2019ult\u00e9rieurement, a-t-il dit.<\/p>\n<p class=\"has-text-color has-vivid-red-color\"><strong>Une situation internationale perturb\u00e9e<\/strong><\/p>\n<p>Poursuivant son rapport, le SG a soulign\u00e9 que les d\u00e9veloppements en cours sur la sc\u00e8ne internationale indiquent que le monde va connaitre davantage de perturbations et de d\u00e9sordres, du fait des politiques poursuivies par le syst\u00e8me capitaliste dominant, d\u2019une part, et des tensions internes, provoqu\u00e9es par les politiques imp\u00e9rialistes aux r\u00e9percussions n\u00e9gatives sur les peuples et en particulier sur les couches laborieuses, d\u2019autre part.<\/p>\n<p>Dans ce cadre, les Etats Unis d\u2019Am\u00e9rique jouent un r\u00f4le capital sous le signe de l\u2019ouverture \u00e9conomique, alors que ce slogan est en fait ignor\u00e9 quand il s\u2019agit de leurs int\u00e9r\u00eats comme le montre leur guerre commerciale avec la Chine.<\/p>\n<p>Il est vrai qu\u2019il ne s\u2019agit pas d\u2019un ph\u00e9nom\u00e8ne nouveau, mais il est vrai aussi qu\u2019il est en train de prendre aujourd\u2019hui une ampleur sans pr\u00e9c\u00e9dent, a-t-il expliqu\u00e9.<\/p>\n<p>Mais ce qui attire aujourd\u2019hui l\u2019attention, c\u2019est ce r\u00e9veil des peuples, qui n\u2019h\u00e9sitent plus \u00e0 s\u2019exprimer et \u00e0 r\u00e9clamer avec courage leur lib\u00e9ration et\u00a0 leur d\u00e9livrance dans la perspective de l\u2019\u00e9dification d\u2019un nouvel ordre mondial en remplacement de celui que l\u2019imp\u00e9rialisme tente d\u2019imposer\u00a0; un nouvel ordre mondial fond\u00e9 sur les valeurs de l\u2019humanisme, de la libert\u00e9, de la dignit\u00e9, de la justice, de la paix et de la d\u00e9mocratie.<\/p>\n<p class=\"has-text-color has-vivid-red-color\"><strong>L\u2019\u00e8re de la mont\u00e9e de la force des protestations<\/strong><\/p>\n<p>C\u2019est pourquoi, l\u2019on est en droit d\u2019avancer que l\u2019on est aujourd\u2019hui \u00e0 l\u2019\u00e8re de \u00abla mont\u00e9e de la force des protestations\u00bb. Autrement dit, l\u2019on est en pr\u00e9sence d\u2019une nouvelle force de propulsion du mouvement de l\u2019histoire et des soci\u00e9t\u00e9s, une force dont l\u2019\u00e9tincelle est le niveau maximum atteint par le capital en mati\u00e8re d\u2019injustice, de tyrannie, d\u2019exploitation et de diktat, a expliqu\u00e9 le SG du PPS. C\u2019est ce qui provoque des r\u00e9actions extr\u00eames de col\u00e8re et d\u2019inqui\u00e9tude de la part des peuples, qui se transforment peu \u00e0 peu en mouvements sociaux qui impacteront sans doute l\u2019histoire moderne.<\/p>\n<p>Personne ne peut ignorer le r\u00f4le d\u00e9cisif des m\u00e9dias modernes dans ces d\u00e9veloppements, compte tenu du poids des messages v\u00e9hicul\u00e9s et du choc des images d\u2019illustration qui les accompagnent.<\/p>\n<p>Les perturbations que connait la sc\u00e8ne internationale ne sont en fait qu\u2019\u00e0 leur d\u00e9but. Elle sont appel\u00e9es \u00e0 s\u2019amplifier comme le montre la mont\u00e9e en puissance des manifestations sociales et de l\u2019approfondissement de la crise \u00e9conomique presque partout dans le monde, aux Etats unis, en Am\u00e9rique Latine (Br\u00e9sil, Bolivie, Chili, etc.), en Europe (France, Espagne\u00a0\u2026), dans la r\u00e9gion arabe (Syrie, Liban, Alg\u00e9rie, Soudan, Jordanie, Libye, etc.) et ailleurs.<\/p>\n<p class=\"has-text-color has-vivid-red-color\"><strong>Ce qui permet d\u2019en conclure que<\/strong><\/p>\n<p>\u00a0\u00a0\u00a0\u00a0\u00a0\u00a0\u00a0\u00a0 \u2022 L\u2019histoire n\u2019est pas termin\u00e9e. Que le capital n\u2019a pas gagn\u00e9. Que la dialectique id\u00e9ologique a une suite. Que le mouvement de l\u2019histoire a son mot \u00e0 dire.<\/p>\n<p>\u00a0\u00a0\u00a0\u00a0\u00a0\u00a0\u00a0\u00a0 \u2022 Le capitalisme prouve effectivement qu\u2019il n\u2019est pas la r\u00e9ponse saine \u00e0 la question de la prosp\u00e9rit\u00e9 de l\u2019humanit\u00e9 et \u00e0 l\u2019humanisme et de l\u2019\u00eatre humain, \u00e0 sa lib\u00e9ration et sa dignit\u00e9.<\/p>\n<p>\u00a0\u00a0\u00a0\u00a0\u00a0\u00a0\u00a0\u00a0 \u2022 Le mouvement social mondial a des objectifs et des th\u00e8mes qui s\u2019entrecroisent objectivement avec des th\u00e8ses philosophiques et des programmes politiques de la gauche, un mouvement qui ne se place pas toujours au sein de cette gauche et qui ne sert pas dans tous les cas ses agendas politiques et militants. Mais ce qui surprend, c\u2019est que ces mouvements se retrouvent dans la rubrique des forces politiques de droite, chauvinistes, conservatrices ou populistes. Ce qui pose la question de la conscience de classe et politique et la probl\u00e9matique des instruments organisationnels et d\u2019encadrement de la gauche.<\/p>\n<p>\u00a0\u00a0\u00a0\u00a0\u00a0\u00a0\u00a0\u00a0 \u2022 Le socialisme comme perspective humaine et la gauche comme positionnement militant conservent encore tous les atouts de l\u2019alternative historique, pens\u00e9e et pratique.<\/p>\n<p>Pour sa part le PPS, a-t-il dit, est appel\u00e9 \u00e0 concr\u00e9tiser l\u2019alternative au niveau national et \u00e0 assimiler, pour ce faire, les mutations en cours. Il doit aussi r\u00e9nover ses instruments d\u2019action dans le but de contribuer \u00e0 l\u2019av\u00e8nement de jours meilleurs pour le pays et le peuple et d\u2019adh\u00e9rer \u00e0 l\u2019\u00e9dification d\u2019un monde alternatif en prenant position contre la guerre men\u00e9e par l\u2019imp\u00e9rialisme contre les peuples.<\/p>\n<p>Dans ce cadre, a-t-il rappel\u00e9, le PPS r\u00e9affirme sa solidarit\u00e9 avec les peuples luttant pour la libert\u00e9, la d\u00e9mocratie, la stabilit\u00e9, le d\u00e9veloppement, la dignit\u00e9 et la justice sociale comme il rejette les ing\u00e9rences ext\u00e9rieures dans les affaires des Etats et des peuples.<\/p>\n<p>Le PPS r\u00e9affirme \u00e0 ce propos sa solidarit\u00e9 absolue avec le peuple palestinien en lutte contre la machine de tuerie et de terrorisme sioniste soutenu par l\u2019Administration am\u00e9ricaine actuelle, dans le but de la liquidation d\u00e9finitive de la cause palestinienne et la privation du peuple palestinien de tous ses droits dont celui de vivre en s\u00e9curit\u00e9 dans le cadre d\u2019un Etat ind\u00e9pendant et vivable avec Al Qods comme capitale.<\/p>\n<p class=\"has-text-color has-vivid-red-color\"><strong>L\u2019axialit\u00e9 de la CAUSE NATIONALE<\/strong><\/p>\n<p>Au niveau national, a-t-il dit, la Cause du Sahara marocain est sans conteste la premi\u00e8re Cause d\u00e9cisive du parti, dont la d\u00e9fense requiert davantage de mobilisation autour de la proposition marocaine d\u2019autonomie dans le cadre de la souverainet\u00e9 nationale, une solution politique audacieuse qui pr\u00e9serve la stabilit\u00e9 g\u00e9opolitique dans la r\u00e9gion o\u00f9 les d\u00e9fis s\u00e9curitaires sont de plus en plus nombreux.<\/p>\n<div class=\"wp-block-image\"><img loading=\"lazy\" decoding=\"async\" src=\"http:\/\/albayane.press.ma\/wp-content\/uploads\/CC.jpg\" alt=\"\" class=\"wp-image-83686\" width=\"548\" height=\"324\"\/><\/div>\n<p>A ce propos, a-t-il rappel\u00e9, le PPS prend positivement note de la derni\u00e8re r\u00e9solution du Conseil de s\u00e9curit\u00e9, qui a laiss\u00e9 de cot\u00e9 les th\u00e8ses irr\u00e9alistes. Le PPS estime \u00e0 ce sujet qu\u2019il est aussi de son devoir de d\u00e9noncer et de d\u00e9voiler les man\u0153uvres des milieux hostiles aux int\u00e9r\u00eats sup\u00e9rieurs du pays et qui visent \u00e0 contrer les tentatives et les bonnes intentions du Maroc et sa proposition d\u2019autonomie, laquelle proposition repr\u00e9sente le maximum de concessions que le pays peut faire. Il souligne \u00e9galement que la communaut\u00e9 internationale doit assumer pleinement ses responsabilit\u00e9s \u00e0 l\u2019encontre des man\u0153uvres des dirigeants alg\u00e9riens et de la clique des s\u00e9paratistes, qui cherchent par tous les moyens \u00e0 \u00e9terniser ce conflit artificiel dont ils tirent profit.<\/p>\n<p>Dans le m\u00eame temps, le PPS estime que la victoire d\u00e9finitive dans ce dossier requiert le renforcement du front int\u00e9rieur, \u00e0 travers la poursuite de l\u2019\u00e9dification du Maroc fort par sa d\u00e9mocratie et ses institutions, le Maroc de la justice sociale et de l\u2019\u00e9quit\u00e9 spatiale et \u00e0 travers aussi l\u2019\u00e9laboration d\u2019un mod\u00e8le de d\u00e9veloppement performant ainsi que dans la mise en \u0153uvre de la r\u00e9gionalisation avanc\u00e9e et le renforcement des r\u00f4les et des moyens de la diplomatie parall\u00e8le.<\/p>\n<p class=\"has-text-color has-vivid-red-color\"><strong>La crise de confiance<\/strong><\/p>\n<p>Toujours en rapport avec le front national int\u00e9rieur, le SG du PPS a soulign\u00e9 que l\u2019objectivit\u00e9 impose de reconnaitre que le processus d\u00e9mocratique et de d\u00e9veloppement a connu au cours des premi\u00e8res ann\u00e9es de ce mill\u00e9naire une dynamique ayant donn\u00e9 lieu \u00e0 des acquis qui ont fa\u00e7onn\u00e9 le visage du pays et les changements positifs intervenus sur tous les plans. C\u2019est ce qui a d\u2019ailleurs dot\u00e9 le pays d\u2019\u00e9l\u00e9ments immunisants et stabilisateurs qui lui ont permis de franchir des \u00e9tapes sur la voie des r\u00e9formes escompt\u00e9es, soutenu en cela par le leadership et la place particuli\u00e8re de l\u2019institution monarchique ainsi que par la compl\u00e9mentarit\u00e9 des efforts de cette institution avec la participation effective et forte des forces nationales et d\u00e9mocratiques cr\u00e9dibles dans l\u2019\u0153uvre des r\u00e9formes.\u00a0\u00a0<\/p>\n<p>A l\u2019oppos\u00e9, a-t-il ajout\u00e9, la situation dans le pays est confront\u00e9e \u00e0 des ph\u00e9nom\u00e8nes d\u2019inqui\u00e9tude, d\u2019interrogations et de col\u00e8re perceptibles au niveau de toutes les classes, les couches et les franges sociales, des travailleurs, des agriculteurs, des \u00e9tudiants, des jeunes, des ch\u00f4meurs, des fonctionnaires aux hommes d\u2019affaires en passant par les diff\u00e9rentes franges de la classe moyenne.<\/p>\n<p>Cette situation renseigne sur la perte d\u2019un \u00e9l\u00e9ment fondamental dans la dynamisation des soci\u00e9t\u00e9s, \u00e0 savoir la confiance.<\/p>\n<p>Selon lui, l\u2019on est en effet devant une v\u00e9ritable crise de confiance. Tout en attirant l\u2019attention sur ce ph\u00e9nom\u00e8ne, le PPS a propos\u00e9 des alternatives pour le surmonter en appelant, alors membre de la majorit\u00e9 gouvernementale, \u00e0 un souffle d\u00e9mocratique nouveau avec un plan de r\u00e9formes au niveau politique, \u00e9conomique, culturel, social et des valeurs.<\/p>\n<p>Et c\u2019est d\u2019ailleurs, apr\u00e8s avoir parvenu \u00e0 la conclusion que la Majorit\u00e9 ne saisit pas la sensibilit\u00e9 et l\u2019aspect d\u00e9cisif de la situation et n\u2019est ni pr\u00eate ni politiquement capable d\u2019\u00e9laborer et de mener les r\u00e9formes n\u00e9cessaires pour interagir avec les besoins de l\u2019\u00e9tape, que le parti a pris sa d\u00e9cision ind\u00e9pendante, responsable et d\u00e9mocratique de quitter cette Majorit\u00e9, dont une partie ne ressent aucune inqui\u00e9tude, alors que d\u2019autres ne cherchent que freiner les r\u00e9alisations et les entraver tout en s\u2019occupant surtout des pr\u00e9paratifs des \u00e9ch\u00e9ances de 2021 en exploitant pour ce faire l\u2019institution gouvernementale et en distribuant \u00e0 tort et \u00e0 travers les promesses et les illusions.<\/p>\n<p>En d\u2019autres mots, rien donc n\u2019a chang\u00e9 au niveau de la situation globale du pays et de l\u2019actuelle Majorit\u00e9. C\u2019est pourquoi, l\u2019appel du parti \u00e0 un souffle d\u00e9mocratique nouveau est toujours d\u2019actualit\u00e9, a expliqu\u00e9 le SG du PPS.<\/p>\n<p>C\u2019est pourquoi le Comit\u00e9 central du parti avait pris, au cours de sa derni\u00e8re\u00a0 session extraordinaire, la d\u00e9cision de retrait du parti, a indiqu\u00e9 le SG tout en s\u2019interrogeant sur la port\u00e9e du remaniement gouvernemental effectu\u00e9. Il a not\u00e9 aussi que lors de sa quatri\u00e8me session du 4 mai 2019, le Comit\u00e9 central avait soulign\u00e9 la n\u00e9cessit\u00e9 de redresser la situation et de reprendre le processus des r\u00e9formes. Quant \u00e0 la 3<sup>\u00e8me<\/sup> session du CC, elle avait conditionn\u00e9 la participation du parti au gouvernement \u00e0 sa capacit\u00e9 de proc\u00e9der \u00e0 des r\u00e9formes.<\/p>\n<p>Pour ce qui est du dernier congr\u00e8s national du parti (mai 2018), il avait adopt\u00e9 \u00e0 juste titre le document du \u00ab\u00a0souffle d\u00e9mocratique nouveau\u00a0\u00bb, toujours d\u2019actualit\u00e9 pour permettre \u00e0 toutes les couches sociales et \u00e0 toutes les r\u00e9gions de b\u00e9n\u00e9ficier des fruits de la croissance et de jouir d\u2019une vie digne dans un pays o\u00f9 r\u00e8gnent la justice, l\u2019\u00e9galit\u00e9, la libert\u00e9 et la d\u00e9mocratie.<\/p>\n<p>Dans le cadre de cet effort, le parti a \u00e9labor\u00e9 une s\u00e9rie de propositions pour contribuer \u00e0 l\u2019\u00e9laboration du nouveau mod\u00e8le de d\u00e9veloppement, qui doit reposer dans la vision du parti sur cinq piliers\u00a0: placer l\u2019homme au c\u0153ur de l\u2019\u0153uvre de d\u00e9veloppement, assurer une croissance \u00e9conomique rapide et continue, am\u00e9liorer la gouvernance et assurer un climat appropri\u00e9, prendre compte de la dimension des valeurs, culturelle et sociale et promouvoir la d\u00e9mocratie pour le portage du nouveau mod\u00e8le.<\/p>\n<p>A ce propos, le SG a \u00e9mis l\u2019espoir qu\u2019un large d\u00e9bat public soit organis\u00e9 autour de ce sujet, et que la dimension politique soit prise en compte dans le cadre de ce travail, confi\u00e9 \u00e0 la commission cr\u00e9\u00e9e \u00e0 cette fin.<\/p>\n<p>Revenant sur la situation au sein de la Majorit\u00e9 gouvernementale, il a indiqu\u00e9 qu\u2019elle est toujours marqu\u00e9e par des divergences de plus en plus profondes entre ses composantes et que le gouvernement \u00ab\u00a0r\u00e9duit\u00a0\u00bb n\u2019a pas os\u00e9 d\u00e9voiler ses nouvelles orientations dans une nouvelle d\u00e9claration politique pour \u00e9clairer l\u2019opinion publique sur ses intentions. Mais ce qui est s\u00fbr c\u2019est que les divergences sont appel\u00e9es \u00e0 s\u2019approfondir \u00e0 l\u2019approche des prochaines \u00e9lections, a-t-il indiqu\u00e9.<\/p>\n<p>C\u2019est pourquoi, l\u2019on craint que le pays risque d\u2019\u00eatre confront\u00e9 \u00e0 davantage de tensions, de col\u00e8res et d\u2019expressions extr\u00eames, \u00e9tant donn\u00e9 la perte de confiance de plus en plus grande dans l\u2019action politique et les institutions, a-t-il indiqu\u00e9.<\/p>\n<p>C\u2019est ce qui laisse aussi le terrain vide devant toutes les formes contestataires spontan\u00e9es et non organis\u00e9es et \u00e0 de nouvelles formules d\u2019expressions regrettables, qui portent quelquefois malheureusement atteinte aux constantes nationales, a affirm\u00e9 Benabdallah, appelant \u00e0 une relecture approfondie et responsable de ces expressions et \u00e0 la recherche des moyens appropri\u00e9es de les contenir et d\u2019en encadrer les r\u00e9clamations et les dol\u00e9ances par le biais de l\u2019\u00e9coute et de la transformation positive, au lieu du vide et du mutisme.<\/p>\n<p>Le PPS, qui a fait de la lutte pour le changement organis\u00e9 de l\u2019int\u00e9rieur des institutions et dans le respect total des constantes nationales et de leur position, souligne encore une fois le besoin de faire attention \u00e0 ces nouvelles expressions et de leur accorder un traitement r\u00e9fl\u00e9chi au lieu de lancer des d\u00e9clarations provocatrices dans l\u2019intention de \u00ab\u00a0corriger\u00a0\u00bb les auteurs. La sagesse dans le cas d\u2019esp\u00e8ce veut plut\u00f4t que l\u2019on r\u00e9habilite l\u2019acte politique s\u00e9rieux et les interm\u00e9diations soci\u00e9tales et institutionnelles, pour permettre l\u2019appropriation de la capacit\u00e9 n\u00e9cessaire \u00e0 l\u2019accueil et \u00e0 l\u2019encadrement de la dynamique naturelle de la soci\u00e9t\u00e9. Et ce dans un cadre constitutionnel, l\u00e9gal et institutionnel, et dans la perspective de la r\u00e9forme dans le cadre de la stabilit\u00e9, a-t-il martel\u00e9.<\/p>\n<p>C\u2019est pourquoi, le parti appelle aujourd\u2019hui encore \u00e0 insuffler un souffle d\u00e9mocratique nouveau dans la vie nationale g\u00e9n\u00e9rale, \u00e0 promouvoir la croissance \u00e9conomique, \u00e0 r\u00e9viser le syst\u00e8me de distribution de la richesse nationale, \u00e0 cr\u00e9er les conditions de d\u00e9tente et \u00e0 assainir le climat li\u00e9 au ph\u00e9nom\u00e8ne des d\u00e9tentions.<\/p>\n<p class=\"has-text-color has-vivid-red-color\"><strong>Quelques traits de la crise \u00e9conomique et sociale<\/strong><\/p>\n<p>Il est \u00e9vident que la situation politique est dialectiquement li\u00e9e \u00e0 la situation \u00e9conomique et sociale, a-t-il rappel\u00e9.<\/p>\n<p>L\u2019\u00e9conomie nationale subit de plein fouet le poids de la crise \u00e9conomique mondiale.<\/p>\n<p>Le taux de croissance baisse de plus en plus. Il a chut\u00e9 de 4,5% durant la p\u00e9riode 2008-2013 \u00e0 3%. Il est r\u00e9alis\u00e9 gr\u00e2ce surtout \u00e0 la demande int\u00e9rieure, alors que la demande ext\u00e9rieure joue un r\u00f4le n\u00e9gatif, en raison des \u00e9changes in\u00e9gaux entre le Maroc et ses partenaires. C\u2019est pourquoi le PPS a notamment propos\u00e9 dans son m\u00e9morandum au sujet du nouveau mod\u00e8le de d\u00e9veloppement la r\u00e9vision des accords de libre \u00e9change pour prot\u00e9ger le tissu productif national.<\/p>\n<p>Le faible rendement de l\u2019\u00e9conomie nationale trouve aussi son expression dans le d\u00e9ficit chronique de la balance des paiements et ce en d\u00e9pit de l\u2019augmentation des transferts des Marocains du monde et des recettes touristiques.<\/p>\n<p>Au niveau fiscal, rien n\u2019est fait en d\u00e9pit des recommandations des derni\u00e8res Assises de la fiscalit\u00e9, dont en premier la loi cadre, a-t-il ajout\u00e9.<\/p>\n<p>En attendant, le gouvernement a opt\u00e9 pour la solution de facilit\u00e9 de recourir \u00e0 l\u2019emprunt ext\u00e9rieur en tentant de contracter un emprunt de 97 milliards de Dirhams au titre de l\u2019ann\u00e9e 2020. Ce montant correspond dans une grande mesure aux remboursements de la dette et de ses int\u00e9r\u00eats. Ce qui signifie en d\u2019autres termes que les dettes contract\u00e9es ne sont pas destin\u00e9es au financement des projets de d\u00e9veloppement. Une telle tendance est de nature \u00e0 aggraver la situation du pays, a-t-il martel\u00e9, sachant que le taux de ch\u00f4mage est appel\u00e9 \u00e0 augmenter et que la couverture sanitaire et sociale universelle est loin d\u2019\u00eatre assur\u00e9e.<\/p>\n<p>Le RAMED (r\u00e9gime d\u2019assistance m\u00e9dicale) bute toujours sur la faiblesse de ses ressources et de sa gouvernance. Idem pour le secteur de l\u2019\u00e9ducation et de la formation.<\/p>\n<p>Des progr\u00e8s sont r\u00e9alis\u00e9s certes en mati\u00e8re des \u00e9nergies renouvelables, mais les questions \u00e9cologiques ne b\u00e9n\u00e9ficient encore pas de la priorit\u00e9 requise pour faire face \u00e0 la pollution et \u00e0 la surexploitation des ressources naturelles existantes comme c\u2019est le cas de certaines plages ou de certaines villes qui subissent les effets n\u00e9gatifs de la pollution industrielle.<\/p>\n<p>Mais le plus grave encore c\u2019est l\u2019\u00e9largissement du ph\u00e9nom\u00e8ne de la pr\u00e9carit\u00e9 absolue comme le sort r\u00e9serv\u00e9 r\u00e9cemment \u00e0 des milliers de familles pauvres dans la province de M\u2019diq- Fnideq, \u00e0 l\u2019issue de la fermeture du point de passage de Bab Sebta devant les marchandises, a fait remarquer Benabdallah, qui a d\u00e9plor\u00e9 le fait que le gouvernement continue, en d\u00e9pit de cette situation, de faire preuve de manque de courage, de vision et de coh\u00e9sion pour pouvoir redresser la situation.<\/p>\n<p class=\"has-text-color has-vivid-red-color\"><strong>L\u2019alternative progressiste<\/strong><\/p>\n<p>Nonobstant toutes ces difficult\u00e9s, le PPS insiste la possibilit\u00e9 d\u2019ouvrir de nouvelles perspectives d\u2019optimisme et d\u2019espoir devant le pays loin de tout nihilisme, tout en insistant sur la possibilit\u00e9 du changement dans le cadre de la stabilit\u00e9, a-t-il dit.<\/p>\n<p>Partant de son engagement militant et de sa responsabilit\u00e9 nationale, le PPS propose, \u00e0 travers ses prises de\u00a0 positions et ses propositions, une offre politique sous forme d\u2019alternative d\u00e9mocratique et progressiste v\u00e9ritable, a-t-il dit, rappelant que c\u2019est pour ce faire que le parti insiste sur la critique constructive et la pr\u00e9sentation de propositions s\u00e9rieuses, loin de toute d\u00e9magogie et des solutions de facilit\u00e9. Ce faisant, il estime qu\u2019il repr\u00e9sente une partie de la solution et de la r\u00e9ponse \u00e0 la situation g\u00e9n\u00e9rale pr\u00e9occupante du pays et aspire \u00e0 ce que son projet soit favorablement accueilli par les forces d\u00e9mocratiques et progressistes, convaincues de la possibilit\u00e9 de la r\u00e9forme et du changement.<\/p>\n<div class=\"wp-block-image\"><img loading=\"lazy\" decoding=\"async\" src=\"http:\/\/albayane.press.ma\/wp-content\/uploads\/cc1.jpg\" alt=\"\" class=\"wp-image-83687\" width=\"552\" height=\"328\"\/><\/div>\n<p>Le Maroc a les atouts n\u00e9cessaires pour aller de l\u2019avant et l\u2019Etat national d\u00e9mocratique, fort par ses institutions et ses l\u00e9gitimit\u00e9s de d\u00e9veloppement moderniste est possible, a-t-il expliqu\u00e9.<\/p>\n<p class=\"has-text-color has-vivid-red-color\"><strong>Le document \u00abTajaddor et Incihar\u00bb<\/strong><\/p>\n<p>A partir de sa position dans l\u2019opposition, une opposition nationale, progressiste et constructive, le Parti du progr\u00e8s et du socialisme se doit de relever de grands d\u00e9fis nationaux, a indiqu\u00e9 le SG du PPS, selon lequel le parti s\u2019est fix\u00e9 des objectifs ambitieux visant notamment \u00e0 l\u2019\u00e9l\u00e9vation de son rendement pour \u00eatre \u00e0 la hauteur de la conjoncture historique.<\/p>\n<p>Arm\u00e9 de son courage, le PPS ressent le besoin d\u2019adapter ses m\u00e9thodes et de s\u2019arr\u00eater sur ses d\u00e9faillances pour les traiter, tout en \u00e9tant ouvert et dispos\u00e9 \u00e0 renouveler son sang \u00e0 tous les niveaux et en aspirant \u00e0 mat\u00e9rialiser l\u2019alternative progressiste d\u00e9mocratique. Pour ce faire, il est n\u00e9cessaire pour le parti de se doter d\u2019un instrument partisan performant, ouvert et en phase avec son environnement et les changements en cours, a-t-il expliqu\u00e9.<\/p>\n<p>C\u2019est pourquoi, il a \u00e9t\u00e9 proc\u00e9d\u00e9 \u00e0 la pr\u00e9sentation du document \u00abTajaddor et Incihar\u00bb, en tant qu\u2019instrument de cadrage d\u2019une approche d\u2019action de l\u2019ensemble des organisations du parti \u00e0 partir de la position d\u2019opposition. C\u2019est un document qui s\u2019inscrit dans le cadre de la continuit\u00e9 et de l\u2019actualisation d\u2019autres documents similaires et en particulier du document \u00abTajaddor\u00bb et avant lui la feuille de route. C\u2019est une feuille d\u2019orientation de l\u2019action du parti visant la r\u00e9cup\u00e9ration de l\u2019initiative et de la fusion dans la mobilit\u00e9 sociale. Elle s\u2019alimente de l\u2019identit\u00e9 et du projet politiques et progressistes du parti et se fixe pour objectif la mobilisation du corps partisan dans le but d\u2019insuffler dans ses rangs une dynamique plus forte et de contribuer \u00e0 cr\u00e9er une dynamique soci\u00e9tale et une plus forte implication dans les luttes des masses.<\/p>\n<p>Si le parti n\u2019est pas pr\u00e9sent dans le mouvement social, ses positions n\u2019auront aucun sens et aucun impact. Ce n\u2019est ni un slogan abstrait ou creux ou des paroles dites et vite oubli\u00e9es, mais toute forme de revendications, tout changement militant, toute initiative collective de citoyennes et citoyens et toutes les manifestations, les d\u00e9bats, les sit-in, les rassemblements et toutes les sortes de lutte, cat\u00e9gorielles, th\u00e9matiques ou de classes.<\/p>\n<p>Les militantes et militants se doivent de remplir la sc\u00e8ne sociale et de l\u2019encadrer, \u00e0 cot\u00e9 d\u2019autres gens et pour eux, avec des discours pond\u00e9r\u00e9s et \u00e9quilibr\u00e9s, avec une force d\u2019encadrement, dans les douars et les campagnes, dans les villes et les quartiers, dans les universit\u00e9s, dans les terrains de sport, dans les espaces professionnels, au sein des syndicats, les associations, les coop\u00e9ratives et les mutuelles et dans les places des d\u00e9bats politiques et intellectuels, ainsi que dans les clubs culturels et artistiques.<\/p>\n<p>L\u2019approche de Tajaddor et Incihar signifie tout simplement \u00ab\u00a0un mode de vie\u00a0\u00bb qui correspond effectivement \u00e0 la qualit\u00e9 de militante et militant progressiste authentique, \u00e0 travers une pr\u00e9sence au milieu des gens et une plus grande implication pour saisir leurs pr\u00e9occupations et leurs revendications qui sont en m\u00eame temps celles du parti.<\/p>\n<p>En r\u00e9sum\u00e9, a-t-il rappel\u00e9, ledit document comporte des orientations visant notamment \u00e0 transformer les id\u00e9es du parti en progr\u00e8s, dans une compl\u00e9mentarit\u00e9 entre les aspects militants institutionnels avec les aspects militants de masses. Ledit document se propose aussi de contribuer \u00e0 la cr\u00e9ation d\u2019un mouvement social citoyen d\u2019encadrement d\u00e9passant les limites du parti pour pouvoir mobiliser les \u00e9nergies militantes et revendicatives.<\/p>\n<p>Le document en question se propose en deuxi\u00e8me lieu de faire face aux pratiques n\u00e9gatives \u00e9tranges qui se sont faufil\u00e9es dans les rangs et les valeurs du parti, dont en premier lieu la limitation de la capacit\u00e9 d\u2019impact, d\u2019encadrement et de fusion dans la soci\u00e9t\u00e9, la faiblesse d\u2019initiative, le repli sur soi et divers autres comportements nuisibles en rapport avec la gestion des relations internes et les modes d\u2019expression, outre l\u2019apparition de pr\u00e9misses d\u2019individualisme et d\u2019opportunisme chez d\u2019aucuns, le recul du sentiment d\u2019appartenance, le faible engagement et l\u2019absence de la volont\u00e9 de s\u2019associer aux masses en se contentant de ce qui est institutionnel.<\/p>\n<p>Dans le but d\u2019insuffler une dynamique plus forte, le pr\u00e9sent document recommande en effet de s\u2019ouvrir sur le mouvement social et les potentialit\u00e9s qu\u2019il rec\u00e8le et de l\u2019encadrer, d\u2019insuffler de la dynamique dans l\u2019organisation interne du parti \u00e0 travers l\u2019ouverture et l\u2019\u00e9limination de toutes les formes de r\u00e9sistance au renouvellement tout en diversifiant et en d\u00e9veloppant les structures d\u2019accueil.<\/p>\n<p>Il y est \u00e9galement recommand\u00e9 de d\u00e9velopper la formation des militants qui ne doit pas se limiter aux aspects th\u00e9oriques, sachant que le document insiste aussi sur l\u2019importance de la pratique comme source principale de formation.<\/p>\n<p>\u00a0Le document Tajaddor et Incihar appelle aussi les militantes et militants \u00e0 mettre \u00e0 profit leurs connaissances et le message du parti pour d\u00e9velopper la communication dans les espaces de d\u00e9bats publics et de communication.<\/p>\n<p>Les militants sont appel\u00e9s dans le cadre de leurs engagements \u00e0 s\u2019acquitter de leur devoir de cotisation au parti pour lui permettre d\u2019avoir les moyens de ses ambitions.<\/p>\n<p>A un peu plus d\u2019une ann\u00e9e des \u00e9ch\u00e9ances \u00e9lectorales de 2021, les militantes et militants se doivent de se mobiliser d\u00e8s maintenant pour relever ce d\u00e9fi, tout en \u0153uvrant pour soutenir l\u2019action des \u00e9lus du parti \u00e0 tous les niveaux, recommande encore le pr\u00e9sent document.<\/p>\n<p>A ce propos, le Secr\u00e9taire g\u00e9n\u00e9ral du parti a adress\u00e9 un appel pressant et fort \u00e0 tous, militantes et militants, pour une mobilisation g\u00e9n\u00e9rale et une forte implication dans la mise en \u0153uvre du contenu du document \u00abTajaddor et Incihar\u00bb, \u00e0 travers des actions concr\u00e8tes et tangibles, des programmes et des initiatives et des projets d\u2019action. C\u2019est l\u2019avenir du parti qui en d\u00e9pend, a-t-il martel\u00e9.<\/p>\n<p>La vie partisane ne se limite pas \u00e0 des r\u00e9unions et \u00e0 des discussions entre les membres du parti, a-t-il dit, invitant les militantes et les militants \u00e0 faire des pr\u00e9occupations des gens et de la soci\u00e9t\u00e9 leurs propres revendications pour la r\u00e9ussite du parti et de son projet politique.<\/p>\n<p>Il a en outre fait savoir que l\u2019ex\u00e9cution du programme du parti va se poursuivre \u00e0 travers l\u2019organisation des congr\u00e8s r\u00e9gionaux restants, tout en saluant les r\u00e9gions qui ont d\u00e9j\u00e0 organis\u00e9 avec succ\u00e8s leurs congr\u00e8s r\u00e9gionaux (Sous Massa, Casablanca-Settat, F\u00e8s-Mekn\u00e8s, Guelmim-Oued Noun, Layoune-Saqia Hamra).<\/p>\n<p>Quant aux pr\u00e9paratifs des prochaines \u00e9lections, ils seront bient\u00f4t lanc\u00e9s, tout en saluant les initiatives prises pour inciter les citoyens \u00e0 s\u2019inscrire sur les listes \u00e9lectorales.<\/p>\n<p>Il a en outre rappel\u00e9 divers autres points inscrits dans le programme du parti pour accompagner ses secteurs socioprofessionnels et ses organisations parall\u00e8les dont le Forum Parit\u00e9-Egalit\u00e9 qui s\u2019appr\u00eate \u00e0 organiser son congr\u00e8s national, appelant l\u2019organisation de la Jeunesse socialiste \u00e0 \u0153uvrer davantage pour aller de l\u2019avant et intensifier sa pr\u00e9sence dans les milieux des jeunes, sans oublier l\u2019Organisation des pionniers enfants du Maroc et l\u2019organisation Jawal.<\/p>\n<p>Il a enfin fait savoir qu\u2019il est pr\u00e9vu dans l\u2019agenda du parti d\u2019organiser un colloque national pour d\u00e9battre de la situation g\u00e9n\u00e9rale du pays en rapport avec le d\u00e9veloppement de l\u2019outil partisan, appelant \u00e0 davantage de mobilisation et de militantisme pour la gloire du parti et le renforcement de sa position sur la sc\u00e8ne politique national, dans l\u2019int\u00e9r\u00eat du pays et du peuple.<\/p>\n<p class=\"c3\"><strong>M\u2019Barek Tafsi<\/strong><\/p>\n<p>Auteur: M&rsquo;hammed rahal<br \/>\n<a href=\"http:\/\/albayane.press.ma\/cinquieme-session-du-comite-central-du-pps.html\">Cliquez ici pour lire l&rsquo;article depuis sa source.<\/a><\/p>\n","protected":false},"excerpt":{"rendered":"<p>Adoption \u00e0 l\u2019unanimit\u00e9 du rapport du Bureau politique et du plan actualis\u00e9 \u00abTAJADDOR et INCIHAR\u00bb Le Comit\u00e9 central du Parti du progr\u00e8s et du socialisme, r\u00e9uni samedi 14 d\u00e9cembre au si\u00e8ge national du parti \u00e0 Rabat, a adopt\u00e9 \u00e0 l\u2019unanimit\u00e9, apr\u00e8s discussions et d\u00e9bats, le rapport du Bureau politique, pr\u00e9sent\u00e9 par le Secr\u00e9taire g\u00e9n\u00e9ral du [&hellip;]<\/p>\n","protected":false},"author":1760,"featured_media":70360,"comment_status":"closed","ping_status":"closed","sticky":false,"template":"","format":"standard","meta":{"fifu_image_url":"","fifu_image_alt":"","footnotes":""},"categories":[73,54],"tags":[],"class_list":["post-70359","post","type-post","status-publish","format-standard","has-post-thumbnail","hentry","category-actualite","category-maroc"],"_links":{"self":[{"href":"https:\/\/linitiative.ca\/International\/wp-json\/wp\/v2\/posts\/70359","targetHints":{"allow":["GET"]}}],"collection":[{"href":"https:\/\/linitiative.ca\/International\/wp-json\/wp\/v2\/posts"}],"about":[{"href":"https:\/\/linitiative.ca\/International\/wp-json\/wp\/v2\/types\/post"}],"author":[{"embeddable":true,"href":"https:\/\/linitiative.ca\/International\/wp-json\/wp\/v2\/users\/1760"}],"replies":[{"embeddable":true,"href":"https:\/\/linitiative.ca\/International\/wp-json\/wp\/v2\/comments?post=70359"}],"version-history":[{"count":0,"href":"https:\/\/linitiative.ca\/International\/wp-json\/wp\/v2\/posts\/70359\/revisions"}],"wp:featuredmedia":[{"embeddable":true,"href":"https:\/\/linitiative.ca\/International\/wp-json\/"}],"wp:attachment":[{"href":"https:\/\/linitiative.ca\/International\/wp-json\/wp\/v2\/media?parent=70359"}],"wp:term":[{"taxonomy":"category","embeddable":true,"href":"https:\/\/linitiative.ca\/International\/wp-json\/wp\/v2\/categories?post=70359"},{"taxonomy":"post_tag","embeddable":true,"href":"https:\/\/linitiative.ca\/International\/wp-json\/wp\/v2\/tags?post=70359"}],"curies":[{"name":"wp","href":"https:\/\/api.w.org\/{rel}","templated":true}]}}