{"id":70361,"date":"2019-12-16T07:16:23","date_gmt":"2019-12-16T12:16:23","guid":{"rendered":"https:\/\/linitiative.ca\/International\/la-js-et-la-ji-passent-a-la-vitesse-superieure-dans-la-coordination-de-leurs-actions\/"},"modified":"2019-12-16T07:16:23","modified_gmt":"2019-12-16T12:16:23","slug":"la-js-et-la-ji-passent-a-la-vitesse-superieure-dans-la-coordination-de-leurs-actions","status":"publish","type":"post","link":"https:\/\/linitiative.ca\/International\/la-js-et-la-ji-passent-a-la-vitesse-superieure-dans-la-coordination-de-leurs-actions\/","title":{"rendered":"La JS et la JI passent \u00e0 la vitesse sup\u00e9rieure dans la coordination de leurs actions"},"content":{"rendered":"<p class=\"has-text-color has-vivid-cyan-blue-color\"><strong>Les organisations de la Jeunesse socialiste (JS) et de la Jeunesse istiqlalienne (JI) se sont retrouv\u00e9, vendredi soir 13 d\u00e9cembre au si\u00e8ge national du Parti du progr\u00e8s et du socialisme \u00e0 Rabat, dans le cadre de la coordination de leurs actions, pour d\u00e9battre et adopter, un programme conjoint de travail pour les jours \u00e0 venir.<\/strong><\/p>\n<p>Au cours de cette rencontre, les membres du Bureau national de la JS et du Bureau ex\u00e9cutif de la JI ont notamment pass\u00e9 en revue la situation dans le pays en g\u00e9n\u00e9ral et des jeunes en particulier. Ils ont convenu, au terme de leurs discussions, d\u2019organiser dans un mois au plus tard, une conf\u00e9rence nationale autour de l\u2019historique Koutla nationale d\u00e9mocratique, que les deux organisations, issues de deux partis politiques nationaux sortis des entrailles de la soci\u00e9t\u00e9 marocaine et des luttes men\u00e9es avant et apr\u00e8s l\u2019ind\u00e9pendance du pays, s\u2019efforcent \u00e0 pr\u00e9sent de remettre sur ses pieds. Leurs partis politiques sont en effet\u00a0 des anciens membres fondateurs de cette coalition nationale, qui avait jou\u00e9 un r\u00f4le ultime dans l\u2019\u00e9volution politique du pays et l\u2019av\u00e8nement en particulier de l\u2019alternance politique.<\/p>\n<p>C\u2019est de cette force politique nationale authentique que les deux organisations sont parties pour s\u2019en inspirer et aider \u00e0 sa renaissance, avaient soulign\u00e9 les secr\u00e9taires g\u00e9n\u00e9raux de la JS et de la JI, lors de leur premi\u00e8re r\u00e9union de coordination le 8 novembre dernier au si\u00e8ge national du parti de l\u2019Istiqlal.<\/p>\n<p>Selon Youn\u00e8s Siraj, Secr\u00e9taire g\u00e9n\u00e9ral de la JS et Othmane Tarmounia, le secr\u00e9taire g\u00e9n\u00e9ral de la JI, le pays a plus que jamais besoin d\u2019une telle coalition ouverte \u00e0 toutes les forces d\u00e9mocratiques, pour faire face aux d\u00e9fis qu\u2019il affronte aux niveaux interne et externe.<\/p>\n<p>Le pays se doit en effet d\u2019\u0153uvrer pour r\u00e9concilier les jeunes surtout avec la chose politique et citoyenne, ont soulign\u00e9 tour \u00e0 tour les deux secr\u00e9taires g\u00e9n\u00e9raux, \u00e0 l\u2019ouverture de cette rencontre.<\/p>\n<p>Ils se sont en effet dits tr\u00e8s inquiets de voir tr\u00e8s peu de jeunes accorder un quelconque int\u00e9r\u00eat \u00e0 la chose politique et aux organisations des jeunes, soulignant le devoir de leurs organisations respectives de redoubler d\u2019efforts pour sensibiliser les jeunes et les encadrer dans l\u2019int\u00e9r\u00eat de la soci\u00e9t\u00e9 et du pays.<\/p>\n<p>Ils se sont par ailleurs f\u00e9licit\u00e9 de l\u2019action conjointe, men\u00e9e par les deux organisations, qui ont d\u00e9p\u00each\u00e9 une d\u00e9l\u00e9gation commune \u00e0 la derni\u00e8re rencontre de la F\u00e9d\u00e9ration mondiale de la jeunesse d\u00e9mocratique (FMJD), tenue \u00e0 Chypre, o\u00f9 les membres de la d\u00e9l\u00e9gation marocaine ont men\u00e9 un travail d\u2019explication et de contact, dans le cadre de la d\u00e9fense de la Cause nationale. Cette d\u00e9l\u00e9gation dont faisait \u00e9galement partie des membres de l\u2019Union nationale des \u00e9tudiants du Maroc a r\u00e9ussi \u00e0 convaincre un certain nombre de d\u00e9l\u00e9gu\u00e9s en particulier de pays arabes de la justesse et du bien fond\u00e9 de la marocanit\u00e9 du Sahara marocain, a-t-on soulign\u00e9 au cours de cette rencontre.<\/p>\n<p>Selon un rapport, pr\u00e9sent\u00e9 \u00e0 cette occasion, les efforts d\u00e9ploy\u00e9s \u00e0 cette occasion, devront bient\u00f4t permettre aux organisations marocaines des jeunes de retrouver leurs places au sein de la FMDJ, apr\u00e8s une absence de 9 ans.<\/p>\n<p>A ce sujet, les SG des deux organisations ont appel\u00e9 \u00e0 la vigilance et \u00e0 la formation d\u2019un front commun de d\u00e9fense pour d\u00e9fendre la cause nationale pou ne plus commettre l\u2019erreur de laisser vide le si\u00e8ge des organisations des jeunesses marocains, qui faisaient partie des fondateurs de la FMJD (international democratic youth federation).<\/p>\n<p>Un communiqu\u00e9 conjoint a sanctionn\u00e9 les travaux de cette rencontre du 13 d\u00e9cembre au si\u00e8ge national du PPS, \u00e0 travers lequel les deux organisations ont rappel\u00e9 l\u2019importance de \u00ab la p\u00e9riodicit\u00e9 des rencontres entre les directions des deux Jeunesses, dans la perspective d\u2019\u00e9tendre le domaine de coordination et de coop\u00e9ration entre les secteurs parall\u00e8les et les sections provinciales, r\u00e9gionales et locales, en vue de parvenir \u00e0 un plan d\u2019action conjoint, qui rend \u00e0 la lutte de terrain unifi\u00e9e entre les deux Jeunesses s\u00e9culaires ses nobles significations, dans la d\u00e9fense des droits politiques, \u00e9conomiques, sociaux, culturels et environnementaux des jeunes marocains, outre l\u2019action conjointe des deux Jeunesses au niveau des organisations internationales des jeunes dont en premier la FMJD et\u00a0 IUSY \u00bb (International Union of socialist Youth).<\/p>\n<p>Pour ce faire, il importe en premier lieu de r\u00e9tablir la confiance des jeunes en leur force et leur donner de l\u2019espoir, \u00e0 travers notamment des actions d\u2019apaisement de la situation de tension et la lib\u00e9ration des d\u00e9tenus d\u2019opinion et des mouvements protestataires dont en premier lieu les d\u00e9tenus des Hiraks d\u2019Al Hoceima et de Jerada, ajoute le communiqu\u00e9, appelant \u00e0 l\u2019adoption d\u2019une approche humanitaire et non s\u00e9curitaire dans le traitement des manifestations et des mouvements revendicatifs.<\/p>\n<p>Le communiqu\u00e9 fait aussi \u00e9tat d\u2019une s\u00e9rie d\u2019autres propositions pour r\u00e9tablir la situation au niveau national \u00e0 diff\u00e9rents niveaux (enseignement, sant\u00e9, PLF2020) comme il r\u00e9affirme la solidarit\u00e9 inconditionnelle des deux organisations avec la lutte l\u00e9gitime du peuple palestinien pour recouvrer tous ses droits inali\u00e9nables dont en premier lieu la fondation de son Etat ind\u00e9pendant.<\/p>\n<p class=\"c2\"><strong>M\u2019barek Tafsi<\/strong><\/p>\n<p>Auteur: M&rsquo;hammed rahal<br \/>\n<a href=\"http:\/\/albayane.press.ma\/la-js-et-la-ji-passent-a-la-vitesse-superieure-dans-la-coordination-de-leurs-actions.html\">Cliquez ici pour lire l&rsquo;article depuis sa source.<\/a><\/p>\n","protected":false},"excerpt":{"rendered":"<p>Les organisations de la Jeunesse socialiste (JS) et de la Jeunesse istiqlalienne (JI) se sont retrouv\u00e9, vendredi soir 13 d\u00e9cembre au si\u00e8ge national du Parti du progr\u00e8s et du socialisme \u00e0 Rabat, dans le cadre de la coordination de leurs actions, pour d\u00e9battre et adopter, un programme conjoint de travail pour les jours \u00e0 venir. [&hellip;]<\/p>\n","protected":false},"author":1760,"featured_media":0,"comment_status":"closed","ping_status":"closed","sticky":false,"template":"","format":"standard","meta":{"fifu_image_url":"","fifu_image_alt":"","footnotes":""},"categories":[73,54],"tags":[],"class_list":["post-70361","post","type-post","status-publish","format-standard","hentry","category-actualite","category-maroc"],"_links":{"self":[{"href":"https:\/\/linitiative.ca\/International\/wp-json\/wp\/v2\/posts\/70361","targetHints":{"allow":["GET"]}}],"collection":[{"href":"https:\/\/linitiative.ca\/International\/wp-json\/wp\/v2\/posts"}],"about":[{"href":"https:\/\/linitiative.ca\/International\/wp-json\/wp\/v2\/types\/post"}],"author":[{"embeddable":true,"href":"https:\/\/linitiative.ca\/International\/wp-json\/wp\/v2\/users\/1760"}],"replies":[{"embeddable":true,"href":"https:\/\/linitiative.ca\/International\/wp-json\/wp\/v2\/comments?post=70361"}],"version-history":[{"count":0,"href":"https:\/\/linitiative.ca\/International\/wp-json\/wp\/v2\/posts\/70361\/revisions"}],"wp:attachment":[{"href":"https:\/\/linitiative.ca\/International\/wp-json\/wp\/v2\/media?parent=70361"}],"wp:term":[{"taxonomy":"category","embeddable":true,"href":"https:\/\/linitiative.ca\/International\/wp-json\/wp\/v2\/categories?post=70361"},{"taxonomy":"post_tag","embeddable":true,"href":"https:\/\/linitiative.ca\/International\/wp-json\/wp\/v2\/tags?post=70361"}],"curies":[{"name":"wp","href":"https:\/\/api.w.org\/{rel}","templated":true}]}}