{"id":70362,"date":"2019-12-16T07:43:47","date_gmt":"2019-12-16T12:43:47","guid":{"rendered":"https:\/\/linitiative.ca\/International\/initiative-de-la-cct-naissance-dune-union-maghrebine-des-ordres-nationaux-de-comptabilite-et-daudit\/"},"modified":"2019-12-16T07:43:47","modified_gmt":"2019-12-16T12:43:47","slug":"initiative-de-la-cct-naissance-dune-union-maghrebine-des-ordres-nationaux-de-comptabilite-et-daudit","status":"publish","type":"post","link":"https:\/\/linitiative.ca\/International\/initiative-de-la-cct-naissance-dune-union-maghrebine-des-ordres-nationaux-de-comptabilite-et-daudit\/","title":{"rendered":"Initiative de la CCT\u00a0: Naissance d\u2019une Union Maghr\u00e9bine des ordres nationaux de comptabilit\u00e9 et d\u2019audit"},"content":{"rendered":"<p>Les ordres nationaux de la comptabilit\u00e9 et d\u2019audit dans les pays du Maghreb arabe concluront, cette semaine, en Tunisie, un m\u00e9morandum d\u2019entente, en vue du lancement d\u2019une Union Maghr\u00e9bine des ordres nationaux de comptabilit\u00e9 et d\u2019audit, \u00e0 l\u2019initiative de la Compagnie des Comptables de Tunisie. S\u2019inscrivant dans le cadre du renforcement de l\u2019unit\u00e9 des pays du Maghreb arabe, cette Union vise \u00e0 unifier les corporations de la comptabilit\u00e9 et d\u2019audit dans la r\u00e9gion, \u00e0 d\u00e9velopper ce m\u00e9tier \u00e0 l\u2019\u00e9chelle locale et internationale et \u00e0 impulser l\u2019\u00e9change des exp\u00e9riences et des expertises entre les professionnels de cette activit\u00e9. Prendront part \u00e0 la c\u00e9r\u00e9monie de signature du m\u00e9morandum d\u2019entente, les repr\u00e9sentants de la Compagnie des Comptables de Tunisie, les Ordre des experts comptables de Tunisie, du Maroc, de l\u2019Alg\u00e9rie et de la Mauritanie ainsi que la chambre Alg\u00e9rienne des commissaires aux comptes et le Syndicat des Comptables et des Auditeurs Libyens.<\/p>\n<p class=\"dpsp-share-text\">Partager c&rsquo;est aimer!<\/p>\n<div class=\"wp-post-author-wrap wp-post-author-shortcode left\">\n<h3 class=\"awpa-title\"\/>\n<div class=\"wp-post-author\">\n<div class=\"awpa-img awpa-author-block square\"><a href=\"http:\/\/lexpertjournal.net\/fr\/author\/expert\/\"><img loading=\"lazy\" decoding=\"async\" alt=\"\" src=\"http:\/\/0.gravatar.com\/avatar\/c828f0b17d24309f0d01a4eac3747085?s=150&#038;d=mm&#038;r=g\" srcset=\"http:\/\/0.gravatar.com\/avatar\/c828f0b17d24309f0d01a4eac3747085?s=300&#038;d=mm&#038;r=g 2x\" class=\"avatar avatar-150 photo\" height=\"150\" width=\"150\"\/><\/a><\/div>\n<\/div>\n<\/div>\n<p>Auteur: L&rsquo;expert<br \/>\n<a href=\"http:\/\/lexpertjournal.net\/fr\/2019\/12\/16\/initiative-de-la-cct-naissance-dune-union-maghrebine-des-ordres-nationaux-de-comptabilite-et-daudit\/\">Cliquez ici pour lire l&rsquo;article depuis sa source.<\/a><\/p>\n","protected":false},"excerpt":{"rendered":"<p>Les ordres nationaux de la comptabilit\u00e9 et d\u2019audit dans les pays du Maghreb arabe concluront, cette semaine, en Tunisie, un m\u00e9morandum d\u2019entente, en vue du lancement d\u2019une Union Maghr\u00e9bine des ordres nationaux de comptabilit\u00e9 et d\u2019audit, \u00e0 l\u2019initiative de la Compagnie des Comptables de Tunisie. S\u2019inscrivant dans le cadre du renforcement de l\u2019unit\u00e9 des pays [&hellip;]<\/p>\n","protected":false},"author":1775,"featured_media":0,"comment_status":"closed","ping_status":"closed","sticky":false,"template":"","format":"standard","meta":{"fifu_image_url":"","fifu_image_alt":"","footnotes":""},"categories":[78,55],"tags":[],"class_list":["post-70362","post","type-post","status-publish","format-standard","hentry","category-economie","category-tunisie"],"_links":{"self":[{"href":"https:\/\/linitiative.ca\/International\/wp-json\/wp\/v2\/posts\/70362","targetHints":{"allow":["GET"]}}],"collection":[{"href":"https:\/\/linitiative.ca\/International\/wp-json\/wp\/v2\/posts"}],"about":[{"href":"https:\/\/linitiative.ca\/International\/wp-json\/wp\/v2\/types\/post"}],"author":[{"embeddable":true,"href":"https:\/\/linitiative.ca\/International\/wp-json\/wp\/v2\/users\/1775"}],"replies":[{"embeddable":true,"href":"https:\/\/linitiative.ca\/International\/wp-json\/wp\/v2\/comments?post=70362"}],"version-history":[{"count":0,"href":"https:\/\/linitiative.ca\/International\/wp-json\/wp\/v2\/posts\/70362\/revisions"}],"wp:attachment":[{"href":"https:\/\/linitiative.ca\/International\/wp-json\/wp\/v2\/media?parent=70362"}],"wp:term":[{"taxonomy":"category","embeddable":true,"href":"https:\/\/linitiative.ca\/International\/wp-json\/wp\/v2\/categories?post=70362"},{"taxonomy":"post_tag","embeddable":true,"href":"https:\/\/linitiative.ca\/International\/wp-json\/wp\/v2\/tags?post=70362"}],"curies":[{"name":"wp","href":"https:\/\/api.w.org\/{rel}","templated":true}]}}