{"id":70364,"date":"2019-12-16T07:47:10","date_gmt":"2019-12-16T12:47:10","guid":{"rendered":"https:\/\/linitiative.ca\/International\/patrimoine-islamique-trois-mosquees-souterraines-ibadites-restaurees-a-djerba\/"},"modified":"2019-12-16T07:47:10","modified_gmt":"2019-12-16T12:47:10","slug":"patrimoine-islamique-trois-mosquees-souterraines-ibadites-restaurees-a-djerba","status":"publish","type":"post","link":"https:\/\/linitiative.ca\/International\/patrimoine-islamique-trois-mosquees-souterraines-ibadites-restaurees-a-djerba\/","title":{"rendered":"Patrimoine islamique : Trois mosqu\u00e9es souterraines ibadites restaur\u00e9es \u00e0 Djerba"},"content":{"rendered":"<p>L\u2019Association pour la sauvegarde de l\u2019\u00eele de Djerba (ASSIDJE) a organis\u00e9e samedi une tourn\u00e9e pour les m\u00e9dias dans trois monuments religieux sur l\u2019\u00eele restaur\u00e9s dans le cadre d\u2019un projet de partenariat tuniso-suisse. La tourn\u00e9e a couvert les mosqu\u00e9es souterraines de style ibadite, \u00e0 savoir Sadwikis, El Berdaoui \u00e0 Mezrane et Sidi Yati \u00e0 Gallala, qui ont \u00e9t\u00e9 restaur\u00e9es par cette association qui oeuvre \u00e0 la sauvegarde et la promotion du patrimoine de l\u2019\u00eele. Ces travaux ont \u00e9t\u00e9 effectu\u00e9s sous la supervision de l\u2019Institut national du Patrimoine (INP) moyennant des financements suisses. Il s\u2019agit de la premi\u00e8re \u00e9tape des travaux de restauration et d\u2019am\u00e9nagement en pr\u00e9vision de nouveaux travaux qui seront effectu\u00e9s dans d\u2019autres sites de l\u2019ile, en partenariat avec Swiss Contact. Les divers monuments cit\u00e9s ont subies un am\u00e9nagement minutieux en vue d\u2019introduire dans le circuit touristique et culturel d\u2019un patrimoine religieux \u00ab unique \u00bb existant sur l\u2019ile, selon les estimations des chercheurs et historiens. Mehdi Louati, pr\u00e9sident de l\u2019Association, a relev\u00e9 la particularit\u00e9 architecturale de ces mosqu\u00e9es souterraines qui, dit-il, ont repris leur charme d\u2019antan apr\u00e8s avoir \u00e9taient sujettes aux al\u00e9as du climat et du temps, sans \u00e9pargner les violations humaines. Il a estim\u00e9 important de trouver les m\u00e9canismes ad\u00e9quats pour la protection, la sauvegarde et la valorisation de ces monuments, pr\u00e9conisant de repenser les moyens de gestion qui garantissent la p\u00e9rennit\u00e9 de ces lieux de culte. A cet \u00e9gard, il a cit\u00e9 l\u2019appel adress\u00e9 aux parties intervenantes, \u00e0 savoir le minist\u00e8re du Tourisme et de l\u2019Artisanat, l\u2019Agence de mise en valeur du patrimoine et de promotion culturelle (Amvppc), la soci\u00e9t\u00e9 civile et la municipalit\u00e9 de la r\u00e9gion, en vue de donner une dimension touristique et le bon usage de ce projet dans le cadre d\u2019un effort commun. Nacer Bouabid, secr\u00e9taire g\u00e9n\u00e9ral de l\u2019Association, a insist\u00e9 sur la poursuite de travaux mettant en garde contre une possible \u00ab interruption des travaux comme par le pass\u00e9 \u00bb. Le repr\u00e9sentant de Swiss Contact Tunisie, a \u00e9voqu\u00e9 un projet qui s\u2019inscrit dans le cadre d\u2019un large programme d\u00e9di\u00e9 au tourisme culturel dans le sud couvrant la zone du Mont Dhaher entam\u00e9 il y a des ann\u00e9es et se poursuivra encore quatre ans et demi. Il a cit\u00e9 plusieurs partenaires op\u00e9rant dans le secteur du tourisme qui interviennent dans la mise en place de projet de partenariat tuniso-suisse pour la valorisation d\u2019un patrimoine historique unique afin qu\u2019il soit int\u00e9gr\u00e9 dans le circuit touristique. L\u2019ultime but est de faire de l\u2019\u00eele une destination, pour le tourisme culturel qui sera compl\u00e9mentaire au traditionnel produit touristique dans l\u2019\u00eele \u00bb, a encore dit le partenaire suisse. Il a \u00e9voqu\u00e9 les pr\u00e9paratifs en cours pour la diffusion d\u2019un guide des monuments et sites historiques. Il annonce que ce guide sera fin pr\u00eat en 2020 en version papier et web \u00e0 travers la cr\u00e9ation d\u2019un site sur Djerba sp\u00e9cialement d\u00e9di\u00e9 \u00e0 ce volet pour la promotion de l\u2019\u00eele, comme destination lab\u00e9lis\u00e9e sur l\u2019espace m\u00e9diterran\u00e9en. Hicham Mehouachi, d\u00e9l\u00e9gu\u00e9 r\u00e9gional du tourisme \u00e0 M\u00e9denine, esp\u00e8re voir affluer des touristes tout au long de l\u2019ann\u00e9e pour cette destination capable de rivaliser et attirer une client\u00e8le ayant un pouvoir d\u2019achat assez \u00e9lev\u00e9. Citant des donn\u00e9es \u00e9mises par l\u2019organisation internationale du tourisme (OIM), le responsable dit que 32 pc de touristes dans le monde manifestent un int\u00e9r\u00eat particulier pour le tourisme culturel. Le d\u00e9l\u00e9gu\u00e9 r\u00e9gional du tourisme a estim\u00e9 important de s\u00e9curiser ces monuments de haute importance historique et culturelle tout en offrant le confort requis pour les visiteurs. Une suggestion qui rejoigne celle de Najla Labiadh, repr\u00e9sentante r\u00e9gionale de l\u2019amvppc et Messaoud Ben Hadid, pr\u00e9sident de la municipalit\u00e9 d\u2019Ajim Djerba. Ils pr\u00f4nent l\u2019adoption d\u2019une strat\u00e9gie de gestion o\u00f9 se conjuguent les efforts de toutes les parties intervenantes dans la promotion du patrimoine de l\u2019\u00eele.<\/p>\n<p class=\"dpsp-share-text\">Partager c&rsquo;est aimer!<\/p>\n<div class=\"wp-post-author-wrap wp-post-author-shortcode left\">\n<h3 class=\"awpa-title\"\/>\n<div class=\"wp-post-author\">\n<div class=\"awpa-img awpa-author-block square\"><a href=\"http:\/\/lexpertjournal.net\/fr\/author\/expert\/\"><img loading=\"lazy\" decoding=\"async\" alt=\"\" src=\"http:\/\/0.gravatar.com\/avatar\/c828f0b17d24309f0d01a4eac3747085?s=150&#038;d=mm&#038;r=g\" srcset=\"http:\/\/0.gravatar.com\/avatar\/c828f0b17d24309f0d01a4eac3747085?s=300&#038;d=mm&#038;r=g 2x\" class=\"avatar avatar-150 photo\" height=\"150\" width=\"150\"\/><\/a><\/div>\n<\/div>\n<\/div>\n<p>Auteur: L&rsquo;expert<br \/>\n<a href=\"http:\/\/lexpertjournal.net\/fr\/2019\/12\/16\/patrimoine-islamique-trois-mosquees-souterraines-ibadites-restaurees-a-djerba\/\">Cliquez ici pour lire l&rsquo;article depuis sa source.<\/a><\/p>\n","protected":false},"excerpt":{"rendered":"<p>L\u2019Association pour la sauvegarde de l\u2019\u00eele de Djerba (ASSIDJE) a organis\u00e9e samedi une tourn\u00e9e pour les m\u00e9dias dans trois monuments religieux sur l\u2019\u00eele restaur\u00e9s dans le cadre d\u2019un projet de partenariat tuniso-suisse. La tourn\u00e9e a couvert les mosqu\u00e9es souterraines de style ibadite, \u00e0 savoir Sadwikis, El Berdaoui \u00e0 Mezrane et Sidi Yati \u00e0 Gallala, qui [&hellip;]<\/p>\n","protected":false},"author":1775,"featured_media":0,"comment_status":"closed","ping_status":"closed","sticky":false,"template":"","format":"standard","meta":{"fifu_image_url":"","fifu_image_alt":"","footnotes":""},"categories":[78,55],"tags":[],"class_list":["post-70364","post","type-post","status-publish","format-standard","hentry","category-economie","category-tunisie"],"_links":{"self":[{"href":"https:\/\/linitiative.ca\/International\/wp-json\/wp\/v2\/posts\/70364","targetHints":{"allow":["GET"]}}],"collection":[{"href":"https:\/\/linitiative.ca\/International\/wp-json\/wp\/v2\/posts"}],"about":[{"href":"https:\/\/linitiative.ca\/International\/wp-json\/wp\/v2\/types\/post"}],"author":[{"embeddable":true,"href":"https:\/\/linitiative.ca\/International\/wp-json\/wp\/v2\/users\/1775"}],"replies":[{"embeddable":true,"href":"https:\/\/linitiative.ca\/International\/wp-json\/wp\/v2\/comments?post=70364"}],"version-history":[{"count":0,"href":"https:\/\/linitiative.ca\/International\/wp-json\/wp\/v2\/posts\/70364\/revisions"}],"wp:attachment":[{"href":"https:\/\/linitiative.ca\/International\/wp-json\/wp\/v2\/media?parent=70364"}],"wp:term":[{"taxonomy":"category","embeddable":true,"href":"https:\/\/linitiative.ca\/International\/wp-json\/wp\/v2\/categories?post=70364"},{"taxonomy":"post_tag","embeddable":true,"href":"https:\/\/linitiative.ca\/International\/wp-json\/wp\/v2\/tags?post=70364"}],"curies":[{"name":"wp","href":"https:\/\/api.w.org\/{rel}","templated":true}]}}