{"id":70367,"date":"2019-12-16T13:04:42","date_gmt":"2019-12-16T18:04:42","guid":{"rendered":"https:\/\/linitiative.ca\/International\/la-preservation-du-mausolee-royal-imedghassen-responsabilite-de-tous\/"},"modified":"2019-12-16T13:04:42","modified_gmt":"2019-12-16T18:04:42","slug":"la-preservation-du-mausolee-royal-imedghassen-responsabilite-de-tous","status":"publish","type":"post","link":"https:\/\/linitiative.ca\/International\/la-preservation-du-mausolee-royal-imedghassen-responsabilite-de-tous\/","title":{"rendered":"La pr\u00e9servation du mausol\u00e9e royal Imedghass\u00e8n, responsabilit\u00e9 de tous"},"content":{"rendered":"<div readability=\"39\">\n<p><strong>BATNA- Le ministre de la Communication, porte-parole du gouvernement et ministre de la Culture par int\u00e9rim, Hassan Rabehi, a insist\u00e9 dimanche \u00e0 Batna sur l&rsquo;urgence de pr\u00e9server le mausol\u00e9e royal\u00a0numide Imedghass\u00e8n, soulignant que \u00ab\u00a0c&rsquo;est une grande responsabilit\u00e9 qui incombe \u00e0 tout un chacun\u00a0\u00bb.<\/strong><\/p>\n<\/div>\n<div readability=\"84\">\n<p>Lors d&rsquo;une visite d&rsquo;inspection \u00e0 ce monument historique, situ\u00e9 dans la commune de Boumia et dont la construction remonte au d\u00e9but du 3\u00e8me si\u00e8cle avant l\u2019\u00e8re chr\u00e9tienne, le ministre a indiqu\u00e9 que sa pr\u00e9sence au site est \u00ab\u00a0la preuve de l\u2019int\u00e9r\u00eat qu\u2019accorde le gouvernement et l\u2019Etat \u00e0 de tels vestiges\u00a0\u00bb.<\/p>\n<p>Hassan Rabehi a \u00e9galement appel\u00e9 \u00e0 faire montre de \u00ab\u00a0davantage d\u2019int\u00e9r\u00eat par l\u2019engagement d\u2019une \u00e9tude et par la mobilisation des moyens n\u00e9cessaires et ce, dans les meilleurs d\u00e9lais, en vue de sa restauration (le mausol\u00e9e royal) et d\u2019en faire une destination pour les arch\u00e9ologues\u00a0\u00bb, consid\u00e9rant que ce genre de monuments est \u00ab\u00a0la propri\u00e9t\u00e9 de l\u2019Alg\u00e9rie et, dans le m\u00eame temps, de l\u2019humanit\u00e9 enti\u00e8re\u00a0\u00bb. De ce fait, a-t-il dit, \u00ab\u00a0les organisations internationales int\u00e9ress\u00e9es par le patrimoine culturel peuvent manifester leur\u00a0int\u00e9r\u00eat pour la protection de ce monument\u00a0\u00bb.<\/p>\n<blockquote readability=\"8\">\n<p><em><strong>\u00ab\u00a0Nous \u0153uvrerons \u00e0 examiner les chartes et conventions paraph\u00e9es par l\u2019Alg\u00e9rie avec des Etats et des organisations dont l\u2019Unesco pour voir ce que ces partenaires peuvent apporter \u00e0 la prise en charge de ce monument\u00a0\u00bb, a ajout\u00e9 le ministre.<\/strong><\/em><\/p>\n<\/blockquote>\n<p>M.Rabehi a salu\u00e9 l\u2019initiative de l\u2019universit\u00e9 de Batna d\u2019ouvrir une fili\u00e8re en arch\u00e9ologie et restauration laquelle peut \u00eatre g\u00e9n\u00e9ralis\u00e9e aux autres universit\u00e9s. Il a suivi, sur site, un expos\u00e9 sur le mausol\u00e9e son\u00a0histoire, sa situation actuelle et les op\u00e9rations de restauration dont il a fait l\u2019objet depuis les ann\u00e9es 1970 \u00e0 ce jour.<\/p>\n<p>Le ministre qui \u00e9tait accompagn\u00e9 des directeurs g\u00e9n\u00e9raux de l\u2019Agence Alg\u00e9rie presse service (APS), de la t\u00e9l\u00e9vision alg\u00e9rienne et de la radio nationale a visit\u00e9, \u00e0 la galerie Ch\u00e9rif Merzougui au complexe culturel et\u00a0sportif de la cit\u00e9 Kechida, une exposition collective des arts plastiques.<\/p>\n<p>M.Hassan Rabehi a entam\u00e9 sa visite par l\u2019inauguration d\u2019un centre r\u00e9gional de la t\u00e9l\u00e9vision alg\u00e9rienne, d\u2019un si\u00e8ge de l\u2019APS et d\u2019une maison de la presse.<\/p>\n<blockquote readability=\"16\">\n<p><em><strong>Le directeur g\u00e9n\u00e9ral de l\u2019APS, Fakhreddine Beldi, a indiqu\u00e9 que l\u2019APS \u0153uvre \u00e0 \u00ab\u00a0s\u2019affirmer en m\u00e9dia global exploitant les divers interfaces d\u2019infographie, de vid\u00e9o et de photographie\u00a0\u00bb, tout en valorisant, \u00e0\u00a0l\u2019occasion, le nouveau si\u00e8ge de l\u2019APS \u00e0 Batna qui, a-t-il not\u00e9, \u00ab\u00a0contribuera \u00e0 atteindre cet objectif\u00a0\u00bb.<\/strong><\/em><\/p>\n<\/blockquote>\n<p>M.Beldi a affirm\u00e9 que l\u2019APS d\u00e9ploie de grands efforts pour d\u00e9velopper ses services par la cr\u00e9ation de sites \u00e9lectroniques dans les langues arabe, amazighe dans ses variantes et fran\u00e7aise, outre sa pr\u00e9sence sur les r\u00e9seaux sociaux.<\/p>\n<\/div>\n<p>Auteur:<br \/>\n<a href=\"http:\/\/www.aps.dz\/culture\/99007-la-preservation-du-mausolee-royal-imedghassen-responsabilite-de-tous\">Cliquez ici pour lire l&rsquo;article depuis sa source.<\/a><\/p>\n","protected":false},"excerpt":{"rendered":"<p>BATNA- Le ministre de la Communication, porte-parole du gouvernement et ministre de la Culture par int\u00e9rim, Hassan Rabehi, a insist\u00e9 dimanche \u00e0 Batna sur l&rsquo;urgence de pr\u00e9server le mausol\u00e9e royal\u00a0numide Imedghass\u00e8n, soulignant que \u00ab\u00a0c&rsquo;est une grande responsabilit\u00e9 qui incombe \u00e0 tout un chacun\u00a0\u00bb. Lors d&rsquo;une visite d&rsquo;inspection \u00e0 ce monument historique, situ\u00e9 dans la commune [&hellip;]<\/p>\n","protected":false},"author":1790,"featured_media":0,"comment_status":"closed","ping_status":"closed","sticky":false,"template":"","format":"standard","meta":{"fifu_image_url":"","fifu_image_alt":"","footnotes":""},"categories":[53,79],"tags":[],"class_list":["post-70367","post","type-post","status-publish","format-standard","hentry","category-algerie","category-culture"],"_links":{"self":[{"href":"https:\/\/linitiative.ca\/International\/wp-json\/wp\/v2\/posts\/70367","targetHints":{"allow":["GET"]}}],"collection":[{"href":"https:\/\/linitiative.ca\/International\/wp-json\/wp\/v2\/posts"}],"about":[{"href":"https:\/\/linitiative.ca\/International\/wp-json\/wp\/v2\/types\/post"}],"author":[{"embeddable":true,"href":"https:\/\/linitiative.ca\/International\/wp-json\/wp\/v2\/users\/1790"}],"replies":[{"embeddable":true,"href":"https:\/\/linitiative.ca\/International\/wp-json\/wp\/v2\/comments?post=70367"}],"version-history":[{"count":0,"href":"https:\/\/linitiative.ca\/International\/wp-json\/wp\/v2\/posts\/70367\/revisions"}],"wp:attachment":[{"href":"https:\/\/linitiative.ca\/International\/wp-json\/wp\/v2\/media?parent=70367"}],"wp:term":[{"taxonomy":"category","embeddable":true,"href":"https:\/\/linitiative.ca\/International\/wp-json\/wp\/v2\/categories?post=70367"},{"taxonomy":"post_tag","embeddable":true,"href":"https:\/\/linitiative.ca\/International\/wp-json\/wp\/v2\/tags?post=70367"}],"curies":[{"name":"wp","href":"https:\/\/api.w.org\/{rel}","templated":true}]}}