{"id":70372,"date":"2019-12-16T05:00:00","date_gmt":"2019-12-16T10:00:00","guid":{"rendered":"https:\/\/linitiative.ca\/International\/vers-une-plainte-collective-des-victimes\/"},"modified":"2019-12-16T05:00:00","modified_gmt":"2019-12-16T10:00:00","slug":"vers-une-plainte-collective-des-victimes","status":"publish","type":"post","link":"https:\/\/linitiative.ca\/International\/vers-une-plainte-collective-des-victimes\/","title":{"rendered":"Vers une plainte collective des victimes"},"content":{"rendered":"<div id=\"originalText\" readability=\"58\">\n<p><strong>La 43e marche du vendredi a \u00e9t\u00e9 emp\u00each\u00e9e par la police qui a recouru \u00e0 la r\u00e9pression et proc\u00e9d\u00e9 \u00e0 des centaines d\u2019interpellations muscl\u00e9es.\u00a0<\/strong><\/p>\n<p>Une plainte collective contre les responsables des violences polici\u00e8res de vendredi dernier devrait \u00eatre port\u00e9e prochainement devant les instances judiciaires par le collectif de d\u00e9fense du hirak et la Ligue alg\u00e9rienne de d\u00e9fense des droits de l\u2019Homme. C\u2019est ce que nous avons appris hier aupr\u00e8s d\u2019un des avocats de la d\u00e9fense du hirak un militant de la Laddh. \u201cCe qui s\u2019est pass\u00e9 \u00e0 Oran ces derniers jours, notamment vendredi, doit faire l\u2019objet d\u2019une enqu\u00eate. Les responsabilit\u00e9s doivent \u00eatre d\u00e9termin\u00e9es et des sanctions prises contre les auteurs des violences\u201d, ont indiqu\u00e9 les repr\u00e9sentants des deux parties, en rappelant que les Oranais \u00e9taient sortis manifester de mani\u00e8re pacifique et ne constituaient aucune menace incitant les services de police \u00e0 pareille intervention.<br \/>Samedi soir, lors de la \u201cga\u00e2da politique\u201d qui a sign\u00e9 la r\u00e9cup\u00e9ration de la place du 1er-Novembre par le hirak oranais, les participants ont abord\u00e9 la r\u00e9pression polici\u00e8re qui s\u2019est abattue sur les manifestants et les modalit\u00e9s de d\u00e9p\u00f4t de plainte aupr\u00e8s des instances concern\u00e9es. Un appel a \u00e9t\u00e9 lanc\u00e9 \u00e0 tous ceux et \u00e0 toutes celles dont les droits les plus \u00e9l\u00e9mentaires ont \u00e9t\u00e9 viol\u00e9s (insultes, violences physiques, interpellations arbitraires\u2026) de se rapprocher du collectif de la d\u00e9fense pour d\u00e9poser leurs plaintes. \u201cNous avons commenc\u00e9 \u00e0 constituer des dossiers et \u00e0 r\u00e9unir les preuves mat\u00e9rielles pour mettre les gens devant leurs responsabilit\u00e9s\u201d, a indiqu\u00e9 l\u2019un des avocats, en pr\u00e9voyant une quarantaine de dossiers d\u2019ici \u00e0 la fin de la semaine.<br \/>Pour rappel, la 43e marche du vendredi a \u00e9t\u00e9 emp\u00each\u00e9e par la police qui a eu recours \u00e0 une violence in\u00e9dite en proc\u00e9dant \u00e0 des centaines d\u2019interpellations muscl\u00e9es d\u2019Alg\u00e9riens innocents dont certains n\u2019\u00e9taient m\u00eame pas concern\u00e9s par la marche. \u201cIl y a eu de nombreux bless\u00e9s et d\u2019importants traumatismes\u201d, a encore d\u00e9plor\u00e9 l\u2019avocat, plus que jamais convaincu de la n\u00e9cessit\u00e9 d\u2019une action contre les auteurs de ces exactions.\u00a0<br \/>Il faut rappeler que la r\u00e9pression de vendredi n\u2019est pas la premi\u00e8re du genre, m\u00eame si elle reste in\u00e9dite en ampleur et en intensit\u00e9. Des centaines de manifestants pacifiques ont d\u00e9j\u00e0 \u00e9t\u00e9 violent\u00e9s et\/ou arr\u00eat\u00e9s par les services de police depuis quelques mois, mais seules deux plaintes ont \u00e9t\u00e9 port\u00e9es devant la justice. La premi\u00e8re \u00e9mane d\u2019Abdelhadi Abb\u00e8s qui, le 9 juillet, a d\u00e9nonc\u00e9 une arrestation ill\u00e9gale intervenue quelques semaines plus t\u00f4t alors qu\u2019il \u00e9tait accompagn\u00e9 de ses deux neveux mineurs. La seconde a \u00e9t\u00e9 transmise \u00e0 la justice par Z. Fay\u00e7al, qui s\u2019est plaint d\u2019avoir \u00e9t\u00e9 rou\u00e9 de coups par des policiers devant le si\u00e8ge de la s\u00fbret\u00e9 de wilaya, d\u00e9but octobre, alors qu\u2019il \u00e9tait en train de filmer un rassemblement de soutien \u00e0 des manifestants interpell\u00e9s \u00e0 la fin d\u2019une marche.<br \/>\u00a0<\/p>\n<p class=\"c6\"><strong>S. Ould Ali<\/strong><\/p>\n<\/div>\n<div id=\"text_core\" readability=\"58\">\n<p><strong>La 43e marche du vendredi a \u00e9t\u00e9 emp\u00each\u00e9e par la police qui a recouru \u00e0 la r\u00e9pression et proc\u00e9d\u00e9 \u00e0 des centaines d\u2019interpellations muscl\u00e9es.\u00a0<\/strong><\/p>\n<p>Une plainte collective contre les responsables des violences polici\u00e8res de vendredi dernier devrait \u00eatre port\u00e9e prochainement devant les instances judiciaires par le collectif de d\u00e9fense du hirak et la Ligue alg\u00e9rienne de d\u00e9fense des droits de l\u2019Homme. C\u2019est ce que nous avons appris hier aupr\u00e8s d\u2019un des avocats de la d\u00e9fense du hirak un militant de la Laddh. \u201cCe qui s\u2019est pass\u00e9 \u00e0 Oran ces derniers jours, notamment vendredi, doit faire l\u2019objet d\u2019une enqu\u00eate. Les responsabilit\u00e9s doivent \u00eatre d\u00e9termin\u00e9es et des sanctions prises contre les auteurs des violences\u201d, ont indiqu\u00e9 les repr\u00e9sentants des deux parties, en rappelant que les Oranais \u00e9taient sortis manifester de mani\u00e8re pacifique et ne constituaient aucune menace incitant les services de police \u00e0 pareille intervention.<br \/>Samedi soir, lors de la \u201cga\u00e2da politique\u201d qui a sign\u00e9 la r\u00e9cup\u00e9ration de la place du 1er-Novembre par le hirak oranais, les participants ont abord\u00e9 la r\u00e9pression polici\u00e8re qui s\u2019est abattue sur les manifestants et les modalit\u00e9s de d\u00e9p\u00f4t de plainte aupr\u00e8s des instances concern\u00e9es. Un appel a \u00e9t\u00e9 lanc\u00e9 \u00e0 tous ceux et \u00e0 toutes celles dont les droits les plus \u00e9l\u00e9mentaires ont \u00e9t\u00e9 viol\u00e9s (insultes, violences physiques, interpellations arbitraires\u2026) de se rapprocher du collectif de la d\u00e9fense pour d\u00e9poser leurs plaintes. \u201cNous avons commenc\u00e9 \u00e0 constituer des dossiers et \u00e0 r\u00e9unir les preuves mat\u00e9rielles pour mettre les gens devant leurs responsabilit\u00e9s\u201d, a indiqu\u00e9 l\u2019un des avocats, en pr\u00e9voyant une quarantaine de dossiers d\u2019ici \u00e0 la fin de la semaine.<br \/>Pour rappel, la 43e marche du vendredi a \u00e9t\u00e9 emp\u00each\u00e9e par la police qui a eu recours \u00e0 une violence in\u00e9dite en proc\u00e9dant \u00e0 des centaines d\u2019interpellations muscl\u00e9es d\u2019Alg\u00e9riens innocents dont certains n\u2019\u00e9taient m\u00eame pas concern\u00e9s par la marche. \u201cIl y a eu de nombreux bless\u00e9s et d\u2019importants traumatismes\u201d, a encore d\u00e9plor\u00e9 l\u2019avocat, plus que jamais convaincu de la n\u00e9cessit\u00e9 d\u2019une action contre les auteurs de ces exactions.\u00a0<br \/>Il faut rappeler que la r\u00e9pression de vendredi n\u2019est pas la premi\u00e8re du genre, m\u00eame si elle reste in\u00e9dite en ampleur et en intensit\u00e9. Des centaines de manifestants pacifiques ont d\u00e9j\u00e0 \u00e9t\u00e9 violent\u00e9s et\/ou arr\u00eat\u00e9s par les services de police depuis quelques mois, mais seules deux plaintes ont \u00e9t\u00e9 port\u00e9es devant la justice. La premi\u00e8re \u00e9mane d\u2019Abdelhadi Abb\u00e8s qui, le 9 juillet, a d\u00e9nonc\u00e9 une arrestation ill\u00e9gale intervenue quelques semaines plus t\u00f4t alors qu\u2019il \u00e9tait accompagn\u00e9 de ses deux neveux mineurs. La seconde a \u00e9t\u00e9 transmise \u00e0 la justice par Z. Fay\u00e7al, qui s\u2019est plaint d\u2019avoir \u00e9t\u00e9 rou\u00e9 de coups par des policiers devant le si\u00e8ge de la s\u00fbret\u00e9 de wilaya, d\u00e9but octobre, alors qu\u2019il \u00e9tait en train de filmer un rassemblement de soutien \u00e0 des manifestants interpell\u00e9s \u00e0 la fin d\u2019une marche.<br \/>\u00a0<\/p>\n<p class=\"c6\"><strong>S. Ould Ali<\/strong><\/p>\n<\/div>\n<p>Auteur:<br \/>\n<a href=\"https:\/\/www.liberte-algerie.com\/actualite\/vers-une-plainte-collective-des-victimes-330242\">Cliquez ici pour lire l&rsquo;article depuis sa source.<\/a><\/p>\n","protected":false},"excerpt":{"rendered":"<p>La 43e marche du vendredi a \u00e9t\u00e9 emp\u00each\u00e9e par la police qui a recouru \u00e0 la r\u00e9pression et proc\u00e9d\u00e9 \u00e0 des centaines d\u2019interpellations muscl\u00e9es.\u00a0 Une plainte collective contre les responsables des violences polici\u00e8res de vendredi dernier devrait \u00eatre port\u00e9e prochainement devant les instances judiciaires par le collectif de d\u00e9fense du hirak et la Ligue alg\u00e9rienne [&hellip;]<\/p>\n","protected":false},"author":1742,"featured_media":0,"comment_status":"closed","ping_status":"closed","sticky":false,"template":"","format":"standard","meta":{"fifu_image_url":"","fifu_image_alt":"","footnotes":""},"categories":[73,53],"tags":[],"class_list":["post-70372","post","type-post","status-publish","format-standard","hentry","category-actualite","category-algerie"],"_links":{"self":[{"href":"https:\/\/linitiative.ca\/International\/wp-json\/wp\/v2\/posts\/70372","targetHints":{"allow":["GET"]}}],"collection":[{"href":"https:\/\/linitiative.ca\/International\/wp-json\/wp\/v2\/posts"}],"about":[{"href":"https:\/\/linitiative.ca\/International\/wp-json\/wp\/v2\/types\/post"}],"author":[{"embeddable":true,"href":"https:\/\/linitiative.ca\/International\/wp-json\/wp\/v2\/users\/1742"}],"replies":[{"embeddable":true,"href":"https:\/\/linitiative.ca\/International\/wp-json\/wp\/v2\/comments?post=70372"}],"version-history":[{"count":0,"href":"https:\/\/linitiative.ca\/International\/wp-json\/wp\/v2\/posts\/70372\/revisions"}],"wp:attachment":[{"href":"https:\/\/linitiative.ca\/International\/wp-json\/wp\/v2\/media?parent=70372"}],"wp:term":[{"taxonomy":"category","embeddable":true,"href":"https:\/\/linitiative.ca\/International\/wp-json\/wp\/v2\/categories?post=70372"},{"taxonomy":"post_tag","embeddable":true,"href":"https:\/\/linitiative.ca\/International\/wp-json\/wp\/v2\/tags?post=70372"}],"curies":[{"name":"wp","href":"https:\/\/api.w.org\/{rel}","templated":true}]}}