{"id":70373,"date":"2019-12-16T05:00:00","date_gmt":"2019-12-16T10:00:00","guid":{"rendered":"https:\/\/linitiative.ca\/International\/condamnation-de-deux-hirakistes\/"},"modified":"2019-12-16T05:00:00","modified_gmt":"2019-12-16T10:00:00","slug":"condamnation-de-deux-hirakistes","status":"publish","type":"post","link":"https:\/\/linitiative.ca\/International\/condamnation-de-deux-hirakistes\/","title":{"rendered":"Condamnation de deux hirakistes"},"content":{"rendered":"<div id=\"originalText\" readability=\"44\">\n<p>Le tribunal correctionnel de Cit\u00e9 Djamel a rendu, hier matin, son verdict dans deux proc\u00e8s impliquant des manifestants interpell\u00e9s lors des marches du vendredi. Le premier concerne Ali Chaouch, 58 ans, qui avait \u00e9t\u00e9 jug\u00e9 le 8 d\u00e9cembre pour attroupement, incitation \u00e0 attroupement et outrage et violence envers institutions de l\u2019\u00c9tat. Il vient d\u2019\u00eatre condamn\u00e9 \u00e0 une ann\u00e9e de prison avec sursis et 10 000 DA d\u2019amende. Lors de son proc\u00e8s, le procureur de la R\u00e9publique avait requis la peine de 18 mois de prison ferme. Ali Chaouch avait \u00e9t\u00e9 cueilli \u00e0 la sortie d\u2019une mosqu\u00e9e o\u00f9 il venait d\u2019accomplir la pri\u00e8re d\u2019el-asr lors de la 41e marche. Les \u00e9l\u00e9ments de police qui ont proc\u00e9d\u00e9 \u00e0 son arrestation ont trouv\u00e9 en sa possession des \u00e9crits appelant notamment \u00e0 l\u2019instauration d\u2019un \u00c9tat civil et non militaire. Le deuxi\u00e8me dossier sur lequel le tribunal correctionnel s\u2019est prononc\u00e9 est celui de Hamane Yazid, jeune B\u00e9jaoui qui se trouvait dans les ge\u00f4les \u00e0 l\u2019insu de sa famille et de ses proches. L\u2019incarc\u00e9ration a \u00e9t\u00e9 \u201cd\u00e9couverte\u201d par Kaddour Chouicha qui a alert\u00e9 le collectif de d\u00e9fense du hirak. Les conditions de son interpellation et les circonstances de sa comparution devant le juge ne sont jusque-l\u00e0 pas connues, mais il vient d\u2019\u00eatre condamn\u00e9 \u00e0 trois mois de prison ferme pour des faits li\u00e9s \u00e0 l\u2019exposition au regard du public de documents de nature \u00e0 nuire \u00e0 l\u2019int\u00e9r\u00eat national, selon un avocat du collectif de d\u00e9fense du hirak.<br \/>\u00a0<\/p>\n<p class=\"c6\"><strong>S. Ould Ali<\/strong><\/p>\n<\/div>\n<div id=\"text_core\" readability=\"44\">\n<p>Le tribunal correctionnel de Cit\u00e9 Djamel a rendu, hier matin, son verdict dans deux proc\u00e8s impliquant des manifestants interpell\u00e9s lors des marches du vendredi. Le premier concerne Ali Chaouch, 58 ans, qui avait \u00e9t\u00e9 jug\u00e9 le 8 d\u00e9cembre pour attroupement, incitation \u00e0 attroupement et outrage et violence envers institutions de l\u2019\u00c9tat. Il vient d\u2019\u00eatre condamn\u00e9 \u00e0 une ann\u00e9e de prison avec sursis et 10 000 DA d\u2019amende. Lors de son proc\u00e8s, le procureur de la R\u00e9publique avait requis la peine de 18 mois de prison ferme. Ali Chaouch avait \u00e9t\u00e9 cueilli \u00e0 la sortie d\u2019une mosqu\u00e9e o\u00f9 il venait d\u2019accomplir la pri\u00e8re d\u2019el-asr lors de la 41e marche. Les \u00e9l\u00e9ments de police qui ont proc\u00e9d\u00e9 \u00e0 son arrestation ont trouv\u00e9 en sa possession des \u00e9crits appelant notamment \u00e0 l\u2019instauration d\u2019un \u00c9tat civil et non militaire. Le deuxi\u00e8me dossier sur lequel le tribunal correctionnel s\u2019est prononc\u00e9 est celui de Hamane Yazid, jeune B\u00e9jaoui qui se trouvait dans les ge\u00f4les \u00e0 l\u2019insu de sa famille et de ses proches. L\u2019incarc\u00e9ration a \u00e9t\u00e9 \u201cd\u00e9couverte\u201d par Kaddour Chouicha qui a alert\u00e9 le collectif de d\u00e9fense du hirak. Les conditions de son interpellation et les circonstances de sa comparution devant le juge ne sont jusque-l\u00e0 pas connues, mais il vient d\u2019\u00eatre condamn\u00e9 \u00e0 trois mois de prison ferme pour des faits li\u00e9s \u00e0 l\u2019exposition au regard du public de documents de nature \u00e0 nuire \u00e0 l\u2019int\u00e9r\u00eat national, selon un avocat du collectif de d\u00e9fense du hirak.<br \/>\u00a0<\/p>\n<p class=\"c6\"><strong>S. Ould Ali<\/strong><\/p>\n<\/div>\n<p>Auteur:<br \/>\n<a href=\"https:\/\/www.liberte-algerie.com\/actualite\/condamnation-de-deux-hirakistes-330241\">Cliquez ici pour lire l&rsquo;article depuis sa source.<\/a><\/p>\n","protected":false},"excerpt":{"rendered":"<p>Le tribunal correctionnel de Cit\u00e9 Djamel a rendu, hier matin, son verdict dans deux proc\u00e8s impliquant des manifestants interpell\u00e9s lors des marches du vendredi. Le premier concerne Ali Chaouch, 58 ans, qui avait \u00e9t\u00e9 jug\u00e9 le 8 d\u00e9cembre pour attroupement, incitation \u00e0 attroupement et outrage et violence envers institutions de l\u2019\u00c9tat. Il vient d\u2019\u00eatre condamn\u00e9 [&hellip;]<\/p>\n","protected":false},"author":1742,"featured_media":0,"comment_status":"closed","ping_status":"closed","sticky":false,"template":"","format":"standard","meta":{"fifu_image_url":"","fifu_image_alt":"","footnotes":""},"categories":[73,53],"tags":[],"class_list":["post-70373","post","type-post","status-publish","format-standard","hentry","category-actualite","category-algerie"],"_links":{"self":[{"href":"https:\/\/linitiative.ca\/International\/wp-json\/wp\/v2\/posts\/70373","targetHints":{"allow":["GET"]}}],"collection":[{"href":"https:\/\/linitiative.ca\/International\/wp-json\/wp\/v2\/posts"}],"about":[{"href":"https:\/\/linitiative.ca\/International\/wp-json\/wp\/v2\/types\/post"}],"author":[{"embeddable":true,"href":"https:\/\/linitiative.ca\/International\/wp-json\/wp\/v2\/users\/1742"}],"replies":[{"embeddable":true,"href":"https:\/\/linitiative.ca\/International\/wp-json\/wp\/v2\/comments?post=70373"}],"version-history":[{"count":0,"href":"https:\/\/linitiative.ca\/International\/wp-json\/wp\/v2\/posts\/70373\/revisions"}],"wp:attachment":[{"href":"https:\/\/linitiative.ca\/International\/wp-json\/wp\/v2\/media?parent=70373"}],"wp:term":[{"taxonomy":"category","embeddable":true,"href":"https:\/\/linitiative.ca\/International\/wp-json\/wp\/v2\/categories?post=70373"},{"taxonomy":"post_tag","embeddable":true,"href":"https:\/\/linitiative.ca\/International\/wp-json\/wp\/v2\/tags?post=70373"}],"curies":[{"name":"wp","href":"https:\/\/api.w.org\/{rel}","templated":true}]}}