{"id":70374,"date":"2019-12-16T05:00:00","date_gmt":"2019-12-16T10:00:00","guid":{"rendered":"https:\/\/linitiative.ca\/International\/initiation-a-lastronomie\/"},"modified":"2019-12-16T05:00:00","modified_gmt":"2019-12-16T10:00:00","slug":"initiation-a-lastronomie","status":"publish","type":"post","link":"https:\/\/linitiative.ca\/International\/initiation-a-lastronomie\/","title":{"rendered":"Initiation \u00e0 l\u2019astronomie"},"content":{"rendered":"<div id=\"originalText\" readability=\"67\">\n<p>Dans le cadre de la convention de partenariat entre l\u2019Office national de la culture et de l\u2019information (ONCI) et le Centre de recherche en astronomie astrophysique et g\u00e9ophysique, le complexe culturel de Chenoua (Tipasa) abritera le 17 d\u00e9cembre \u00e0 partir de 9h \u201cl\u2019Atelier du jeune astronome\u201d.<\/p>\n<p>\u00c0 cette occasion, cette journ\u00e9e sera marqu\u00e9e par diverses activit\u00e9s, notamment des ateliers, expositions, projections de films au Plan\u00e9tarium et conf\u00e9rences qui seront inscrites sous la th\u00e9matique \u201cQuestion un jour\u2026 Chercheur pour toujours\u201d.<\/p>\n<p>Au programme, une initiation \u00e0 l\u2019astronomie avec Baba A\u00efssa Djounai et Rahmani Yassine du CRAAG, suivie par l\u2019activit\u00e9 \u201cLe petit cr\u00e9ateur\u201d qui sera anim\u00e9e par l\u2019Association des sciences astronomiques de Blida.\u00a0 \u00c0 noter que les ateliers p\u00e9dagogiques d\u2019astronomie propos\u00e9s seront dispens\u00e9s aux trois niveaux scolaires confondus.<\/p>\n<p>Ils porteront sur \u201cJouons avec la lune\u201d, ax\u00e9 sur \u201cLes phases de lune\u201d et \u201cNaufrag\u00e9s sur la lune\u201d, qui seront anim\u00e9s respectivement par le CRAAG et\u00a0 l\u2019Association des sciences astronomiques de Blida.\u00a0<\/p>\n<p>Le deuxi\u00e8me atelier sera inscrit sous le th\u00e8me \u201cLes constellation: Apprendre \u00e0 lire et utiliser la carte du ciel ;\u00a0 comment je vois l\u2019univers\u201d, durant lequel les \u00e9l\u00e8ves doivent dessiner le syst\u00e8me solaire, la terre, la lune, les plan\u00e8tes, et\u00a0 \u201cLe petit cr\u00e9ateur (Les ballons plan\u00e8tes et le ruban pour les mesures interplan\u00e9taires)\u201d.\u00a0<br \/>\u00a0<\/p>\n<p class=\"c6\"><strong>R. C.<\/strong><\/p>\n<\/div>\n<div id=\"text_core\" readability=\"67\">\n<p>Dans le cadre de la convention de partenariat entre l\u2019Office national de la culture et de l\u2019information (ONCI) et le Centre de recherche en astronomie astrophysique et g\u00e9ophysique, le complexe culturel de Chenoua (Tipasa) abritera le 17 d\u00e9cembre \u00e0 partir de 9h \u201cl\u2019Atelier du jeune astronome\u201d.<\/p>\n<p>\u00c0 cette occasion, cette journ\u00e9e sera marqu\u00e9e par diverses activit\u00e9s, notamment des ateliers, expositions, projections de films au Plan\u00e9tarium et conf\u00e9rences qui seront inscrites sous la th\u00e9matique \u201cQuestion un jour\u2026 Chercheur pour toujours\u201d.<\/p>\n<p>Au programme, une initiation \u00e0 l\u2019astronomie avec Baba A\u00efssa Djounai et Rahmani Yassine du CRAAG, suivie par l\u2019activit\u00e9 \u201cLe petit cr\u00e9ateur\u201d qui sera anim\u00e9e par l\u2019Association des sciences astronomiques de Blida.\u00a0 \u00c0 noter que les ateliers p\u00e9dagogiques d\u2019astronomie propos\u00e9s seront dispens\u00e9s aux trois niveaux scolaires confondus.<\/p>\n<p>Ils porteront sur \u201cJouons avec la lune\u201d, ax\u00e9 sur \u201cLes phases de lune\u201d et \u201cNaufrag\u00e9s sur la lune\u201d, qui seront anim\u00e9s respectivement par le CRAAG et\u00a0 l\u2019Association des sciences astronomiques de Blida.\u00a0<\/p>\n<p>Le deuxi\u00e8me atelier sera inscrit sous le th\u00e8me \u201cLes constellation: Apprendre \u00e0 lire et utiliser la carte du ciel ;\u00a0 comment je vois l\u2019univers\u201d, durant lequel les \u00e9l\u00e8ves doivent dessiner le syst\u00e8me solaire, la terre, la lune, les plan\u00e8tes, et\u00a0 \u201cLe petit cr\u00e9ateur (Les ballons plan\u00e8tes et le ruban pour les mesures interplan\u00e9taires)\u201d.\u00a0<br \/>\u00a0<\/p>\n<p class=\"c6\"><strong>R. C.<\/strong><\/p>\n<\/div>\n<p>Auteur:<br \/>\n<a href=\"https:\/\/www.liberte-algerie.com\/culture\/initiation-a-lastronomie-330240\">Cliquez ici pour lire l&rsquo;article depuis sa source.<\/a><\/p>\n","protected":false},"excerpt":{"rendered":"<p>Dans le cadre de la convention de partenariat entre l\u2019Office national de la culture et de l\u2019information (ONCI) et le Centre de recherche en astronomie astrophysique et g\u00e9ophysique, le complexe culturel de Chenoua (Tipasa) abritera le 17 d\u00e9cembre \u00e0 partir de 9h \u201cl\u2019Atelier du jeune astronome\u201d. \u00c0 cette occasion, cette journ\u00e9e sera marqu\u00e9e par diverses [&hellip;]<\/p>\n","protected":false},"author":1742,"featured_media":0,"comment_status":"closed","ping_status":"closed","sticky":false,"template":"","format":"standard","meta":{"fifu_image_url":"","fifu_image_alt":"","footnotes":""},"categories":[73,53],"tags":[],"class_list":["post-70374","post","type-post","status-publish","format-standard","hentry","category-actualite","category-algerie"],"_links":{"self":[{"href":"https:\/\/linitiative.ca\/International\/wp-json\/wp\/v2\/posts\/70374","targetHints":{"allow":["GET"]}}],"collection":[{"href":"https:\/\/linitiative.ca\/International\/wp-json\/wp\/v2\/posts"}],"about":[{"href":"https:\/\/linitiative.ca\/International\/wp-json\/wp\/v2\/types\/post"}],"author":[{"embeddable":true,"href":"https:\/\/linitiative.ca\/International\/wp-json\/wp\/v2\/users\/1742"}],"replies":[{"embeddable":true,"href":"https:\/\/linitiative.ca\/International\/wp-json\/wp\/v2\/comments?post=70374"}],"version-history":[{"count":0,"href":"https:\/\/linitiative.ca\/International\/wp-json\/wp\/v2\/posts\/70374\/revisions"}],"wp:attachment":[{"href":"https:\/\/linitiative.ca\/International\/wp-json\/wp\/v2\/media?parent=70374"}],"wp:term":[{"taxonomy":"category","embeddable":true,"href":"https:\/\/linitiative.ca\/International\/wp-json\/wp\/v2\/categories?post=70374"},{"taxonomy":"post_tag","embeddable":true,"href":"https:\/\/linitiative.ca\/International\/wp-json\/wp\/v2\/tags?post=70374"}],"curies":[{"name":"wp","href":"https:\/\/api.w.org\/{rel}","templated":true}]}}