{"id":70375,"date":"2019-12-16T06:57:00","date_gmt":"2019-12-16T11:57:00","guid":{"rendered":"https:\/\/linitiative.ca\/International\/ival-nous-ecrit\/"},"modified":"2019-12-16T06:57:00","modified_gmt":"2019-12-16T11:57:00","slug":"ival-nous-ecrit","status":"publish","type":"post","link":"https:\/\/linitiative.ca\/International\/ival-nous-ecrit\/","title":{"rendered":"IVAL nous \u00e9crit"},"content":{"rendered":"<div id=\"originalText\" readability=\"38\">\n<p>En r\u00e9ponse \u00e0 l\u2019article de la r\u00e9daction web paru le 15 d\u00e9cembre 2019 sur libert\u00e9-algerie.com et relatif aux\u00a0 \u00ab\u00a0LES NOTIFICATIONS LEUR ONT \u00c9T\u00c9 ADRESS\u00c9ES AUJOURD&rsquo;HUI PAR LES MAISONS M\u00c8RES\u00a0: Les contrats d\u2019IVECO et MAZDA r\u00e9sili\u00e9s dans une semaine\u00a0\u00bb, \u00a0IVAL, IVAL Industrie et Jamal spa, tiennent \u00e0 d\u00e9mentir compl\u00e8tement et formellement les faits et les informations en relation aux all\u00e9gations\u00a0 contenues dans cet article.<\/p>\n<\/div>\n<div id=\"text_core\" readability=\"38\">\n<p>En r\u00e9ponse \u00e0 l\u2019article de la r\u00e9daction web paru le 15 d\u00e9cembre 2019 sur libert\u00e9-algerie.com et relatif aux\u00a0 \u00ab\u00a0LES NOTIFICATIONS LEUR ONT \u00c9T\u00c9 ADRESS\u00c9ES AUJOURD&rsquo;HUI PAR LES MAISONS M\u00c8RES\u00a0: Les contrats d\u2019IVECO et MAZDA r\u00e9sili\u00e9s dans une semaine\u00a0\u00bb, \u00a0IVAL, IVAL Industrie et Jamal spa, tiennent \u00e0 d\u00e9mentir compl\u00e8tement et formellement les faits et les informations en relation aux all\u00e9gations\u00a0 contenues dans cet article.<\/p>\n<\/div>\n<p>Auteur:<br \/>\n<a href=\"https:\/\/www.liberte-algerie.com\/actualite\/ival-nous-ecrit-330263\">Cliquez ici pour lire l&rsquo;article depuis sa source.<\/a><\/p>\n","protected":false},"excerpt":{"rendered":"<p>En r\u00e9ponse \u00e0 l\u2019article de la r\u00e9daction web paru le 15 d\u00e9cembre 2019 sur libert\u00e9-algerie.com et relatif aux\u00a0 \u00ab\u00a0LES NOTIFICATIONS LEUR ONT \u00c9T\u00c9 ADRESS\u00c9ES AUJOURD&rsquo;HUI PAR LES MAISONS M\u00c8RES\u00a0: Les contrats d\u2019IVECO et MAZDA r\u00e9sili\u00e9s dans une semaine\u00a0\u00bb, \u00a0IVAL, IVAL Industrie et Jamal spa, tiennent \u00e0 d\u00e9mentir compl\u00e8tement et formellement les faits et les informations [&hellip;]<\/p>\n","protected":false},"author":1742,"featured_media":0,"comment_status":"closed","ping_status":"closed","sticky":false,"template":"","format":"standard","meta":{"fifu_image_url":"","fifu_image_alt":"","footnotes":""},"categories":[73,53],"tags":[],"class_list":["post-70375","post","type-post","status-publish","format-standard","hentry","category-actualite","category-algerie"],"_links":{"self":[{"href":"https:\/\/linitiative.ca\/International\/wp-json\/wp\/v2\/posts\/70375","targetHints":{"allow":["GET"]}}],"collection":[{"href":"https:\/\/linitiative.ca\/International\/wp-json\/wp\/v2\/posts"}],"about":[{"href":"https:\/\/linitiative.ca\/International\/wp-json\/wp\/v2\/types\/post"}],"author":[{"embeddable":true,"href":"https:\/\/linitiative.ca\/International\/wp-json\/wp\/v2\/users\/1742"}],"replies":[{"embeddable":true,"href":"https:\/\/linitiative.ca\/International\/wp-json\/wp\/v2\/comments?post=70375"}],"version-history":[{"count":0,"href":"https:\/\/linitiative.ca\/International\/wp-json\/wp\/v2\/posts\/70375\/revisions"}],"wp:attachment":[{"href":"https:\/\/linitiative.ca\/International\/wp-json\/wp\/v2\/media?parent=70375"}],"wp:term":[{"taxonomy":"category","embeddable":true,"href":"https:\/\/linitiative.ca\/International\/wp-json\/wp\/v2\/categories?post=70375"},{"taxonomy":"post_tag","embeddable":true,"href":"https:\/\/linitiative.ca\/International\/wp-json\/wp\/v2\/tags?post=70375"}],"curies":[{"name":"wp","href":"https:\/\/api.w.org\/{rel}","templated":true}]}}