{"id":70377,"date":"2019-12-16T04:51:07","date_gmt":"2019-12-16T09:51:07","guid":{"rendered":"https:\/\/linitiative.ca\/International\/ghardaia-la-nouvelle-tour-de-controle-de-laeroport-moufdi-zakaria-operationnelle\/"},"modified":"2019-12-16T04:51:07","modified_gmt":"2019-12-16T09:51:07","slug":"ghardaia-la-nouvelle-tour-de-controle-de-laeroport-moufdi-zakaria-operationnelle","status":"publish","type":"post","link":"https:\/\/linitiative.ca\/International\/ghardaia-la-nouvelle-tour-de-controle-de-laeroport-moufdi-zakaria-operationnelle\/","title":{"rendered":"Gharda\u00efa: la nouvelle tour de contr\u00f4le de l\u2019a\u00e9roport Moufdi Zakaria op\u00e9rationnelle"},"content":{"rendered":"<div readability=\"35\">\n<p><strong>GHARDAIA &#8211; La nouvelle tour de contr\u00f4le aux normes universelles de l&rsquo;a\u00e9roport international \u00ab\u00a0Moufdi Zakaria\u00a0\u00bb de Gharda\u00efa est op\u00e9rationnelle, a-t-on appris lundi aupr\u00e8s de la direction des Transports de la wilaya.<\/strong><\/p>\n<\/div>\n<div readability=\"87.259561827\">\n<p>La mise en service de la nouvelle structure a\u00e9roportuaire, dot\u00e9e d&rsquo;\u00e9quipements technologiques de derni\u00e8re g\u00e9n\u00e9ration, permet d&rsquo;assurer une meilleure s\u00e9curit\u00e9 du trafic a\u00e9rien et des a\u00e9ronefs qui empruntent l&rsquo;espace a\u00e9rien alg\u00e9rien, en conformit\u00e9 avec les recommandations de l&rsquo;Organisation de l&rsquo;aviation civile internationale (OACI), a indiqu\u00e9 \u00e0 l&rsquo;APS le directeur des Transports de Gharda\u00efa, Mohamed Zouatine<\/p>\n<p>La nouvelle tour de contr\u00f4le, dont les travaux ont \u00e9t\u00e9 confi\u00e9s \u00e0 une entreprise chinoise, s&rsquo;inscrit dans le cadre d&rsquo;un projet de d\u00e9veloppement et de modernisation de la gestion de l&rsquo;espace a\u00e9rien national, d\u00e9cid\u00e9 par les pouvoirs publics pour cinq a\u00e9rodromes du pays (Alger, Oran, Constantine, Gharda\u00efa et Tamanrasset), a-t-il pr\u00e9cis\u00e9.<\/p>\n<blockquote readability=\"11\">\n<p><em><strong>Elle vient s&rsquo;ajouter aux diff\u00e9rents projets lanc\u00e9s dans la wilaya de Ghardaia visant \u00e0 doter la r\u00e9gion d&rsquo;une infrastructure a\u00e9roportuaire moderne conforme aux normes internationales, \u00e0 m\u00eame de renforcer sa renomm\u00e9e mondiale, de r\u00e9pondre \u00e0 la croissance incessante du trafic passager, et d&rsquo;accompagner l&rsquo;essor socio-\u00e9conomique et touristique.<\/strong><\/em><\/p>\n<\/blockquote>\n<p>Edifi\u00e9 sur une superficie de 2.000 m2, en structure mixte (b\u00e9ton arm\u00e9 et charpente m\u00e9tallique) sur une hauteur de 50 m\u00e8tres, avec une vigie d&rsquo;une superficie de 53 m2, selon sa fiche technique.<\/p>\n<hr\/>\n<h3>Lire aussi:\u00a0<a href=\"http:\/\/www.aps.dz\/algerie\/84584-controle-aerien-generalisation-du-systeme-de-surveillance-par-radars-en-2020\" target=\"_blank\" rel=\"noopener noreferrer\">Contr\u00f4le a\u00e9rien: G\u00e9n\u00e9ralisation du syst\u00e8me de surveillance par radars en 2020<\/a><\/h3>\n<hr\/>\n<p>L&rsquo;ouvrage r\u00e9pond aux normes exig\u00e9es par l&rsquo;OACI dont le si\u00e8ge est \u00e0 Montr\u00e9al (Canada) en mati\u00e8re techniques de s\u00fbret\u00e9, la qualit\u00e9 de service et la s\u00e9curit\u00e9 a\u00e9rienne, a fait savoir M. Zouatine.<\/p>\n<p>D&rsquo;un co\u00fbt de plus de 3 milliards DA, le projet est \u00e9quip\u00e9 d&rsquo;instruments de radionavigation les plus modernes et de balisage de haute intensit\u00e9, permettant respectivement le guidage des avions au vol, au d\u00e9collage et \u00e0 l&rsquo;atterrissage nocturnes, selon les normes et recommandations de l&rsquo;OACI, a soulign\u00e9 le directeur des transports de Gharda\u00efa.<\/p>\n<blockquote readability=\"11\">\n<p><em><strong>Une attention particuli\u00e8re a \u00e9t\u00e9 accord\u00e9e \u00e0 l&rsquo;aspect architectural et environnemental dans la r\u00e9alisation de cette structure, notamment dans sa conception architecturale novatrice, ses am\u00e9nagements ext\u00e9rieurs, la voirie et les espaces verts, a-t-il ajout\u00e9.<\/strong><\/em><\/p>\n<\/blockquote>\n<p>Dot\u00e9e d&rsquo;un syst\u00e8me de contr\u00f4le a\u00e9rien utilisant une technologie des plus modernes permettant de renforcer les syst\u00e8mes de navigation et les normes de s\u00e9curit\u00e9, cette structure est \u00e0 m\u00eame de contribuer \u00e0 la dynamisation et la promotion du d\u00e9veloppement de la r\u00e9gion, r\u00e9put\u00e9e pour son potentiel touristique et appel\u00e9e \u00e0 devenir \u00ab\u00a0un Hub r\u00e9gional\u00a0\u00bb en accueillant des appareils de gros tonnage, a expliqu\u00e9 le directeur des Transports.<\/p>\n<p class=\"c30\"><img loading=\"lazy\" decoding=\"async\" src=\"\/images\/actualite-photos\/regions\/tour_controle_ghardaia.jpg\" alt=\"\" width=\"400\" height=\"365\"\/><\/p>\n<\/div>\n<p>Auteur:<br \/>\n<a href=\"http:\/\/www.aps.dz\/regions\/99013-ghardaia-la-nouvelle-tour-de-controle-de-l-aeroport-moufdi-zakaria-operationnelle\">Cliquez ici pour lire l&rsquo;article depuis sa source.<\/a><\/p>\n","protected":false},"excerpt":{"rendered":"<p>GHARDAIA &#8211; La nouvelle tour de contr\u00f4le aux normes universelles de l&rsquo;a\u00e9roport international \u00ab\u00a0Moufdi Zakaria\u00a0\u00bb de Gharda\u00efa est op\u00e9rationnelle, a-t-on appris lundi aupr\u00e8s de la direction des Transports de la wilaya. La mise en service de la nouvelle structure a\u00e9roportuaire, dot\u00e9e d&rsquo;\u00e9quipements technologiques de derni\u00e8re g\u00e9n\u00e9ration, permet d&rsquo;assurer une meilleure s\u00e9curit\u00e9 du trafic a\u00e9rien et [&hellip;]<\/p>\n","protected":false},"author":1790,"featured_media":70378,"comment_status":"closed","ping_status":"closed","sticky":false,"template":"","format":"standard","meta":{"fifu_image_url":"","fifu_image_alt":"","footnotes":""},"categories":[53,76],"tags":[],"class_list":["post-70377","post","type-post","status-publish","format-standard","has-post-thumbnail","hentry","category-algerie","category-regions"],"_links":{"self":[{"href":"https:\/\/linitiative.ca\/International\/wp-json\/wp\/v2\/posts\/70377","targetHints":{"allow":["GET"]}}],"collection":[{"href":"https:\/\/linitiative.ca\/International\/wp-json\/wp\/v2\/posts"}],"about":[{"href":"https:\/\/linitiative.ca\/International\/wp-json\/wp\/v2\/types\/post"}],"author":[{"embeddable":true,"href":"https:\/\/linitiative.ca\/International\/wp-json\/wp\/v2\/users\/1790"}],"replies":[{"embeddable":true,"href":"https:\/\/linitiative.ca\/International\/wp-json\/wp\/v2\/comments?post=70377"}],"version-history":[{"count":0,"href":"https:\/\/linitiative.ca\/International\/wp-json\/wp\/v2\/posts\/70377\/revisions"}],"wp:featuredmedia":[{"embeddable":true,"href":"https:\/\/linitiative.ca\/International\/wp-json\/"}],"wp:attachment":[{"href":"https:\/\/linitiative.ca\/International\/wp-json\/wp\/v2\/media?parent=70377"}],"wp:term":[{"taxonomy":"category","embeddable":true,"href":"https:\/\/linitiative.ca\/International\/wp-json\/wp\/v2\/categories?post=70377"},{"taxonomy":"post_tag","embeddable":true,"href":"https:\/\/linitiative.ca\/International\/wp-json\/wp\/v2\/tags?post=70377"}],"curies":[{"name":"wp","href":"https:\/\/api.w.org\/{rel}","templated":true}]}}