{"id":70380,"date":"2019-12-16T08:26:58","date_gmt":"2019-12-16T13:26:58","guid":{"rendered":"https:\/\/linitiative.ca\/International\/cerealiculture-a-medea-63-de-la-superficie-programmee-deja-emblavee\/"},"modified":"2019-12-16T08:26:58","modified_gmt":"2019-12-16T13:26:58","slug":"cerealiculture-a-medea-63-de-la-superficie-programmee-deja-emblavee","status":"publish","type":"post","link":"https:\/\/linitiative.ca\/International\/cerealiculture-a-medea-63-de-la-superficie-programmee-deja-emblavee\/","title":{"rendered":"C\u00e9r\u00e9aliculture \u00e0 M\u00e9d\u00e9a : 63 % de la superficie programm\u00e9e d\u00e9j\u00e0 emblav\u00e9e"},"content":{"rendered":"<div readability=\"41\">\n<p><strong>MEDEA- Pas moins de 63 % de la superficie destin\u00e9e aux cultures c\u00e9r\u00e9ali\u00e8res a \u00e9t\u00e9 emblav\u00e9e, \u00e0 ce jour, dans la wilaya de M\u00e9d\u00e9a, soit l\u2019\u00e9quivalent de plus de 77.000 ha, sur les 123.000 ha trac\u00e9s comme\u00a0objectif, au titre de la campagne labours-semailles 2019\/2020, a-t-on appris aupr\u00e8s de la direction locale des services agricoles (DSA).<\/strong><\/p>\n<\/div>\n<div readability=\"80\">\n<p>En d\u00e9pit du stress hydrique, observ\u00e9 durant le mois d\u2019octobre, les op\u00e9rations d\u2019emblavement entam\u00e9es, durant le mois de novembre, \u00e0 la faveur d\u2019une bonne pluviom\u00e9trie, ont permis de rattraper le retard enregistr\u00e9, en octobre, et r\u00e9aliser le r\u00e9sultat obtenu, jusqu\u2019\u00e0 la mi-d\u00e9cembre, \u00e0 savoir l\u2019emblavement de pas moins de 77474 hectares, dont pr\u00e8s de 50 mille hectares de bl\u00e9 dur, a expliqu\u00e9 Mme Bahia Bahout, chef de service au niveau de la DSA.<\/p>\n<p>Toujours selon cette responsable, l\u2019atteinte de l\u2019objectif d\u2019emblavement des 123 mille hectares programm\u00e9s, d\u00e9pend de l\u2019apport hydrique des mois \u00e0 venir, mais \u00e9galement, de l\u2019implication des c\u00e9r\u00e9aliculteurs dans la mat\u00e9rialisation de cet objectif, d\u2019autant que toutes les facilit\u00e9s et les<\/p>\n<p>conditions, mat\u00e9rielles ou autres, ont \u00e9t\u00e9 mises \u00e0 leurs dispositions, avant l\u2019entame de la campagne.<\/p>\n<p>Le gros de la dite superficie est r\u00e9serv\u00e9e, en rappelle la m\u00eame source, au bl\u00e9 dur, que beaucoup de c\u00e9r\u00e9aliculteurs privil\u00e9gient pour des raisons p\u00e9cuniaire, avec une surface de 77 mille hectares, l\u2019orge, 33 mille hectares, le bl\u00e9 tendre, 8 mille hectares, et, enfin, l\u2019avoine, avec 5 mille hectares.<\/p>\n<\/div>\n<p>Auteur:<br \/>\n<a href=\"http:\/\/www.aps.dz\/regions\/99024-cerealiculture-a-medea-63-de-la-superficie-programmee-deja-emblavee\">Cliquez ici pour lire l&rsquo;article depuis sa source.<\/a><\/p>\n","protected":false},"excerpt":{"rendered":"<p>MEDEA- Pas moins de 63 % de la superficie destin\u00e9e aux cultures c\u00e9r\u00e9ali\u00e8res a \u00e9t\u00e9 emblav\u00e9e, \u00e0 ce jour, dans la wilaya de M\u00e9d\u00e9a, soit l\u2019\u00e9quivalent de plus de 77.000 ha, sur les 123.000 ha trac\u00e9s comme\u00a0objectif, au titre de la campagne labours-semailles 2019\/2020, a-t-on appris aupr\u00e8s de la direction locale des services agricoles (DSA). [&hellip;]<\/p>\n","protected":false},"author":1790,"featured_media":0,"comment_status":"closed","ping_status":"closed","sticky":false,"template":"","format":"standard","meta":{"fifu_image_url":"","fifu_image_alt":"","footnotes":""},"categories":[53,76],"tags":[],"class_list":["post-70380","post","type-post","status-publish","format-standard","hentry","category-algerie","category-regions"],"_links":{"self":[{"href":"https:\/\/linitiative.ca\/International\/wp-json\/wp\/v2\/posts\/70380","targetHints":{"allow":["GET"]}}],"collection":[{"href":"https:\/\/linitiative.ca\/International\/wp-json\/wp\/v2\/posts"}],"about":[{"href":"https:\/\/linitiative.ca\/International\/wp-json\/wp\/v2\/types\/post"}],"author":[{"embeddable":true,"href":"https:\/\/linitiative.ca\/International\/wp-json\/wp\/v2\/users\/1790"}],"replies":[{"embeddable":true,"href":"https:\/\/linitiative.ca\/International\/wp-json\/wp\/v2\/comments?post=70380"}],"version-history":[{"count":0,"href":"https:\/\/linitiative.ca\/International\/wp-json\/wp\/v2\/posts\/70380\/revisions"}],"wp:attachment":[{"href":"https:\/\/linitiative.ca\/International\/wp-json\/wp\/v2\/media?parent=70380"}],"wp:term":[{"taxonomy":"category","embeddable":true,"href":"https:\/\/linitiative.ca\/International\/wp-json\/wp\/v2\/categories?post=70380"},{"taxonomy":"post_tag","embeddable":true,"href":"https:\/\/linitiative.ca\/International\/wp-json\/wp\/v2\/tags?post=70380"}],"curies":[{"name":"wp","href":"https:\/\/api.w.org\/{rel}","templated":true}]}}