{"id":70382,"date":"2019-12-16T05:01:00","date_gmt":"2019-12-16T10:01:00","guid":{"rendered":"https:\/\/linitiative.ca\/International\/casablanca-dakar-lagos-addis-abeba-cape-town-marrakech-quand-le-reve-touche-la-realite\/"},"modified":"2019-12-16T05:01:00","modified_gmt":"2019-12-16T10:01:00","slug":"casablanca-dakar-lagos-addis-abeba-cape-town-marrakech-quand-le-reve-touche-la-realite","status":"publish","type":"post","link":"https:\/\/linitiative.ca\/International\/casablanca-dakar-lagos-addis-abeba-cape-town-marrakech-quand-le-reve-touche-la-realite\/","title":{"rendered":"Casablanca\/Dakar\/Lagos\/Addis Abeba\/Cape Town\/Marrakech:  Quand le r\u00eave touche la r\u00e9alit\u00e9"},"content":{"rendered":"<div class=\"dnd-atom-wrapper type-image context-sdl_editor_representation atom-align-right\" contenteditable=\"false\" readability=\"34\">\n<div class=\"dnd-drop-wrapper image\"><img loading=\"lazy\" decoding=\"async\" typeof=\"foaf:Image\" class=\"img-responsive\" src=\"https:\/\/www.leconomiste.com\/sites\/default\/files\/eco7\/public\/thumbnails\/image\/fihr-kettani-054.jpg\" width=\"397\" height=\"230\" alt=\"fihr-kettani-054.jpg\" title=\"fihr-kettani-054.jpg\"\/><\/div>\n<div class=\"dnd-legend-wrapper\" contenteditable=\"true\" readability=\"13\">\n<p class=\"rtejustify\">Fihr Kettani, \u00e0 la t\u00eate d\u2019une \u00e9cole des arts vivants, d\u2019une galerie, d\u2019une maison de vente aux ench\u00e8res et d\u2019une agence d\u2019\u00e9v\u00e8nementiel culturel. Il\u00a0 est \u00e9galement le secr\u00e9taire g\u00e9n\u00e9ral de la FDCCA et membre actif de la F\u00e9d\u00e9ration des industries cr\u00e9atives et culturelles de la CGEM <em>(Ph. DR)<\/em><\/p>\n<\/div>\n<\/div>\n<p class=\"rtejustify\">V\u00e9ritable architecte du projet, Fihr Kettani est le secr\u00e9taire g\u00e9n\u00e9ral de la Fondation pour le d\u00e9veloppement de la culture contemporaine africaine (FDCCA), initiatrice et productrice de l\u2019exposition \u00abPr\u00eate-moi ton r\u00eave\u00bb.\u00a0<\/p>\n<p class=\"rtejustify\">L\u2019exposition qui fait escale \u00e0 Dakar du 6 d\u00e9cembre 2019 au 28 janvier 2020, apr\u00e8s Casablanca, ambitionne de continuer son itin\u00e9rance \u00e0 travers d\u2019autres capitales africaines. Prochaines \u00e9tapes: Abidjan, Lagos, Addis Abeba, Cape Town et enfin Marrakech. Retour sur une op\u00e9ration aussi ambitieuse que complexe avec le secr\u00e9taire g\u00e9n\u00e9ral de la FDCCA.<\/p>\n<p class=\"rtejustify\"><strong>&#8211;\u00a0 L\u2019Economiste: L\u2019exposition \u00abPr\u00eate-moi ton r\u00eave\u00bb arrive \u00e0 Dakar, apr\u00e8s Casablanca, et confirme sa vocation itin\u00e9rante. Quelle a \u00e9t\u00e9 la gen\u00e8se d\u2019un tel projet?<br \/>&#8211;\u00a0 Fihr Kettani:<\/strong> L\u2019id\u00e9e a commenc\u00e9 par notre envie \u00e0 la galerie 38 \u00e0 Casablanca de recevoir Abdoulaye Konat\u00e9. J\u2019ai toujours r\u00eav\u00e9 de le recevoir, non seulement parce que\u00a0 c\u2019est un immense artiste, mais aussi parce que j\u2019ai des liens particuliers avec le Mali, mon p\u00e8re \u00e9tant n\u00e9 \u00e0 Tombouctou. Pendant les pr\u00e9paratifs de l\u2019exposition, Abdoulaye nous a pr\u00e9sent\u00e9 plusieurs de ses amis artistes, notamment Bartelemy Togo, Soly Ciss\u00e9, Ky Siriky\u2026 Tous, comme lui, tr\u00e8s connus au niveau international. Nous avons \u00e9galement rencontr\u00e9 Yacouba Konat\u00e9, le directeur du MASA, le march\u00e9 des arts du spectacle d\u2019Abidjan et tr\u00e8s proche du monde de l\u2019art contemporain. Lors d\u2019un d\u00eener, la discussion tournait autour de la frustration des artistes,\u00a0 par rapport au fait que malgr\u00e9 leur succ\u00e8s \u00e0 l\u2019international, ils soient si peu connus chez eux, en Afrique. C\u2019est alors que Mohammed Chaoui a lanc\u00e9 cette id\u00e9e un peu folle, de r\u00e9unir la dream-team de l\u2019art africain en r\u00e9sidence \u00e0\u00a0 Casablanca pour une exposition qui fera le tour des capitales africaines.<\/p>\n<p class=\"rtejustify\"><strong>&#8211; Entre le r\u00eave et la r\u00e9alit\u00e9, quelles ont \u00e9t\u00e9 les contraintes?<\/strong><br \/>&#8211;\u00a0 La v\u00e9rit\u00e9 c\u2019est que nous sommes tomb\u00e9s sur une \u00e9quipe formidable et pleine de bonne volont\u00e9. Yacouba Konat\u00e9 (co-commissaire de l\u2019exposition, ndlr) est un homme d\u2019une sensibilit\u00e9 artistique extraordinaire, mais il est \u00e9galement un entrepreneur en art, puisqu\u2019il g\u00e8re le MASA. Abdoulaye Konat\u00e9, de son c\u00f4t\u00e9, est tr\u00e8s sage et c\u2019est surtout un homme f\u00e9d\u00e9rateur tr\u00e8s \u00e9cout\u00e9 par les autres artistes. Nous avons eu beaucoup de chance de rencontrer des personnes qui nous ont ouvert cette possibilit\u00e9, que nous avons saisi et nous avons commenc\u00e9 \u00e0 \u00e9crire cette histoire. Tr\u00e8s vite l\u2019id\u00e9e de cr\u00e9er une association s\u2019est impos\u00e9e pour pouvoir lever des fonds. Nous avons v\u00e9cu des moments inoubliables et des \u00e9changes incroyables \u00e0 chaque fois qu\u2019un grand artiste acceptait de rejoindre l\u2019aventure.<\/p>\n<div class=\"dnd-atom-wrapper type-image context-sdl_editor_representation\" contenteditable=\"false\" readability=\"34\">\n<div class=\"dnd-drop-wrapper image\"><img loading=\"lazy\" decoding=\"async\" typeof=\"foaf:Image\" class=\"img-responsive\" src=\"https:\/\/www.leconomiste.com\/sites\/default\/files\/eco7\/public\/thumbnails\/image\/dakar-exposition-prete-moi-ton-reve-054.jpg\" width=\"660\" height=\"330\" alt=\"dakar-exposition-prete-moi-ton-reve-054.jpg\" title=\"dakar-exposition-prete-moi-ton-reve-054.jpg\"\/><\/div>\n<div class=\"dnd-legend-wrapper\" contenteditable=\"true\" readability=\"13\">\n<p class=\"rtejustify\">Inauguration \u00e0 Dakar de l\u2019exposition \u00abPr\u00eate-moi ton r\u00eave\u00bb.\u00a0 De gauche \u00e0 droite: Abdoulaye Diop, ministre de la culture du S\u00e9n\u00e9gal, Fihr Kettani SG de la FDCCA, Ismail Azennar, SG adjoint de la FDCCA et Taleb Barrada ambassadeur du Maroc au S\u00e9n\u00e9gal <em>(Ph. Tour\u00e9 Behan)<\/em><\/p>\n<\/div>\n<\/div>\n<p class=\"rtejustify\"><strong>&#8211; On se dit souvent que les \u00e9changes interafricains sont complexes, que la mobilit\u00e9 est tr\u00e8s difficile\u2026 qu\u2019en est-il pour ce projet?<\/strong><br \/>&#8211;\u00a0 Il y a effectivement cette r\u00e9putation de difficult\u00e9 que je ne peux ni infirmer ni confirmer aujourd\u2019hui, c\u2019est trop t\u00f4t. Tout ce que je peux vous dire c\u2019est que l\u2019exp\u00e9rience Casablanca\/Dakar a \u00e9t\u00e9 tr\u00e8s positive. Nous avons opt\u00e9 pour le transport maritime pour les \u0153uvres, et tout s\u2019est tr\u00e8s bien pass\u00e9. Nous n\u2019avons eu aucune difficult\u00e9 administrative pour le transit temporaire et nous avons travaill\u00e9 dans une grande fluidit\u00e9. Pour l\u2019instant je vous dirai que tout va bien.<\/p>\n<p class=\"rtejustify\"><strong>&#8211; Quel est le co\u00fbt d\u2019une telle op\u00e9ration?<\/strong><br \/>&#8211; Cela co\u00fbte tr\u00e8s cher malheureusement et il est tr\u00e8s difficile d\u2019obtenir des fonds suffisants. La premi\u00e8re phase de Casablanca est particuli\u00e8re puisqu\u2019elle inclut les r\u00e9sidences d\u2019artistes et la production. Nous \u00e9tions sur un budget aux alentours de 4 \u00e0 5 millions de DH. Il faut\u00a0 ajouter \u00e0 cela une moyenne de 2 millions de DH par \u00e9tape, mais l\u2019\u00e9tape sud africaine, si nous arrivons \u00e0 la r\u00e9aliser, co\u00fbtera quasiment le double, compte tenu des distances et autres contraintes.<\/p>\n<p class=\"rtejustify\"><strong>&#8211; Vous annoncez d\u00e9j\u00e0 la prochaine \u00e9tape qui sera Abidjan. Avez-vous d\u00e9j\u00e0 entam\u00e9 les d\u00e9marches?<\/strong><br \/>&#8211; Nous avons entam\u00e9 les d\u00e9marches pour toutes les \u00e9tapes (Abidjan, Lagos, Addis Abeba, Marrakech, ndlr), mais nous sommes encore tr\u00e8s loin de les avoir valid\u00e9es. La r\u00e9alit\u00e9 c\u2019est que nous fonctionnons \u00e0 vue. Nous\u00a0 sommes tr\u00e8s confiants pour Abidjan, o\u00f9 nous avons trouv\u00e9 beaucoup de relais et de volont\u00e9. Je pense que l\u2019\u00e9tape dakaroise va nous aider \u00e0 convaincre. Dakar est une \u00e9tape tr\u00e8s importante dans notre projet, puisque la promesse commence \u00e0 \u00eatre tenue. Ce que je peux vous dire c\u2019est que d\u00e8s le d\u00e9but de cette aventure, nous nous sommes donn\u00e9 la possibilit\u00e9 d\u2019\u00eatre tr\u00e8s flexibles et tr\u00e8s ouverts. Il ne faut pas oublier que ce projet est multi-facettes, vivant, organique\u2026 avec des expositions et des activit\u00e9s satellites. Il y a beaucoup de projets \u00e0 l\u2019int\u00e9rieur du projet, qui se rajoutent et qui enrichissent. Nous sommes en perp\u00e9tuelle \u00e9volution.<\/p>\n<p class=\"rtejustify\"><em>Propos recueillis par Amine BOUSHABA<\/em><\/p>\n<p>Auteur: hlafriqi<br \/>\n<a href=\"https:\/\/www.leconomiste.com\/article\/1054475-casablanca-dakar-lagos-addis-abeba-cape-town-marrakech-quand-le-reve-touche-la\">Cliquez ici pour lire l&rsquo;article depuis sa source.<\/a><\/p>\n","protected":false},"excerpt":{"rendered":"<p>Fihr Kettani, \u00e0 la t\u00eate d\u2019une \u00e9cole des arts vivants, d\u2019une galerie, d\u2019une maison de vente aux ench\u00e8res et d\u2019une agence d\u2019\u00e9v\u00e8nementiel culturel. Il\u00a0 est \u00e9galement le secr\u00e9taire g\u00e9n\u00e9ral de la FDCCA et membre actif de la F\u00e9d\u00e9ration des industries cr\u00e9atives et culturelles de la CGEM (Ph. DR) V\u00e9ritable architecte du projet, Fihr Kettani est [&hellip;]<\/p>\n","protected":false},"author":1763,"featured_media":70383,"comment_status":"closed","ping_status":"closed","sticky":false,"template":"","format":"standard","meta":{"fifu_image_url":"","fifu_image_alt":"","footnotes":""},"categories":[78,54],"tags":[],"class_list":["post-70382","post","type-post","status-publish","format-standard","has-post-thumbnail","hentry","category-economie","category-maroc"],"_links":{"self":[{"href":"https:\/\/linitiative.ca\/International\/wp-json\/wp\/v2\/posts\/70382","targetHints":{"allow":["GET"]}}],"collection":[{"href":"https:\/\/linitiative.ca\/International\/wp-json\/wp\/v2\/posts"}],"about":[{"href":"https:\/\/linitiative.ca\/International\/wp-json\/wp\/v2\/types\/post"}],"author":[{"embeddable":true,"href":"https:\/\/linitiative.ca\/International\/wp-json\/wp\/v2\/users\/1763"}],"replies":[{"embeddable":true,"href":"https:\/\/linitiative.ca\/International\/wp-json\/wp\/v2\/comments?post=70382"}],"version-history":[{"count":0,"href":"https:\/\/linitiative.ca\/International\/wp-json\/wp\/v2\/posts\/70382\/revisions"}],"wp:featuredmedia":[{"embeddable":true,"href":"https:\/\/linitiative.ca\/International\/wp-json\/"}],"wp:attachment":[{"href":"https:\/\/linitiative.ca\/International\/wp-json\/wp\/v2\/media?parent=70382"}],"wp:term":[{"taxonomy":"category","embeddable":true,"href":"https:\/\/linitiative.ca\/International\/wp-json\/wp\/v2\/categories?post=70382"},{"taxonomy":"post_tag","embeddable":true,"href":"https:\/\/linitiative.ca\/International\/wp-json\/wp\/v2\/tags?post=70382"}],"curies":[{"name":"wp","href":"https:\/\/api.w.org\/{rel}","templated":true}]}}