{"id":70384,"date":"2019-12-16T05:02:00","date_gmt":"2019-12-16T10:02:00","guid":{"rendered":"https:\/\/linitiative.ca\/International\/quand-lafrique-decouvre-ses-artistes\/"},"modified":"2019-12-16T05:02:00","modified_gmt":"2019-12-16T10:02:00","slug":"quand-lafrique-decouvre-ses-artistes","status":"publish","type":"post","link":"https:\/\/linitiative.ca\/International\/quand-lafrique-decouvre-ses-artistes\/","title":{"rendered":"Quand l\u2019Afrique d\u00e9couvre ses artistes"},"content":{"rendered":"<p class=\"rtejustify\">Du 6 d\u00e9cembre 2019 au 28 janvier 2020, la capitale s\u00e9n\u00e9galaise propose de d\u00e9couvrir une cinquantaine d\u2019\u0153uvres de 28 artistes africains de renomm\u00e9e internationale \u00e0 travers l\u2019exposition itin\u00e9rante \u00abPr\u00eate-moi ton r\u00eave\u00bb. La manifestation organis\u00e9e par la Fondation pour le d\u00e9veloppement de la culture contemporaine africaine, prendra la route pour, \u00e0 l\u2019issue de cette \u00e9tape qui vient apr\u00e8s celles de Casablanca, Abidjan, Lagos, Addis Abeba, Cape Town pour revenir \u00e0 Marrakech enrichie par toutes ces escales.<\/p>\n<p class=\"rtejustify\"><em>A.BO<\/em><\/p>\n<p class=\"rtejustify\">\u00a0<\/p>\n<p>Auteur: hlafriqi<br \/>\n<a href=\"https:\/\/www.leconomiste.com\/article\/1054477-quand-l-afrique-decouvre-ses-artistes\">Cliquez ici pour lire l&rsquo;article depuis sa source.<\/a><\/p>\n","protected":false},"excerpt":{"rendered":"<p>Du 6 d\u00e9cembre 2019 au 28 janvier 2020, la capitale s\u00e9n\u00e9galaise propose de d\u00e9couvrir une cinquantaine d\u2019\u0153uvres de 28 artistes africains de renomm\u00e9e internationale \u00e0 travers l\u2019exposition itin\u00e9rante \u00abPr\u00eate-moi ton r\u00eave\u00bb. La manifestation organis\u00e9e par la Fondation pour le d\u00e9veloppement de la culture contemporaine africaine, prendra la route pour, \u00e0 l\u2019issue de cette \u00e9tape qui [&hellip;]<\/p>\n","protected":false},"author":1763,"featured_media":0,"comment_status":"closed","ping_status":"closed","sticky":false,"template":"","format":"standard","meta":{"fifu_image_url":"","fifu_image_alt":"","footnotes":""},"categories":[78,54],"tags":[],"class_list":["post-70384","post","type-post","status-publish","format-standard","hentry","category-economie","category-maroc"],"_links":{"self":[{"href":"https:\/\/linitiative.ca\/International\/wp-json\/wp\/v2\/posts\/70384","targetHints":{"allow":["GET"]}}],"collection":[{"href":"https:\/\/linitiative.ca\/International\/wp-json\/wp\/v2\/posts"}],"about":[{"href":"https:\/\/linitiative.ca\/International\/wp-json\/wp\/v2\/types\/post"}],"author":[{"embeddable":true,"href":"https:\/\/linitiative.ca\/International\/wp-json\/wp\/v2\/users\/1763"}],"replies":[{"embeddable":true,"href":"https:\/\/linitiative.ca\/International\/wp-json\/wp\/v2\/comments?post=70384"}],"version-history":[{"count":0,"href":"https:\/\/linitiative.ca\/International\/wp-json\/wp\/v2\/posts\/70384\/revisions"}],"wp:attachment":[{"href":"https:\/\/linitiative.ca\/International\/wp-json\/wp\/v2\/media?parent=70384"}],"wp:term":[{"taxonomy":"category","embeddable":true,"href":"https:\/\/linitiative.ca\/International\/wp-json\/wp\/v2\/categories?post=70384"},{"taxonomy":"post_tag","embeddable":true,"href":"https:\/\/linitiative.ca\/International\/wp-json\/wp\/v2\/tags?post=70384"}],"curies":[{"name":"wp","href":"https:\/\/api.w.org\/{rel}","templated":true}]}}