{"id":70385,"date":"2019-12-16T05:15:00","date_gmt":"2019-12-16T10:15:00","guid":{"rendered":"https:\/\/linitiative.ca\/International\/omar-barrada-de-lenergie-a-la-matiere\/"},"modified":"2019-12-16T05:15:00","modified_gmt":"2019-12-16T10:15:00","slug":"omar-barrada-de-lenergie-a-la-matiere","status":"publish","type":"post","link":"https:\/\/linitiative.ca\/International\/omar-barrada-de-lenergie-a-la-matiere\/","title":{"rendered":"Omar Barrada, de l\u2019\u00e9nergie \u00e0 la mati\u00e8re"},"content":{"rendered":"<div readability=\"36\">\n<p>Une premi\u00e8re exposition de l\u2019artiste, entre sculpture et peinture<\/p>\n<p>Des \u0153uvres d\u2019une abstraction puissante, presque magn\u00e9tique<\/p>\n<\/div>\n<div readability=\"105\">\n<div class=\"dnd-atom-wrapper type-image context-sdl_editor_representation atom-align-right\" contenteditable=\"false\" readability=\"33.5\">\n<div class=\"dnd-drop-wrapper image\"><img loading=\"lazy\" decoding=\"async\" typeof=\"foaf:Image\" class=\"img-responsive\" src=\"https:\/\/www.leconomiste.com\/sites\/default\/files\/eco7\/public\/thumbnails\/image\/omar-barrada-054.jpg\" width=\"425\" height=\"278\" alt=\"omar-barrada-054.jpg\" title=\"omar-barrada-054.jpg\"\/><\/div>\n<div class=\"dnd-legend-wrapper\" contenteditable=\"true\" readability=\"12\">\n<p class=\"rtejustify\">Un rapport \u00e0 la mati\u00e8re quasi industriel que Omar Barrada forge dans une fusion entre sculpture et peinture. On devine le geste laborieux, presque violent, instinctif, aussi puissant que les forces de la nature <em>(Ph. Omar Barrada)<\/em><\/p>\n<\/div>\n<\/div>\n<p class=\"rtejustify\">Dompter la mati\u00e8re tout en se laissant guider et surprendre par elle. C\u2019est le d\u00e9fi que s\u2019est lanc\u00e9 l\u2019artiste peintre Omar Barrada, dans son premier solo show \u00e0 Casablanca. Une exposition retra\u00e7ant une s\u00e9rie d\u2019\u0153uvres sobrement intitul\u00e9e \u00abIntuition\u00bb, o\u00f9 m\u00e9tal, bois, cuir, r\u00e9sine, cristaux et autres mat\u00e9riaux s\u2019imposent \u00e0 travers leurs contraintes. Des mati\u00e8res que l\u2019artiste emprunte \u00e0 d\u2019autres disciplines, exerc\u00e9es auparavant, tels que la mode et le design.<\/p>\n<p class=\"rtejustify\">Un rapport \u00e0 la mati\u00e8re quasi industriel que Omar Barrada forge dans une fusion entre sculpture et peinture. On devine le geste laborieux, presque violent, instinctif, aussi puissant que les forces de la nature. Tout commence par le ciselage d\u2019un lit d\u2019aluminium aux contours et formes primaires, \u00able reste est une aventure pleine de surprise\u00bb pr\u00e9cise l\u2019artiste.<\/p>\n<p class=\"rtejustify\">\u00abJ\u2019explore et je puise au fond de moi-m\u00eame, afin de raconter une histoire: celle des origines de la vie, celle des \u00eatres vivants dans toutes leurs formes. Mon intuition, mon instinct m\u00eame, sont ce qui me permet d\u2019effectuer ce voyage et de retranscrire ce qui d\u00e9finit l\u2019existant: sa structure intrins\u00e8que, des mouvements incessants, des flux, des expansions et des contractions, l\u2019\u00e9nergie, la lumi\u00e8re, les couleurs et les formes, l\u2019infini dans son immensit\u00e9 comme dans sa petitesse; des \u00e9motions\u2026\u00bb.<\/p>\n<div class=\"dnd-atom-wrapper type-image context-sdl_editor_representation atom-align-right\" contenteditable=\"false\" readability=\"32.5\">\n<div class=\"dnd-drop-wrapper image\"><img loading=\"lazy\" decoding=\"async\" typeof=\"foaf:Image\" class=\"img-responsive\" src=\"https:\/\/www.leconomiste.com\/sites\/default\/files\/eco7\/public\/thumbnails\/image\/omar-barrada-oevres-054.jpg\" width=\"397\" height=\"384\" alt=\"omar-barrada-oevres-054.jpg\" title=\"omar-barrada-oevres-054.jpg\"\/><\/div>\n<div class=\"dnd-legend-wrapper\" contenteditable=\"true\" readability=\"10\">\n<p class=\"rtejustify\">Des \u0153uvres d\u2019une abstraction puissante, presque magn\u00e9tique, issues de la confrontation entre l\u2019\u00e9nergie cr\u00e9ative de l\u2019artiste et la mati\u00e8re <em>(Ph. Omar Barrada)<\/em><\/p>\n<\/div>\n<\/div>\n<p class=\"rtejustify\">Flux, superpositions, fusions, additions\u2026 les formes se font de plus en plus complexes au gr\u00e9 des exp\u00e9riences, guid\u00e9es par l\u2019inspiration. R\u00e9sultat des \u0153uvres d\u2019une abstraction puissante, presque magn\u00e9tique, issue de la confrontation entre l\u2019\u00e9nergie cr\u00e9ative de l\u2019artiste et la mati\u00e8re.<\/p>\n<p class=\"rtejustify\">\u00abLe mot intuition r\u00e9sume assez bien, \u00e0 mon avis, la nature de cette immixtion dans le processus qui a men\u00e9 \u00e0 la r\u00e9alisation de celles-ci\u00bb pr\u00e9cise Barrada. Artiste autodidacte, Omar Barrada avoue avoir toujours eu une fibre artistique tr\u00e8s prononc\u00e9e.<\/p>\n<p class=\"rtejustify\">Une fibre qui a d\u00fb rester en marge, ne s\u2019exprimant qu\u2019\u00e0 l\u2019occasion de certaines occasions mineures. Ayant suivi un parcours acad\u00e9mique classique qui a abouti en \u00e9cole de commerce, Barrada n\u2019aura jamais \u00e9t\u00e9 r\u00e9ellement combl\u00e9 par ses premi\u00e8res exp\u00e9riences professionnelles.\u00a0<\/p>\n<p class=\"rtejustify\">Un premier virage a \u00e9t\u00e9 pris au cours de multiples collaborations professionnelles avec diff\u00e9rents artistes et des designers dans des domaines vari\u00e9s, notamment dans une entreprise de maroquinerie orient\u00e9e vers l\u2019export pour le compte de grands noms de la mode, mais aussi dans la joaillerie et la d\u00e9coration.<\/p>\n<p class=\"rtejustify\">Renouant avec la fibre artistique, l\u2019artiste ressent le besoin d\u2019exprimer plus librement sa cr\u00e9ativit\u00e9. Il entreprend alors de travailler sur cette premi\u00e8re collection, qui est un miroir de ce qui le fait intrins\u00e8quement vibrer.<\/p>\n<p class=\"rtejustify\"><em>A.Bo.<\/em><\/p>\n<p class=\"rtejustify\">\u00a0<\/p>\n<\/div>\n<p>Auteur: hlafriqi<br \/>\n<a href=\"https:\/\/www.leconomiste.com\/article\/1054478-omar-barrada-de-l-energie-la-matiere\">Cliquez ici pour lire l&rsquo;article depuis sa source.<\/a><\/p>\n","protected":false},"excerpt":{"rendered":"<p>Une premi\u00e8re exposition de l\u2019artiste, entre sculpture et peinture Des \u0153uvres d\u2019une abstraction puissante, presque magn\u00e9tique Un rapport \u00e0 la mati\u00e8re quasi industriel que Omar Barrada forge dans une fusion entre sculpture et peinture. On devine le geste laborieux, presque violent, instinctif, aussi puissant que les forces de la nature (Ph. Omar Barrada) Dompter la [&hellip;]<\/p>\n","protected":false},"author":1763,"featured_media":70386,"comment_status":"closed","ping_status":"closed","sticky":false,"template":"","format":"standard","meta":{"fifu_image_url":"","fifu_image_alt":"","footnotes":""},"categories":[78,54],"tags":[],"class_list":["post-70385","post","type-post","status-publish","format-standard","has-post-thumbnail","hentry","category-economie","category-maroc"],"_links":{"self":[{"href":"https:\/\/linitiative.ca\/International\/wp-json\/wp\/v2\/posts\/70385","targetHints":{"allow":["GET"]}}],"collection":[{"href":"https:\/\/linitiative.ca\/International\/wp-json\/wp\/v2\/posts"}],"about":[{"href":"https:\/\/linitiative.ca\/International\/wp-json\/wp\/v2\/types\/post"}],"author":[{"embeddable":true,"href":"https:\/\/linitiative.ca\/International\/wp-json\/wp\/v2\/users\/1763"}],"replies":[{"embeddable":true,"href":"https:\/\/linitiative.ca\/International\/wp-json\/wp\/v2\/comments?post=70385"}],"version-history":[{"count":0,"href":"https:\/\/linitiative.ca\/International\/wp-json\/wp\/v2\/posts\/70385\/revisions"}],"wp:featuredmedia":[{"embeddable":true,"href":"https:\/\/linitiative.ca\/International\/wp-json\/"}],"wp:attachment":[{"href":"https:\/\/linitiative.ca\/International\/wp-json\/wp\/v2\/media?parent=70385"}],"wp:term":[{"taxonomy":"category","embeddable":true,"href":"https:\/\/linitiative.ca\/International\/wp-json\/wp\/v2\/categories?post=70385"},{"taxonomy":"post_tag","embeddable":true,"href":"https:\/\/linitiative.ca\/International\/wp-json\/wp\/v2\/tags?post=70385"}],"curies":[{"name":"wp","href":"https:\/\/api.w.org\/{rel}","templated":true}]}}