{"id":70387,"date":"2019-12-16T05:30:00","date_gmt":"2019-12-16T10:30:00","guid":{"rendered":"https:\/\/linitiative.ca\/International\/un-programme-pour-faire-progresser-la-paternite\/"},"modified":"2019-12-16T05:30:00","modified_gmt":"2019-12-16T10:30:00","slug":"un-programme-pour-faire-progresser-la-paternite","status":"publish","type":"post","link":"https:\/\/linitiative.ca\/International\/un-programme-pour-faire-progresser-la-paternite\/","title":{"rendered":"Un programme pour faire progresser la paternit\u00e9"},"content":{"rendered":"<div readability=\"35\">\n<p>La campagne mondiale \u00abMenCare\u00bb a tenu sa 3e r\u00e9union \u00e0 Rabat<\/p>\n<p>Meilleure \u00e9ducation des enfants, r\u00e9duction des violences conjugales\u2026 les b\u00e9n\u00e9fices<\/p>\n<\/div>\n<div readability=\"86\">\n<div class=\"dnd-atom-wrapper type-image context-sdl_editor_representation\" contenteditable=\"false\" readability=\"32\">\n<div class=\"dnd-drop-wrapper image\"><img loading=\"lazy\" decoding=\"async\" typeof=\"foaf:Image\" class=\"img-responsive\" src=\"https:\/\/www.leconomiste.com\/sites\/default\/files\/eco7\/public\/thumbnails\/image\/paternite-054.jpg\" width=\"660\" height=\"330\" alt=\"paternite-054.jpg\" title=\"paternite-054.jpg\"\/><\/div>\n<div class=\"dnd-legend-wrapper\" contenteditable=\"true\" readability=\"9\">\n<p class=\"rtejustify\">Les 150 partenaires lors de la rencontre ont pu pr\u00e9senter des actions concr\u00e8tes \u00e0 mettre en \u0153uvre pour am\u00e9liorer l\u2019implication des p\u00e8res dans la vie familiale\u00a0 et d\u2019agir par la m\u00eame occasion en faveur de l\u2019\u00e9galit\u00e9 des sexes<\/p>\n<\/div>\n<\/div>\n<p class=\"rtejustify\">Impliquer davantage les p\u00e8res dans leur vie de famille et faire avancer par la m\u00eame occasion l\u2019\u00e9galit\u00e9 des sexes. C\u2019est dans cette optique que MenCare, campagne internationale pour la paternit\u00e9, vient de tenir sa troisi\u00e8me r\u00e9union mondiale \u00e0 Rabat. L\u2019occasion de lancer un programme commun qui impactera aussi bien la vie des couples concern\u00e9s que l\u2019\u00e9ducation de leurs enfants.<\/p>\n<p class=\"rtejustify\">Une rencontre \u00e0 laquelle ont pris part plus de 150 partenaires de l\u2019initiative (provenant de plus d\u2019une quarantaine de pays diff\u00e9rents) et qui a permis de sensibiliser donateurs et organisations de la soci\u00e9t\u00e9 civile sur l\u2019importance du mod\u00e8le masculin dans les soins prodigu\u00e9s aux enfants au sein d\u2019un foyer. En effet, aussi bien en mati\u00e8re de marque d\u2019affection que de temps pass\u00e9 avec sa prog\u00e9niture, l\u2019homme se doit de participer de mani\u00e8re \u00e9gale au travail domestique.<\/p>\n<p class=\"rtejustify\">Un moyen de pr\u00e9server la sant\u00e9 des femmes, mais aussi d\u2019aboutir \u00e0 des relations de couple plus solides tout en r\u00e9duisant la violence intra-conjugale. Une paternit\u00e9 engag\u00e9e qui impacte \u00e9galement sensiblement la personnalit\u00e9 et les croyances des gar\u00e7ons et des filles.<\/p>\n<p class=\"rtejustify\">\u00abDes soins ad\u00e9quats et attentionn\u00e9s sont essentiels au d\u00e9veloppement de l\u2019enfant et contribuent de mani\u00e8re importante \u00e0 la soci\u00e9t\u00e9 et \u00e0 la paix. Partager le travail de garde entre la m\u00e8re et le p\u00e8re est b\u00e9n\u00e9fique non seulement pour les enfants, mais \u00e9galement pour les hommes et les femmes, car il favorise l\u2019\u00e9galit\u00e9 des sexes et des familles en meilleure sant\u00e9\u00bb, confie ainsi la pr\u00e9sidente de Make Mothers Matter (MMM) Anne-Claire de Liedekerke.<\/p>\n<p class=\"rtejustify\">Une absence paternelle ne r\u00e9sultant pas forc\u00e9ment d\u2019un manque de volont\u00e9. En effet, d\u2019autres facteurs, tels que des cong\u00e9s de paternit\u00e9 non r\u00e9mun\u00e9r\u00e9s, ou encore la perception de la soci\u00e9t\u00e9, sont \u00e9galement\u00a0 \u00e0 l\u2019origine du probl\u00e8me. \u00abQue ce soit pour s\u2019occuper de jeunes enfants ou de membres \u00e2g\u00e9s de la famille, le travail de garde continue d\u2019\u00eatre largement consid\u00e9r\u00e9 comme un travail de femme\u00bb, souligne le pr\u00e9sident et chef de direction de Promundo Gary Barker.<\/p>\n<p class=\"rtejustify\">Concr\u00e8tement, la r\u00e9union a permis dans un premier temps d\u2019\u00e9laborer un agenda de plaidoyer commun aux participants. Des actions qui seront n\u00e9anmoins men\u00e9es sur le terrain \u00e0 des intervalles de temps et dans des proportions diff\u00e9rentes en fonction des r\u00e9alit\u00e9s de chaque environnement.<\/p>\n<p class=\"rtejustify\">Autre avanc\u00e9e obtenue et non des moindres, la promesse de l\u2019organisation fran\u00e7aise Quartiers du Monde de d\u00e9velopper le programme P au Maroc. Un manuel de bonnes pratiques destin\u00e9 aux p\u00e8res pour am\u00e9liorer leur paternit\u00e9 au sein de leur famille et \u00e9riger des relations \u00e9galitaires.<\/p>\n<p class=\"rtejustify\">Enfin, la manifestation \u00e9tait aussi l\u2019occasion de partager des donn\u00e9es factuelles strat\u00e9giques sur les origines et les cons\u00e9quences du ph\u00e9nom\u00e8ne. Ainsi, l\u2019une des \u00e9tudes mondiales\u00a0 partag\u00e9es r\u00e9v\u00e9lait que les hommes t\u00e9moins de la violence de leur p\u00e8re contre leur m\u00e8re avaient 2,5 fois plus de risques de recourir \u00e0 la violence contre leur partenaire \u00e0 leur tour.<\/p>\n<p class=\"rtejustify\"><em>Karim AGOUMI<\/em><\/p>\n<p class=\"rtejustify\">\u00a0<\/p>\n<p class=\"rtejustify\">\u00a0<\/p>\n<p class=\"rtejustify\">\u00a0<\/p>\n<p class=\"rtejustify\">\u00a0<\/p>\n<p class=\"rtejustify\">\u00a0<\/p>\n<p class=\"rtejustify\">\u00a0<\/p>\n<\/div>\n<p>Auteur: hlafriqi<br \/>\n<a href=\"https:\/\/www.leconomiste.com\/article\/1054479-un-programme-pour-faire-progresser-la-paternite\">Cliquez ici pour lire l&rsquo;article depuis sa source.<\/a><\/p>\n","protected":false},"excerpt":{"rendered":"<p>La campagne mondiale \u00abMenCare\u00bb a tenu sa 3e r\u00e9union \u00e0 Rabat Meilleure \u00e9ducation des enfants, r\u00e9duction des violences conjugales\u2026 les b\u00e9n\u00e9fices Les 150 partenaires lors de la rencontre ont pu pr\u00e9senter des actions concr\u00e8tes \u00e0 mettre en \u0153uvre pour am\u00e9liorer l\u2019implication des p\u00e8res dans la vie familiale\u00a0 et d\u2019agir par la m\u00eame occasion en faveur [&hellip;]<\/p>\n","protected":false},"author":1763,"featured_media":70388,"comment_status":"closed","ping_status":"closed","sticky":false,"template":"","format":"standard","meta":{"fifu_image_url":"","fifu_image_alt":"","footnotes":""},"categories":[78,54],"tags":[],"class_list":["post-70387","post","type-post","status-publish","format-standard","has-post-thumbnail","hentry","category-economie","category-maroc"],"_links":{"self":[{"href":"https:\/\/linitiative.ca\/International\/wp-json\/wp\/v2\/posts\/70387","targetHints":{"allow":["GET"]}}],"collection":[{"href":"https:\/\/linitiative.ca\/International\/wp-json\/wp\/v2\/posts"}],"about":[{"href":"https:\/\/linitiative.ca\/International\/wp-json\/wp\/v2\/types\/post"}],"author":[{"embeddable":true,"href":"https:\/\/linitiative.ca\/International\/wp-json\/wp\/v2\/users\/1763"}],"replies":[{"embeddable":true,"href":"https:\/\/linitiative.ca\/International\/wp-json\/wp\/v2\/comments?post=70387"}],"version-history":[{"count":0,"href":"https:\/\/linitiative.ca\/International\/wp-json\/wp\/v2\/posts\/70387\/revisions"}],"wp:featuredmedia":[{"embeddable":true,"href":"https:\/\/linitiative.ca\/International\/wp-json\/"}],"wp:attachment":[{"href":"https:\/\/linitiative.ca\/International\/wp-json\/wp\/v2\/media?parent=70387"}],"wp:term":[{"taxonomy":"category","embeddable":true,"href":"https:\/\/linitiative.ca\/International\/wp-json\/wp\/v2\/categories?post=70387"},{"taxonomy":"post_tag","embeddable":true,"href":"https:\/\/linitiative.ca\/International\/wp-json\/wp\/v2\/tags?post=70387"}],"curies":[{"name":"wp","href":"https:\/\/api.w.org\/{rel}","templated":true}]}}