{"id":70389,"date":"2019-12-16T06:15:00","date_gmt":"2019-12-16T11:15:00","guid":{"rendered":"https:\/\/linitiative.ca\/International\/un-ex-patron-du-fmi-charge-la-bce\/"},"modified":"2019-12-16T06:15:00","modified_gmt":"2019-12-16T11:15:00","slug":"un-ex-patron-du-fmi-charge-la-bce","status":"publish","type":"post","link":"https:\/\/linitiative.ca\/International\/un-ex-patron-du-fmi-charge-la-bce\/","title":{"rendered":"Un ex-patron du FMI charge la BCE"},"content":{"rendered":"<div class=\"dnd-atom-wrapper type-image context-sdl_editor_representation atom-align-right\" contenteditable=\"false\" readability=\"32\">\n<div class=\"dnd-drop-wrapper image\"><img loading=\"lazy\" decoding=\"async\" typeof=\"foaf:Image\" class=\"img-responsive\" src=\"https:\/\/www.leconomiste.com\/sites\/default\/files\/eco7\/public\/thumbnails\/image\/jacques-de-larosiere-054.jpg\" width=\"340\" height=\"337\" alt=\"jacques-de-larosiere-054.jpg\" title=\"jacques-de-larosiere-054.jpg\"\/><\/div>\n<div class=\"dnd-legend-wrapper\" contenteditable=\"true\" readability=\"9\">\n<p class=\"rtejustify\">Jacques de Larosi\u00e8re, ancien gouverneur de la Banque de France et ex-directeur g\u00e9n\u00e9ral du FMI <em>(Ph. J.L.)<\/em><\/p>\n<\/div>\n<\/div>\n<p class=\"rtejustify\">La nouvelle pr\u00e9sidente de la BCE, Christine Lagarde a pr\u00e9sid\u00e9 jeudi 12 d\u00e9cembre, sa premi\u00e8re r\u00e9union de politique mon\u00e9taire. Les march\u00e9s sont persuad\u00e9s qu&rsquo;il n&rsquo;y aura pas d&rsquo;inflexion par rapport \u00e0 la politique ultra accommodante men\u00e9e par son pr\u00e9d\u00e9cesseur, Mario Draghi.<\/p>\n<p class=\"rtejustify\">Les critiques sur la faible efficacit\u00e9 des d\u00e9cisions de la BCE sont nombreuses. \u00abIl est devenu clair que la politique mon\u00e9taire ultra accommodante de la BCE est dans une impasse\u00bb, estime Jacques de Larosi\u00e8re, ancien gouverneur de la Banque de France et ex-directeur g\u00e9n\u00e9ral du FMI, chez nos confr\u00e8res Les Echos.<\/p>\n<p class=\"rtejustify\">L&rsquo;environnement de taux bas induit par la politique de la BCE n&rsquo;a pas encourag\u00e9 l&rsquo;investissement productif mais a accentu\u00e9 la fragilit\u00e9 du syst\u00e8me financier: formation de bulles d&rsquo;actifs, d\u00e9t\u00e9rioration de la qualit\u00e9 du cr\u00e9dit, \u00e9crasement des primes de risque, affaiblissement du syst\u00e8me bancaire et de la situation financi\u00e8re des compagnies d&rsquo;assurance-vie&#8230; Pour l&rsquo;ex-dirigeant du FMI, la poursuite d&rsquo;un objectif d&rsquo;inflation \u00e0 2% est d&rsquo;abord inatteignable pour des raisons structurelles.<\/p>\n<p class=\"rtejustify\">Ensuite, les banques centrales ancrent dans les esprits l&rsquo;id\u00e9e que les taux vont rester durablement bas. Cela bloque toute initiative. La d\u00e9t\u00e9rioration rapide de l&rsquo;environnement financier dont nous sommes t\u00e9moins ne peut plus durer tr\u00e8s longtemps et quand la crise arrivera, il n&rsquo;y aura plus de marge de man\u0153uvre mon\u00e9taire, avertit Jacques de Larosi\u00e8re. A elle seule, la politique mon\u00e9taire est insuffisante pour relancer l&rsquo;\u00e9conomie, clament les banques centrales.<\/p>\n<p class=\"rtejustify\">\u00abLes banques centrales ont \u00e9t\u00e9 trop mises \u00e0 contribution et leur ind\u00e9pendance souffre du r\u00f4le fiscal qu&rsquo;elles ont \u00e9t\u00e9 amen\u00e9es \u00e0 jouer indirectement\u00bb. Pour agir, il faut commencer par d\u00e9sacraliser la cible d&rsquo;inflation de 2% et pr\u00e9parer de nouvelles r\u00e8gles de jeu qui seraient mises en \u0153uvre graduellement et prudemment.<\/p>\n<p class=\"rtejustify\">En outre, il faut ouvrir une v\u00e9ritable discussion sur la coh\u00e9rence des taux de change, conseille de Larosi\u00e8re. L&rsquo;absence de toute forme de syst\u00e8me mon\u00e9taire international ne peut qu&rsquo;encourager les guerres commerciales et mon\u00e9taires, dit-il.<\/p>\n<p class=\"rtejustify\"><em>F. Fa<\/em><\/p>\n<p>Auteur: hlafriqi<br \/>\n<a href=\"https:\/\/www.leconomiste.com\/article\/1054459-un-ex-patron-du-fmi-charge-la-bce\">Cliquez ici pour lire l&rsquo;article depuis sa source.<\/a><\/p>\n","protected":false},"excerpt":{"rendered":"<p>Jacques de Larosi\u00e8re, ancien gouverneur de la Banque de France et ex-directeur g\u00e9n\u00e9ral du FMI (Ph. J.L.) La nouvelle pr\u00e9sidente de la BCE, Christine Lagarde a pr\u00e9sid\u00e9 jeudi 12 d\u00e9cembre, sa premi\u00e8re r\u00e9union de politique mon\u00e9taire. Les march\u00e9s sont persuad\u00e9s qu&rsquo;il n&rsquo;y aura pas d&rsquo;inflexion par rapport \u00e0 la politique ultra accommodante men\u00e9e par son [&hellip;]<\/p>\n","protected":false},"author":1763,"featured_media":70390,"comment_status":"closed","ping_status":"closed","sticky":false,"template":"","format":"standard","meta":{"fifu_image_url":"","fifu_image_alt":"","footnotes":""},"categories":[78,54],"tags":[],"class_list":["post-70389","post","type-post","status-publish","format-standard","has-post-thumbnail","hentry","category-economie","category-maroc"],"_links":{"self":[{"href":"https:\/\/linitiative.ca\/International\/wp-json\/wp\/v2\/posts\/70389","targetHints":{"allow":["GET"]}}],"collection":[{"href":"https:\/\/linitiative.ca\/International\/wp-json\/wp\/v2\/posts"}],"about":[{"href":"https:\/\/linitiative.ca\/International\/wp-json\/wp\/v2\/types\/post"}],"author":[{"embeddable":true,"href":"https:\/\/linitiative.ca\/International\/wp-json\/wp\/v2\/users\/1763"}],"replies":[{"embeddable":true,"href":"https:\/\/linitiative.ca\/International\/wp-json\/wp\/v2\/comments?post=70389"}],"version-history":[{"count":0,"href":"https:\/\/linitiative.ca\/International\/wp-json\/wp\/v2\/posts\/70389\/revisions"}],"wp:featuredmedia":[{"embeddable":true,"href":"https:\/\/linitiative.ca\/International\/wp-json\/"}],"wp:attachment":[{"href":"https:\/\/linitiative.ca\/International\/wp-json\/wp\/v2\/media?parent=70389"}],"wp:term":[{"taxonomy":"category","embeddable":true,"href":"https:\/\/linitiative.ca\/International\/wp-json\/wp\/v2\/categories?post=70389"},{"taxonomy":"post_tag","embeddable":true,"href":"https:\/\/linitiative.ca\/International\/wp-json\/wp\/v2\/tags?post=70389"}],"curies":[{"name":"wp","href":"https:\/\/api.w.org\/{rel}","templated":true}]}}